{"id":6372,"date":"2021-10-30T17:53:51","date_gmt":"2021-10-30T15:53:51","guid":{"rendered":"https:\/\/agora.xtec.cat\/escgaspardeportola\/?p=6372"},"modified":"2021-10-30T17:53:51","modified_gmt":"2021-10-30T15:53:51","slug":"tarda-de-super-castanyada","status":"publish","type":"post","link":"https:\/\/agora.xtec.cat\/escgaspardeportola\/portada\/tarda-de-super-castanyada\/","title":{"rendered":"Tarda de super castanyada!"},"content":{"rendered":"<p><span style=\"font-weight: 400;\">Estem molt contents d\u2019haver pogut celebrar la castanyada tots junts a l\u2019escola.\u00a0<\/span><\/p>\n<p>Durant la setmana hem gaudit d&#8217;una magn\u00edfica exposici\u00f3 de carabasses a conseq\u00fc\u00e8ncia del gran concurs que van organitzar les\u00a0<span class=\"hiddenSpellError\">teachers<\/span>\u00a0i de la gran participaci\u00f3 de la gran majoria de fam\u00edlies.<\/p>\n<p>La tarda del divendres hem demostrat una vegada m\u00e9s la gran import\u00e0ncia de col\u00b7laborar tots plegats. L&#8217;AFA ens va comen\u00e7ar a coure unes castanyes\u00a0bon\u00edssimes!!<\/p>\n<p>Mentrestant amb la visita de l&#8217;esperada castanyera, hem cantat i ballat les can\u00e7ons que el\u00a0<span class=\"hiddenSpellError\">Ruben<\/span>\u00a0i el\u00a0<span class=\"hiddenSpellError\">Ricart<\/span>\u00a0ens han tocat i cantat. Moltes gr\u00e0cies,\u00a0trob\u00e0vem\u00a0a faltar moments com aquests al centre.<\/p>\n<p>El moment m\u00e9s emocionat, ha estat l&#8217;entrega de premis de les carabasses que l&#8217;AFA ha subvencionat. Sabeu que el jurat ho va tenir molt dif\u00edcil, per aquest motiu tots els participants heu tingut un petit detall de participaci\u00f3.<\/p>\n<p>A l&#8217;escola, per\u00f2, faltava part dels m\u00e9s petits de prim\u00e0ria, tot i un petit problema t\u00e8cnic del principi, ho van poder gaudir des de casa a trav\u00e9s del canal de\u00a0<span class=\"hiddenSpellError\">youtube<\/span>\u00a0&#8220;Gaspar en directe&#8221;.<\/p>\n<p>La festa, no obstant no va finalitzar amb el tast de les castanyes de l&#8217;AFA. Va ser un goig poder veure totes les fam\u00edlies dins del pati de l&#8217;escola assaborint la xocolata que els de cicle superior ens van vendre dins del projecte d&#8217;emprenedoria. Agrair a les fam\u00edlies que vau venir a preparar la xocolata!<\/p>\n<p>Gr\u00e0cies a tota la comunitat per la participaci\u00f3.<\/p>\n<p>Feu clic a la seg\u00fcent imatge per a veure m\u00e9s fotografies<\/p>\n<p><a href=\"https:\/\/photos.app.goo.gl\/Zx2hp1L4shVnefr39\"><img loading=\"lazy\" decoding=\"async\" class=\"alignnone \" src=\"https:\/\/lh3.googleusercontent.com\/pw\/AM-JKLXubbgJIhG-GBxs-gqPYf_iiQZHSeK6UR8YFla2TA0oGAuke7c_hez_cMboVf30zeVOgaucgpVqWpaKdQ3VTuvH6qcGi4aXFwkggPUkH_YudRX0ozS3C9FBRHw7kSPkxtNybOd_08o46Dvm9hn_TfPQ=w998-h748-no?authuser=2\" width=\"658\" height=\"493\" \/><\/a><\/p>\n","protected":false},"excerpt":{"rendered":"<p>Estem molt contents d\u2019haver pogut celebrar la castanyada tots junts a l\u2019escola.\u00a0 Durant la setmana hem gaudit d&#8217;una magn\u00edfica exposici\u00f3 de carabasses a conseq\u00fc\u00e8ncia del gran concurs que van organitzar les\u00a0teachers\u00a0i de la gran participaci\u00f3 de la gran majoria de fam\u00edlies. La tarda del divendres hem demostrat una vegada m\u00e9s la gran import\u00e0ncia de col\u00b7laborar [&hellip;]<\/p>\n","protected":false},"author":1,"featured_media":0,"comment_status":"closed","ping_status":"closed","sticky":false,"template":"","format":"standard","meta":{"_bbp_topic_count":0,"_bbp_reply_count":0,"_bbp_total_topic_count":0,"_bbp_total_reply_count":0,"_bbp_voice_count":0,"_bbp_anonymous_reply_count":0,"_bbp_topic_count_hidden":0,"_bbp_reply_count_hidden":0,"_bbp_forum_subforum_count":0,"site-sidebar-layout":"default","site-content-layout":"","ast-site-content-layout":"","site-content-style":"default","site-sidebar-style":"default","ast-global-header-display":"","ast-banner-title-visibility":"","ast-main-header-display":"","ast-hfb-above-header-display":"","ast-hfb-below-header-display":"","ast-hfb-mobile-header-display":"","site-post-title":"","ast-breadcrumbs-content":"","ast-featured-img":"","footer-sml-layout":"","theme-transparent-header-meta":"","adv-header-id-meta":"","stick-header-meta":"","header-above-stick-meta":"","header-main-stick-meta":"","header-below-stick-meta":"","astra-migrate-meta-layouts":"default","ast-page-background-enabled":"default","ast-page-background-meta":{"desktop":{"background-color":"var(--ast-global-color-4)","background-image":"","background-repeat":"repeat","background-position":"center center","background-size":"auto","background-attachment":"scroll","background-type":"","background-media":"","overlay-type":"","overlay-color":"","overlay-opacity":"","overlay-gradient":""},"tablet":{"background-color":"","background-image":"","background-repeat":"repeat","background-position":"center center","background-size":"auto","background-attachment":"scroll","background-type":"","background-media":"","overlay-type":"","overlay-color":"","overlay-opacity":"","overlay-gradient":""},"mobile":{"background-color":"","background-image":"","background-repeat":"repeat","background-position":"center center","background-size":"auto","background-attachment":"scroll","background-type":"","background-media":"","overlay-type":"","overlay-color":"","overlay-opacity":"","overlay-gradient":""}},"ast-content-background-meta":{"desktop":{"background-color":"var(--ast-global-color-5)","background-image":"","background-repeat":"repeat","background-position":"center center","background-size":"auto","background-attachment":"scroll","background-type":"","background-media":"","overlay-type":"","overlay-color":"","overlay-opacity":"","overlay-gradient":""},"tablet":{"background-color":"var(--ast-global-color-5)","background-image":"","background-repeat":"repeat","background-position":"center center","background-size":"auto","background-attachment":"scroll","background-type":"","background-media":"","overlay-type":"","overlay-color":"","overlay-opacity":"","overlay-gradient":""},"mobile":{"background-color":"var(--ast-global-color-5)","background-image":"","background-repeat":"repeat","background-position":"center center","background-size":"auto","background-attachment":"scroll","background-type":"","background-media":"","overlay-type":"","overlay-color":"","overlay-opacity":"","overlay-gradient":""}},"footnotes":""},"categories":[266,4],"tags":[],"class_list":["post-6372","post","type-post","status-publish","format-standard","hentry","category-afa","category-portada"],"post_mailing_queue_ids":[],"_links":{"self":[{"href":"https:\/\/agora.xtec.cat\/escgaspardeportola\/wp-json\/wp\/v2\/posts\/6372","targetHints":{"allow":["GET"]}}],"collection":[{"href":"https:\/\/agora.xtec.cat\/escgaspardeportola\/wp-json\/wp\/v2\/posts"}],"about":[{"href":"https:\/\/agora.xtec.cat\/escgaspardeportola\/wp-json\/wp\/v2\/types\/post"}],"author":[{"embeddable":true,"href":"https:\/\/agora.xtec.cat\/escgaspardeportola\/wp-json\/wp\/v2\/users\/1"}],"replies":[{"embeddable":true,"href":"https:\/\/agora.xtec.cat\/escgaspardeportola\/wp-json\/wp\/v2\/comments?post=6372"}],"version-history":[{"count":1,"href":"https:\/\/agora.xtec.cat\/escgaspardeportola\/wp-json\/wp\/v2\/posts\/6372\/revisions"}],"predecessor-version":[{"id":6373,"href":"https:\/\/agora.xtec.cat\/escgaspardeportola\/wp-json\/wp\/v2\/posts\/6372\/revisions\/6373"}],"wp:attachment":[{"href":"https:\/\/agora.xtec.cat\/escgaspardeportola\/wp-json\/wp\/v2\/media?parent=6372"}],"wp:term":[{"taxonomy":"category","embeddable":true,"href":"https:\/\/agora.xtec.cat\/escgaspardeportola\/wp-json\/wp\/v2\/categories?post=6372"},{"taxonomy":"post_tag","embeddable":true,"href":"https:\/\/agora.xtec.cat\/escgaspardeportola\/wp-json\/wp\/v2\/tags?post=6372"}],"curies":[{"name":"wp","href":"https:\/\/api.w.org\/{rel}","templated":true}]}}