{"id":6366,"date":"2021-10-29T23:03:45","date_gmt":"2021-10-29T21:03:45","guid":{"rendered":"https:\/\/agora.xtec.cat\/escgaspardeportola\/?p=6366"},"modified":"2021-10-29T23:08:21","modified_gmt":"2021-10-29T21:08:21","slug":"sortida-de-tardor-a-les-franqueses","status":"publish","type":"post","link":"https:\/\/agora.xtec.cat\/escgaspardeportola\/educacioinfantil\/sortida-de-tardor-a-les-franqueses\/","title":{"rendered":"SORTIDA DE TARDOR A LES FRANQUESES"},"content":{"rendered":"<p>Els alumnes d&#8217;educaci\u00f3 infantil, el dijous 28 vam fer una <span style=\"color: #993300;\">SORTIDA de TARDOR<\/span> a les <span style=\"color: #339966;\">FRANQUESES<\/span>. Vam anar arribant, primer els de P5, despr\u00e9s els de P3 i per \u00faltim els de P4. Vam esmorzar plegats\u00a0 i vam comen\u00e7ar a descobrir aquest ENTORN tan proper i preci\u00f3s que tenim cada grupet per un cam\u00ed diferent. Ens anavem sentit i veient, anavem recollint all\u00f2 que m\u00e9s ens agradava pel cam\u00ed: branques, fulles seques, nous, panis, &#8230; Vam omplir una bona bossa i vam fer una petita composici\u00f3 amb aquests elements. Aviat la portarem a casa i la podreu veure.<\/p>\n<p style=\"text-align: center;\">Uns deixem un recull de fotografies d&#8217;aquell dia de tots els companys de<a href=\"https:\/\/photos.google.com\/share\/AF1QipPJRyrw9pYjlgPYQrWpLg5Xw_HMnQckVZ0Wk19EoTsONpFEmseEMXiUBxD4HBKzJQ?key=WWN6Z2VLYzB4OWc1SEpLTnJNeVZyV2VZSmtMMi13\"> P3<\/a>, <a href=\"https:\/\/photos.google.com\/share\/AF1QipP27FkgDxDFoDcskSi3ddRMzGV5H1tz8wee3Uddp-Au_RCHoJ1ojPs9DIYk-u1cDw?key=NEpsUWI4Z01Ca08taU5GTWtzVjVqSFNrU0NNYkRB\">P4<\/a> i <a href=\"https:\/\/photos.google.com\/share\/AF1QipNJzQF7bFOBcE9LJdt__vx7hGW5oWJ2ydYw374w4LBcN7HL0NWhRBSVT5JeoFMaSg?key=ekZWUFd4QXpWMFNCS1NxTG9uRlVYdXJwZ254VlZB\">P5<\/a>.<\/p>\n","protected":false},"excerpt":{"rendered":"<p>Els alumnes d&#8217;educaci\u00f3 infantil, el dijous 28 vam fer una SORTIDA de TARDOR a les FRANQUESES. Vam anar arribant, primer els de P5, despr\u00e9s els de P3 i per \u00faltim els de P4. Vam esmorzar plegats\u00a0 i vam comen\u00e7ar a descobrir aquest ENTORN tan proper i preci\u00f3s que tenim cada grupet per un cam\u00ed diferent. [&hellip;]<\/p>\n","protected":false},"author":1,"featured_media":0,"comment_status":"closed","ping_status":"closed","sticky":false,"template":"","format":"standard","meta":{"_bbp_topic_count":0,"_bbp_reply_count":0,"_bbp_total_topic_count":0,"_bbp_total_reply_count":0,"_bbp_voice_count":0,"_bbp_anonymous_reply_count":0,"_bbp_topic_count_hidden":0,"_bbp_reply_count_hidden":0,"_bbp_forum_subforum_count":0,"site-sidebar-layout":"default","site-content-layout":"","ast-site-content-layout":"","site-content-style":"default","site-sidebar-style":"default","ast-global-header-display":"","ast-banner-title-visibility":"","ast-main-header-display":"","ast-hfb-above-header-display":"","ast-hfb-below-header-display":"","ast-hfb-mobile-header-display":"","site-post-title":"","ast-breadcrumbs-content":"","ast-featured-img":"","footer-sml-layout":"","theme-transparent-header-meta":"","adv-header-id-meta":"","stick-header-meta":"","header-above-stick-meta":"","header-main-stick-meta":"","header-below-stick-meta":"","astra-migrate-meta-layouts":"default","ast-page-background-enabled":"default","ast-page-background-meta":{"desktop":{"background-color":"var(--ast-global-color-4)","background-image":"","background-repeat":"repeat","background-position":"center center","background-size":"auto","background-attachment":"scroll","background-type":"","background-media":"","overlay-type":"","overlay-color":"","overlay-opacity":"","overlay-gradient":""},"tablet":{"background-color":"","background-image":"","background-repeat":"repeat","background-position":"center center","background-size":"auto","background-attachment":"scroll","background-type":"","background-media":"","overlay-type":"","overlay-color":"","overlay-opacity":"","overlay-gradient":""},"mobile":{"background-color":"","background-image":"","background-repeat":"repeat","background-position":"center center","background-size":"auto","background-attachment":"scroll","background-type":"","background-media":"","overlay-type":"","overlay-color":"","overlay-opacity":"","overlay-gradient":""}},"ast-content-background-meta":{"desktop":{"background-color":"var(--ast-global-color-5)","background-image":"","background-repeat":"repeat","background-position":"center center","background-size":"auto","background-attachment":"scroll","background-type":"","background-media":"","overlay-type":"","overlay-color":"","overlay-opacity":"","overlay-gradient":""},"tablet":{"background-color":"var(--ast-global-color-5)","background-image":"","background-repeat":"repeat","background-position":"center center","background-size":"auto","background-attachment":"scroll","background-type":"","background-media":"","overlay-type":"","overlay-color":"","overlay-opacity":"","overlay-gradient":""},"mobile":{"background-color":"var(--ast-global-color-5)","background-image":"","background-repeat":"repeat","background-position":"center center","background-size":"auto","background-attachment":"scroll","background-type":"","background-media":"","overlay-type":"","overlay-color":"","overlay-opacity":"","overlay-gradient":""}},"footnotes":""},"categories":[64],"tags":[],"class_list":["post-6366","post","type-post","status-publish","format-standard","hentry","category-educacioinfantil"],"post_mailing_queue_ids":[],"_links":{"self":[{"href":"https:\/\/agora.xtec.cat\/escgaspardeportola\/wp-json\/wp\/v2\/posts\/6366","targetHints":{"allow":["GET"]}}],"collection":[{"href":"https:\/\/agora.xtec.cat\/escgaspardeportola\/wp-json\/wp\/v2\/posts"}],"about":[{"href":"https:\/\/agora.xtec.cat\/escgaspardeportola\/wp-json\/wp\/v2\/types\/post"}],"author":[{"embeddable":true,"href":"https:\/\/agora.xtec.cat\/escgaspardeportola\/wp-json\/wp\/v2\/users\/1"}],"replies":[{"embeddable":true,"href":"https:\/\/agora.xtec.cat\/escgaspardeportola\/wp-json\/wp\/v2\/comments?post=6366"}],"version-history":[{"count":3,"href":"https:\/\/agora.xtec.cat\/escgaspardeportola\/wp-json\/wp\/v2\/posts\/6366\/revisions"}],"predecessor-version":[{"id":6371,"href":"https:\/\/agora.xtec.cat\/escgaspardeportola\/wp-json\/wp\/v2\/posts\/6366\/revisions\/6371"}],"wp:attachment":[{"href":"https:\/\/agora.xtec.cat\/escgaspardeportola\/wp-json\/wp\/v2\/media?parent=6366"}],"wp:term":[{"taxonomy":"category","embeddable":true,"href":"https:\/\/agora.xtec.cat\/escgaspardeportola\/wp-json\/wp\/v2\/categories?post=6366"},{"taxonomy":"post_tag","embeddable":true,"href":"https:\/\/agora.xtec.cat\/escgaspardeportola\/wp-json\/wp\/v2\/tags?post=6366"}],"curies":[{"name":"wp","href":"https:\/\/api.w.org\/{rel}","templated":true}]}}