{"id":6361,"date":"2021-10-29T22:57:48","date_gmt":"2021-10-29T20:57:48","guid":{"rendered":"https:\/\/agora.xtec.cat\/escgaspardeportola\/?p=6361"},"modified":"2021-10-29T23:00:50","modified_gmt":"2021-10-29T21:00:50","slug":"a-educacio-infantil-hem-fet-panellets","status":"publish","type":"post","link":"https:\/\/agora.xtec.cat\/escgaspardeportola\/educacioinfantil\/a-educacio-infantil-hem-fet-panellets\/","title":{"rendered":"A EDUCACI\u00d3 INFANTIL HEM FET PANELLETS!"},"content":{"rendered":"<p>Aquesta setmana hem estat molt enfeinats preparant la <span style=\"color: #800000;\">CASTANYADA.<\/span><\/p>\n<p>El dimarts els de P4 i el dimecres els de P4 i P5 hem fet <span style=\"color: #993300;\">PANELLETS<\/span>. Amb el nostre <span style=\"color: #0000ff;\">DAVANTAL,<\/span> les mans ben netes i la <span style=\"color: #008000;\">MASCARETA<\/span> ens hem posat a treballar. Ens ho hem passat tant b\u00e9!. Despr\u00e9s hem anat a la cuina i la MIRACLE i la CARME ens els han cuit. Moltes gr\u00e0cies a les dos!!!<\/p>\n<p style=\"text-align: center;\">Aqu\u00cd ens podeu veure\u00a0 als de<a href=\"https:\/\/photos.google.com\/share\/AF1QipMMWFJHONAbcOfwPoRXtTo1zOVDXHlBGOPBt6ZsQ_f4-OKBdsGMZf1MqO2tLwaKzg?key=NXMwTWx6YXNFM0ctaXl6WE1ka0NJMTF2WTBWTG5n\"> P3<\/a>, als de <a href=\"https:\/\/photos.google.com\/share\/AF1QipMBMlTPdy4pFIHJPaZWIhHR8LLthlH-J9fCklrJCjJuQG4o85Q4_DFk49QmQQLgCw?key=bjhqZzRCVjFuZGRXX21sM1QxcHJWWFR1V0w2THVn\">P4<\/a> i als de<a href=\"https:\/\/photos.google.com\/share\/AF1QipMfuCy4DauliuHYwgtR-fNuIkuBRscbII9qKDgUholi8GEM1JJOSOW7BBky1VBsNg?key=ZW5SS2hyZkdETlcyeWhOeHV2cExuNGxiS3ZUVmhR\"> P5<\/a>.<\/p>\n<p style=\"text-align: center;\"><span style=\"color: #000000;\">BONA CASTANYADA<\/span> !<\/p>\n","protected":false},"excerpt":{"rendered":"<p>Aquesta setmana hem estat molt enfeinats preparant la CASTANYADA. El dimarts els de P4 i el dimecres els de P4 i P5 hem fet PANELLETS. Amb el nostre DAVANTAL, les mans ben netes i la MASCARETA ens hem posat a treballar. Ens ho hem passat tant b\u00e9!. Despr\u00e9s hem anat a la cuina i la [&hellip;]<\/p>\n","protected":false},"author":1,"featured_media":0,"comment_status":"closed","ping_status":"closed","sticky":false,"template":"","format":"standard","meta":{"_bbp_topic_count":0,"_bbp_reply_count":0,"_bbp_total_topic_count":0,"_bbp_total_reply_count":0,"_bbp_voice_count":0,"_bbp_anonymous_reply_count":0,"_bbp_topic_count_hidden":0,"_bbp_reply_count_hidden":0,"_bbp_forum_subforum_count":0,"site-sidebar-layout":"default","site-content-layout":"","ast-site-content-layout":"","site-content-style":"default","site-sidebar-style":"default","ast-global-header-display":"","ast-banner-title-visibility":"","ast-main-header-display":"","ast-hfb-above-header-display":"","ast-hfb-below-header-display":"","ast-hfb-mobile-header-display":"","site-post-title":"","ast-breadcrumbs-content":"","ast-featured-img":"","footer-sml-layout":"","theme-transparent-header-meta":"","adv-header-id-meta":"","stick-header-meta":"","header-above-stick-meta":"","header-main-stick-meta":"","header-below-stick-meta":"","astra-migrate-meta-layouts":"default","ast-page-background-enabled":"default","ast-page-background-meta":{"desktop":{"background-color":"var(--ast-global-color-4)","background-image":"","background-repeat":"repeat","background-position":"center center","background-size":"auto","background-attachment":"scroll","background-type":"","background-media":"","overlay-type":"","overlay-color":"","overlay-opacity":"","overlay-gradient":""},"tablet":{"background-color":"","background-image":"","background-repeat":"repeat","background-position":"center center","background-size":"auto","background-attachment":"scroll","background-type":"","background-media":"","overlay-type":"","overlay-color":"","overlay-opacity":"","overlay-gradient":""},"mobile":{"background-color":"","background-image":"","background-repeat":"repeat","background-position":"center center","background-size":"auto","background-attachment":"scroll","background-type":"","background-media":"","overlay-type":"","overlay-color":"","overlay-opacity":"","overlay-gradient":""}},"ast-content-background-meta":{"desktop":{"background-color":"var(--ast-global-color-5)","background-image":"","background-repeat":"repeat","background-position":"center center","background-size":"auto","background-attachment":"scroll","background-type":"","background-media":"","overlay-type":"","overlay-color":"","overlay-opacity":"","overlay-gradient":""},"tablet":{"background-color":"var(--ast-global-color-5)","background-image":"","background-repeat":"repeat","background-position":"center center","background-size":"auto","background-attachment":"scroll","background-type":"","background-media":"","overlay-type":"","overlay-color":"","overlay-opacity":"","overlay-gradient":""},"mobile":{"background-color":"var(--ast-global-color-5)","background-image":"","background-repeat":"repeat","background-position":"center center","background-size":"auto","background-attachment":"scroll","background-type":"","background-media":"","overlay-type":"","overlay-color":"","overlay-opacity":"","overlay-gradient":""}},"footnotes":""},"categories":[64],"tags":[],"class_list":["post-6361","post","type-post","status-publish","format-standard","hentry","category-educacioinfantil"],"post_mailing_queue_ids":[],"_links":{"self":[{"href":"https:\/\/agora.xtec.cat\/escgaspardeportola\/wp-json\/wp\/v2\/posts\/6361","targetHints":{"allow":["GET"]}}],"collection":[{"href":"https:\/\/agora.xtec.cat\/escgaspardeportola\/wp-json\/wp\/v2\/posts"}],"about":[{"href":"https:\/\/agora.xtec.cat\/escgaspardeportola\/wp-json\/wp\/v2\/types\/post"}],"author":[{"embeddable":true,"href":"https:\/\/agora.xtec.cat\/escgaspardeportola\/wp-json\/wp\/v2\/users\/1"}],"replies":[{"embeddable":true,"href":"https:\/\/agora.xtec.cat\/escgaspardeportola\/wp-json\/wp\/v2\/comments?post=6361"}],"version-history":[{"count":3,"href":"https:\/\/agora.xtec.cat\/escgaspardeportola\/wp-json\/wp\/v2\/posts\/6361\/revisions"}],"predecessor-version":[{"id":6368,"href":"https:\/\/agora.xtec.cat\/escgaspardeportola\/wp-json\/wp\/v2\/posts\/6361\/revisions\/6368"}],"wp:attachment":[{"href":"https:\/\/agora.xtec.cat\/escgaspardeportola\/wp-json\/wp\/v2\/media?parent=6361"}],"wp:term":[{"taxonomy":"category","embeddable":true,"href":"https:\/\/agora.xtec.cat\/escgaspardeportola\/wp-json\/wp\/v2\/categories?post=6361"},{"taxonomy":"post_tag","embeddable":true,"href":"https:\/\/agora.xtec.cat\/escgaspardeportola\/wp-json\/wp\/v2\/tags?post=6361"}],"curies":[{"name":"wp","href":"https:\/\/api.w.org\/{rel}","templated":true}]}}