{"id":6330,"date":"2021-11-01T13:51:26","date_gmt":"2021-11-01T12:51:26","guid":{"rendered":"https:\/\/agora.xtec.cat\/escgaspardeportola\/?p=6330"},"modified":"2021-11-01T13:51:26","modified_gmt":"2021-11-01T12:51:26","slug":"som-escola-sisme","status":"publish","type":"post","link":"https:\/\/agora.xtec.cat\/escgaspardeportola\/general\/som-escola-sisme\/","title":{"rendered":"SOM ESCOLA SISME!!!"},"content":{"rendered":"<p lang=\"es-ES\"><span style=\"font-family: Times New Roman, serif;\"><span style=\"font-size: medium;\"><span style=\"color: #000000;\"><span style=\"font-family: Calibri, sans-serif;\"><span lang=\"ca-ES\">Benvolgud<\/span><\/span><\/span><span style=\"color: #000000;\"><span style=\"font-family: Calibri, sans-serif;\"><span lang=\"ca-ES\">a comunitat educativa<\/span><\/span><\/span><span style=\"color: #222222;\"><span style=\"font-family: Calibri, sans-serif;\"><span lang=\"ca-ES\">,<\/span><\/span><\/span><\/span><\/span><\/p>\n<p lang=\"es-ES\" align=\"justify\"><span style=\"font-family: Times New Roman, serif;\"><span style=\"font-size: medium;\"><span style=\"color: #222222;\"><span style=\"font-family: Calibri, sans-serif;\"><span lang=\"ca-ES\">El <\/span><\/span><\/span><span style=\"color: #222222;\"><span style=\"font-family: Calibri, sans-serif;\"><span lang=\"ca-ES\">nostre<\/span><\/span><\/span><span style=\"color: #222222;\"><span style=\"font-family: Calibri, sans-serif;\"><span lang=\"ca-ES\"> centre educatiu <\/span><\/span><\/span><span style=\"color: #222222;\"><span style=\"font-family: Calibri, sans-serif;\"><span lang=\"ca-ES\"><b>ha e<\/b><\/span><\/span><\/span><span style=\"color: #000000;\"><span style=\"font-family: Calibri, sans-serif;\"><span lang=\"ca-ES\"><b>stat selecciona<\/b><\/span><\/span><\/span><span style=\"color: #222222;\"><span style=\"font-family: Calibri, sans-serif;\"><span lang=\"ca-ES\"><b>t<\/b><\/span><\/span><\/span><span style=\"color: #000000;\"><span style=\"font-family: Calibri, sans-serif;\"><span lang=\"ca-ES\"><b> per participar a SISME<\/b><\/span><\/span><\/span><span style=\"color: #000000;\"><span style=\"font-family: Calibri, sans-serif;\"><span lang=\"ca-ES\"><span style=\"color: #000000; font-family: Calibri, sans-serif;\">, un projecte de <\/span><\/span><\/span><\/span><span style=\"color: #000000;\"><span style=\"font-family: Calibri, sans-serif;\"><span lang=\"ca-ES\">la <\/span><\/span><\/span><span style=\"color: #0000ff;\"><u><a href=\"https:\/\/www.gasolfoundation.org\/es\/\" target=\"_blank\" rel=\"noopener\"><span style=\"color: #1155cc;\"><span style=\"font-family: Calibri, sans-serif;\"><span lang=\"ca-ES\">Gasol Foundation<\/span><\/span><\/span><\/a><\/u><\/span><span style=\"color: #000000;\"><span style=\"font-family: Calibri, sans-serif;\"><span lang=\"ca-ES\">, entitat fundada pels germans Pau i Marc Gasol<\/span><\/span><\/span><span style=\"color: #222222;\"><span style=\"font-family: Calibri, sans-serif;\"><span lang=\"ca-ES\">. Aquest projecte neix per donar resposta a la creixent<\/span><\/span><\/span><span style=\"color: #000000;\"><span style=\"font-family: Calibri, sans-serif;\"><span lang=\"ca-ES\"> inquietu<\/span><\/span><\/span><span style=\"color: #000000;\"><span style=\"font-family: Calibri, sans-serif;\"><span lang=\"ca-ES\">d<\/span><\/span><\/span><span style=\"color: #000000;\"><span style=\"font-family: Calibri, sans-serif;\"><span lang=\"ca-ES\"> de moltes escoles de Catalunya en <\/span><\/span><\/span><span style=\"color: #222222;\"><span style=\"font-family: Calibri, sans-serif;\"><span lang=\"ca-ES\">mat\u00e8ria de<\/span><\/span><\/span> <span style=\"color: #000000;\"><span style=\"font-family: Calibri, sans-serif;\"><span lang=\"ca-ES\"><b>promoci\u00f3 d&#8217;h\u00e0bits saludables<\/b><\/span><\/span><\/span><span style=\"color: #222222;\"><span style=\"font-family: Calibri, sans-serif;\"><span lang=\"ca-ES\"><b>, accentuada <\/b><\/span><\/span><\/span><span style=\"color: #222222;\"><span style=\"font-family: Calibri, sans-serif;\"><span lang=\"ca-ES\">actualment <\/span><\/span><\/span><span style=\"color: #222222;\"><span style=\"font-family: Calibri, sans-serif;\"><span lang=\"ca-ES\"><b>per la COVID-19<\/b><\/span><\/span><\/span><span style=\"color: #000000;\"><span style=\"font-family: Calibri, sans-serif;\"><span lang=\"ca-ES\">. Per aquest motiu, el <\/span><\/span><\/span><span style=\"color: #000000;\"><span style=\"font-family: Calibri, sans-serif;\"><span lang=\"ca-ES\">pr<\/span><\/span><\/span><span style=\"color: #000000;\"><span style=\"font-family: Calibri, sans-serif;\"><span lang=\"ca-ES\">esident<\/span><\/span><\/span><span style=\"color: #000000;\"><span style=\"font-family: Calibri, sans-serif;\"><span lang=\"ca-ES\"><b> Pau Gasol us <\/b><\/span><\/span><\/span><span style=\"color: #222222;\"><span style=\"font-family: Calibri, sans-serif;\"><span lang=\"ca-ES\"><b>convida <\/b><\/span><\/span><\/span><span style=\"color: #000000;\"><span style=\"font-family: Calibri, sans-serif;\"><span lang=\"ca-ES\"><b>a participar i a unir forces per combatre l&#8217;epid\u00e8mia silenciosa de l\u2019obesitat infantil<\/b><\/span><\/span><\/span><b style=\"font-family: 'Times New Roman', serif;\"> <\/b><span style=\"color: #222222;\"><span style=\"font-family: Calibri, sans-serif;\"><span lang=\"ca-ES\">en el <\/span><\/span><\/span><span style=\"color: #222222;\"><span style=\"font-family: Calibri, sans-serif;\"><span lang=\"ca-ES\">n<\/span><\/span><\/span><span style=\"color: #222222;\"><span style=\"font-family: Calibri, sans-serif;\"><span lang=\"ca-ES\">ostre entorn<\/span><\/span><\/span><span style=\"color: #000000;\"><span style=\"font-family: Calibri, sans-serif;\"><span lang=\"ca-ES\">:<\/span><\/span><\/span><\/span><\/span><\/p>\n<p lang=\"es-ES\" align=\"justify\"><a href=\"https:\/\/www.youtube.com\/watch?v=cgpH7OnuyYo\"><img loading=\"lazy\" decoding=\"async\" class=\"aligncenter wp-image-6335 size-medium\" src=\"https:\/\/agora.xtec.cat\/escgaspardeportola\/wp-content\/uploads\/usu555\/2021\/10\/gasol-300x188.jpg\" alt=\"\" width=\"300\" height=\"188\" srcset=\"https:\/\/agora.xtec.cat\/escgaspardeportola\/wp-content\/uploads\/usu555\/2021\/10\/gasol-300x188.jpg 300w, https:\/\/agora.xtec.cat\/escgaspardeportola\/wp-content\/uploads\/usu555\/2021\/10\/gasol-1024x640.jpg 1024w, https:\/\/agora.xtec.cat\/escgaspardeportola\/wp-content\/uploads\/usu555\/2021\/10\/gasol-768x480.jpg 768w, https:\/\/agora.xtec.cat\/escgaspardeportola\/wp-content\/uploads\/usu555\/2021\/10\/gasol-1536x960.jpg 1536w, https:\/\/agora.xtec.cat\/escgaspardeportola\/wp-content\/uploads\/usu555\/2021\/10\/gasol-2048x1280.jpg 2048w\" sizes=\"auto, (max-width: 300px) 100vw, 300px\" \/><\/a><\/p>\n<p lang=\"es-ES\" align=\"center\"><span style=\"font-family: Times New Roman, serif;\"><span style=\"font-size: medium;\"><span style=\"color: #000000;\"><span style=\"font-family: Calibri, sans-serif;\"><span style=\"font-size: small;\"><span lang=\"ca-ES\">Tamb\u00e9 podeu visualitzar el v\u00eddeo clicant <\/span><\/span><\/span><\/span><span style=\"color: #0000ff;\"><u><a href=\"https:\/\/youtu.be\/cgpH7OnuyYo\" target=\"_blank\" rel=\"noopener\"><span style=\"color: #1155cc;\"><span style=\"font-family: Calibri, sans-serif;\"><span style=\"font-size: small;\"><span lang=\"ca-ES\">aqu\u00ed<\/span><\/span><\/span><\/span><\/a><\/u><\/span><\/span><\/span><\/p>\n<p align=\"justify\"><img loading=\"lazy\" decoding=\"async\" class=\"aligncenter wp-image-6338 size-thumbnail\" src=\"https:\/\/agora.xtec.cat\/escgaspardeportola\/wp-content\/uploads\/usu555\/2021\/10\/sisme-300x180.jpg\" alt=\"\" width=\"300\" height=\"180\" srcset=\"https:\/\/agora.xtec.cat\/escgaspardeportola\/wp-content\/uploads\/usu555\/2021\/10\/sisme-300x180.jpg 300w, https:\/\/agora.xtec.cat\/escgaspardeportola\/wp-content\/uploads\/usu555\/2021\/10\/sisme-1024x615.jpg 1024w, https:\/\/agora.xtec.cat\/escgaspardeportola\/wp-content\/uploads\/usu555\/2021\/10\/sisme-768x461.jpg 768w, https:\/\/agora.xtec.cat\/escgaspardeportola\/wp-content\/uploads\/usu555\/2021\/10\/sisme-1536x922.jpg 1536w, https:\/\/agora.xtec.cat\/escgaspardeportola\/wp-content\/uploads\/usu555\/2021\/10\/sisme.jpg 2048w\" sizes=\"auto, (max-width: 300px) 100vw, 300px\" \/><\/p>\n<p class=\"western\" align=\"justify\"><span style=\"color: #222222;\"><span style=\"font-size: large;\"><b>En qu\u00e8 consisteix el projecte?<\/b><\/span><\/span><\/p>\n<p class=\"western\" lang=\"es-ES\" align=\"justify\"><span style=\"color: #222222;\"><span style=\"font-size: medium;\"><span lang=\"ca-ES\">SISME introdueix<\/span><\/span><\/span><span style=\"color: #000000;\"><span style=\"font-size: medium;\"><span lang=\"ca-ES\"> la promoci\u00f3 d\u2019h\u00e0bits saludables<\/span><\/span><\/span><span style=\"color: #222222;\"><span style=\"font-size: medium;\"><span lang=\"ca-ES\"> (alimentaci\u00f3, activitat f\u00edsica, son i benestar emocional)<\/span><\/span><\/span><span style=\"color: #000000;\"><span style=\"font-size: medium;\"><span lang=\"ca-ES\"> de forma transversal a l\u2019assignatura d\u2019<\/span><\/span><\/span><span style=\"color: #222222;\"><span style=\"font-size: medium;\"><span lang=\"ca-ES\"><b>E<\/b><\/span><\/span><\/span><span style=\"color: #000000;\"><span style=\"font-size: medium;\"><span lang=\"ca-ES\"><b>ducaci\u00f3 <\/b><\/span><\/span><\/span><span style=\"color: #222222;\"><span style=\"font-size: medium;\"><span lang=\"ca-ES\"><b>F<\/b><\/span><\/span><\/span><span style=\"color: #000000;\"><span style=\"font-size: medium;\"><span lang=\"ca-ES\"><b>\u00edsica i a les tutories<\/b><\/span><\/span><\/span><span style=\"color: #222222;\"><span style=\"font-size: medium;\"><span lang=\"ca-ES\">. <\/span><\/span><\/span><\/p>\n<p class=\"western\" align=\"justify\"><span style=\"color: #222222;\"><span style=\"font-size: large;\"><b>Quin \u00e9s l\u2019objectiu principal?<\/b><\/span><\/span><\/p>\n<p class=\"western\" lang=\"es-ES\" align=\"justify\"><span style=\"color: #222222;\"><span style=\"font-size: medium;\"><span lang=\"ca-ES\">P<\/span><\/span><\/span><span style=\"color: #000000;\"><span style=\"font-size: medium;\"><span lang=\"ca-ES\">revenir l\u2019obesitat infantil i reduir les desigualtats socials en salut.<\/span><\/span><\/span><\/p>\n<p>&nbsp;<\/p>\n<p class=\"western\"><span style=\"color: #222222;\"><span style=\"font-size: medium;\">Moltes gr\u00e0cies per la vostra atenci\u00f3,<\/span><\/span><\/p>\n<p class=\"western\"><span style=\"color: #222222;\"><span style=\"font-size: medium;\">Salut i #SISMEsaludable<\/span><\/span><\/p>\n","protected":false},"excerpt":{"rendered":"<p>Benvolguda comunitat educativa, El nostre centre educatiu ha estat seleccionat per participar a SISME, un projecte de la Gasol Foundation, entitat fundada pels germans Pau i Marc Gasol. Aquest projecte neix per donar resposta a la creixent inquietud de moltes escoles de Catalunya en mat\u00e8ria de promoci\u00f3 d&#8217;h\u00e0bits saludables, accentuada actualment per la COVID-19. Per [&hellip;]<\/p>\n","protected":false},"author":36,"featured_media":0,"comment_status":"closed","ping_status":"closed","sticky":false,"template":"","format":"standard","meta":{"_bbp_topic_count":0,"_bbp_reply_count":0,"_bbp_total_topic_count":0,"_bbp_total_reply_count":0,"_bbp_voice_count":0,"_bbp_anonymous_reply_count":0,"_bbp_topic_count_hidden":0,"_bbp_reply_count_hidden":0,"_bbp_forum_subforum_count":0,"site-sidebar-layout":"default","site-content-layout":"","ast-site-content-layout":"","site-content-style":"default","site-sidebar-style":"default","ast-global-header-display":"","ast-banner-title-visibility":"","ast-main-header-display":"","ast-hfb-above-header-display":"","ast-hfb-below-header-display":"","ast-hfb-mobile-header-display":"","site-post-title":"","ast-breadcrumbs-content":"","ast-featured-img":"","footer-sml-layout":"","theme-transparent-header-meta":"","adv-header-id-meta":"","stick-header-meta":"","header-above-stick-meta":"","header-main-stick-meta":"","header-below-stick-meta":"","astra-migrate-meta-layouts":"default","ast-page-background-enabled":"default","ast-page-background-meta":{"desktop":{"background-color":"var(--ast-global-color-4)","background-image":"","background-repeat":"repeat","background-position":"center center","background-size":"auto","background-attachment":"scroll","background-type":"","background-media":"","overlay-type":"","overlay-color":"","overlay-opacity":"","overlay-gradient":""},"tablet":{"background-color":"","background-image":"","background-repeat":"repeat","background-position":"center center","background-size":"auto","background-attachment":"scroll","background-type":"","background-media":"","overlay-type":"","overlay-color":"","overlay-opacity":"","overlay-gradient":""},"mobile":{"background-color":"","background-image":"","background-repeat":"repeat","background-position":"center center","background-size":"auto","background-attachment":"scroll","background-type":"","background-media":"","overlay-type":"","overlay-color":"","overlay-opacity":"","overlay-gradient":""}},"ast-content-background-meta":{"desktop":{"background-color":"var(--ast-global-color-5)","background-image":"","background-repeat":"repeat","background-position":"center center","background-size":"auto","background-attachment":"scroll","background-type":"","background-media":"","overlay-type":"","overlay-color":"","overlay-opacity":"","overlay-gradient":""},"tablet":{"background-color":"var(--ast-global-color-5)","background-image":"","background-repeat":"repeat","background-position":"center center","background-size":"auto","background-attachment":"scroll","background-type":"","background-media":"","overlay-type":"","overlay-color":"","overlay-opacity":"","overlay-gradient":""},"mobile":{"background-color":"var(--ast-global-color-5)","background-image":"","background-repeat":"repeat","background-position":"center center","background-size":"auto","background-attachment":"scroll","background-type":"","background-media":"","overlay-type":"","overlay-color":"","overlay-opacity":"","overlay-gradient":""}},"footnotes":""},"categories":[1,217,4],"tags":[],"class_list":["post-6330","post","type-post","status-publish","format-standard","hentry","category-general","category-la-cronica-esportiva-de-gaspar","category-portada"],"post_mailing_queue_ids":[],"_links":{"self":[{"href":"https:\/\/agora.xtec.cat\/escgaspardeportola\/wp-json\/wp\/v2\/posts\/6330","targetHints":{"allow":["GET"]}}],"collection":[{"href":"https:\/\/agora.xtec.cat\/escgaspardeportola\/wp-json\/wp\/v2\/posts"}],"about":[{"href":"https:\/\/agora.xtec.cat\/escgaspardeportola\/wp-json\/wp\/v2\/types\/post"}],"author":[{"embeddable":true,"href":"https:\/\/agora.xtec.cat\/escgaspardeportola\/wp-json\/wp\/v2\/users\/36"}],"replies":[{"embeddable":true,"href":"https:\/\/agora.xtec.cat\/escgaspardeportola\/wp-json\/wp\/v2\/comments?post=6330"}],"version-history":[{"count":3,"href":"https:\/\/agora.xtec.cat\/escgaspardeportola\/wp-json\/wp\/v2\/posts\/6330\/revisions"}],"predecessor-version":[{"id":6375,"href":"https:\/\/agora.xtec.cat\/escgaspardeportola\/wp-json\/wp\/v2\/posts\/6330\/revisions\/6375"}],"wp:attachment":[{"href":"https:\/\/agora.xtec.cat\/escgaspardeportola\/wp-json\/wp\/v2\/media?parent=6330"}],"wp:term":[{"taxonomy":"category","embeddable":true,"href":"https:\/\/agora.xtec.cat\/escgaspardeportola\/wp-json\/wp\/v2\/categories?post=6330"},{"taxonomy":"post_tag","embeddable":true,"href":"https:\/\/agora.xtec.cat\/escgaspardeportola\/wp-json\/wp\/v2\/tags?post=6330"}],"curies":[{"name":"wp","href":"https:\/\/api.w.org\/{rel}","templated":true}]}}