{"id":6293,"date":"2021-10-20T10:38:07","date_gmt":"2021-10-20T08:38:07","guid":{"rendered":"https:\/\/agora.xtec.cat\/escgaspardeportola\/?p=6293"},"modified":"2021-10-20T10:38:07","modified_gmt":"2021-10-20T08:38:07","slug":"visita-espai-forma","status":"publish","type":"post","link":"https:\/\/agora.xtec.cat\/escgaspardeportola\/general\/visita-espai-forma\/","title":{"rendered":"VISITA ESPAI FORMA"},"content":{"rendered":"<p><img loading=\"lazy\" decoding=\"async\" class=\"size-thumbnail wp-image-6300 aligncenter\" src=\"https:\/\/agora.xtec.cat\/escgaspardeportola\/wp-content\/uploads\/usu555\/2021\/10\/IMG_6337-300x225.jpg\" alt=\"\" width=\"300\" height=\"225\" srcset=\"https:\/\/agora.xtec.cat\/escgaspardeportola\/wp-content\/uploads\/usu555\/2021\/10\/IMG_6337-300x225.jpg 300w, https:\/\/agora.xtec.cat\/escgaspardeportola\/wp-content\/uploads\/usu555\/2021\/10\/IMG_6337-768x576.jpg 768w, https:\/\/agora.xtec.cat\/escgaspardeportola\/wp-content\/uploads\/usu555\/2021\/10\/IMG_6337-200x150.jpg 200w, https:\/\/agora.xtec.cat\/escgaspardeportola\/wp-content\/uploads\/usu555\/2021\/10\/IMG_6337.jpg 1008w\" sizes=\"auto, (max-width: 300px) 100vw, 300px\" \/><\/p>\n<p style=\"text-align: center;\">Si voleu veure&#8217;n m\u00e9s imatges cliqueu<a href=\"https:\/\/photos.app.goo.gl\/N9ugvin4kLyPhgfF9\"> aqu\u00ed<\/a><\/p>\n<p>&nbsp;<\/p>\n<p>&nbsp;<\/p>\n<p style=\"text-align: justify;\"><span style=\"font-family: tahoma, sans-serif;\">El dimarts 19 d&#8217;octubre, els i les alumnes de 6\u00e8 van participar al FORMA. S\u00f3n espais d&#8217;art contemporani a la nostra ciutat, que conviden a reflexionar sobre l&#8217;\u00fas i la petjada que deixem en els espais urbans del nostre entorn. <\/span><span style=\"font-family: tahoma, sans-serif;\"><span style=\"color: #212529;\">Un dels principals objectius \u00e9s la descoberta dels carrers, les places, els edificis i els equipaments de la ciutat des d\u2019una mirada art\u00edstica i compromesa. Es vol que la ciutat esdevingui un museu temporal. <\/span><\/span><span style=\"font-family: tahoma, sans-serif;\"><span style=\"color: #212529;\">Vam acabar l&#8217;activitat contribuint\u00a0com a artistes, pintant les teles que envolten els arbres de la pla\u00e7a Mercadal. Per petits grups, van pensar com ho voldrien pintar i decorar. <\/span><\/span><\/p>\n<div style=\"text-align: justify;\"><span style=\"font-family: tahoma, sans-serif;\"><span style=\"color: #212529;\">Si voleu observar els resultats, les vostres filles i fills estaran encantats de mostrar-vos les seves creacions i com han contribu\u00eft en l&#8217;esdeveniment. <\/span><\/span><\/div>\n<div style=\"text-align: justify;\"><\/div>\n<div style=\"text-align: justify;\"><\/div>\n<div><\/div>\n<div><\/div>\n<div><\/div>\n<div><\/div>\n<div><\/div>\n<div style=\"text-align: justify;\"><span style=\"font-family: tahoma, sans-serif;\"><span style=\"color: #212529;\">Ah! i recordeu, que la vostra petjada \u00e9s important!!!<\/span><\/span><\/div>\n<div style=\"text-align: justify;\"><\/div>\n<div style=\"text-align: justify;\"><\/div>\n<div><\/div>\n<div><\/div>\n<div><\/div>\n<div><\/div>\n","protected":false},"excerpt":{"rendered":"<p>Si voleu veure&#8217;n m\u00e9s imatges cliqueu aqu\u00ed &nbsp; &nbsp; El dimarts 19 d&#8217;octubre, els i les alumnes de 6\u00e8 van participar al FORMA. S\u00f3n espais d&#8217;art contemporani a la nostra ciutat, que conviden a reflexionar sobre l&#8217;\u00fas i la petjada que deixem en els espais urbans del nostre entorn. Un dels principals objectius \u00e9s la [&hellip;]<\/p>\n","protected":false},"author":24,"featured_media":6300,"comment_status":"closed","ping_status":"closed","sticky":false,"template":"","format":"standard","meta":{"_bbp_topic_count":0,"_bbp_reply_count":0,"_bbp_total_topic_count":0,"_bbp_total_reply_count":0,"_bbp_voice_count":0,"_bbp_anonymous_reply_count":0,"_bbp_topic_count_hidden":0,"_bbp_reply_count_hidden":0,"_bbp_forum_subforum_count":0,"site-sidebar-layout":"default","site-content-layout":"","ast-site-content-layout":"","site-content-style":"default","site-sidebar-style":"default","ast-global-header-display":"","ast-banner-title-visibility":"","ast-main-header-display":"","ast-hfb-above-header-display":"","ast-hfb-below-header-display":"","ast-hfb-mobile-header-display":"","site-post-title":"","ast-breadcrumbs-content":"","ast-featured-img":"","footer-sml-layout":"","theme-transparent-header-meta":"","adv-header-id-meta":"","stick-header-meta":"","header-above-stick-meta":"","header-main-stick-meta":"","header-below-stick-meta":"","astra-migrate-meta-layouts":"default","ast-page-background-enabled":"default","ast-page-background-meta":{"desktop":{"background-color":"var(--ast-global-color-4)","background-image":"","background-repeat":"repeat","background-position":"center center","background-size":"auto","background-attachment":"scroll","background-type":"","background-media":"","overlay-type":"","overlay-color":"","overlay-opacity":"","overlay-gradient":""},"tablet":{"background-color":"","background-image":"","background-repeat":"repeat","background-position":"center center","background-size":"auto","background-attachment":"scroll","background-type":"","background-media":"","overlay-type":"","overlay-color":"","overlay-opacity":"","overlay-gradient":""},"mobile":{"background-color":"","background-image":"","background-repeat":"repeat","background-position":"center center","background-size":"auto","background-attachment":"scroll","background-type":"","background-media":"","overlay-type":"","overlay-color":"","overlay-opacity":"","overlay-gradient":""}},"ast-content-background-meta":{"desktop":{"background-color":"var(--ast-global-color-5)","background-image":"","background-repeat":"repeat","background-position":"center center","background-size":"auto","background-attachment":"scroll","background-type":"","background-media":"","overlay-type":"","overlay-color":"","overlay-opacity":"","overlay-gradient":""},"tablet":{"background-color":"var(--ast-global-color-5)","background-image":"","background-repeat":"repeat","background-position":"center center","background-size":"auto","background-attachment":"scroll","background-type":"","background-media":"","overlay-type":"","overlay-color":"","overlay-opacity":"","overlay-gradient":""},"mobile":{"background-color":"var(--ast-global-color-5)","background-image":"","background-repeat":"repeat","background-position":"center center","background-size":"auto","background-attachment":"scroll","background-type":"","background-media":"","overlay-type":"","overlay-color":"","overlay-opacity":"","overlay-gradient":""}},"footnotes":""},"categories":[290,321,1],"tags":[],"class_list":["post-6293","post","type-post","status-publish","format-standard","has-post-thumbnail","hentry","category-cicle-superior","category-gaspartschool","category-general"],"post_mailing_queue_ids":[],"_links":{"self":[{"href":"https:\/\/agora.xtec.cat\/escgaspardeportola\/wp-json\/wp\/v2\/posts\/6293","targetHints":{"allow":["GET"]}}],"collection":[{"href":"https:\/\/agora.xtec.cat\/escgaspardeportola\/wp-json\/wp\/v2\/posts"}],"about":[{"href":"https:\/\/agora.xtec.cat\/escgaspardeportola\/wp-json\/wp\/v2\/types\/post"}],"author":[{"embeddable":true,"href":"https:\/\/agora.xtec.cat\/escgaspardeportola\/wp-json\/wp\/v2\/users\/24"}],"replies":[{"embeddable":true,"href":"https:\/\/agora.xtec.cat\/escgaspardeportola\/wp-json\/wp\/v2\/comments?post=6293"}],"version-history":[{"count":3,"href":"https:\/\/agora.xtec.cat\/escgaspardeportola\/wp-json\/wp\/v2\/posts\/6293\/revisions"}],"predecessor-version":[{"id":6311,"href":"https:\/\/agora.xtec.cat\/escgaspardeportola\/wp-json\/wp\/v2\/posts\/6293\/revisions\/6311"}],"wp:featuredmedia":[{"embeddable":true,"href":"https:\/\/agora.xtec.cat\/escgaspardeportola\/wp-json\/wp\/v2\/media\/6300"}],"wp:attachment":[{"href":"https:\/\/agora.xtec.cat\/escgaspardeportola\/wp-json\/wp\/v2\/media?parent=6293"}],"wp:term":[{"taxonomy":"category","embeddable":true,"href":"https:\/\/agora.xtec.cat\/escgaspardeportola\/wp-json\/wp\/v2\/categories?post=6293"},{"taxonomy":"post_tag","embeddable":true,"href":"https:\/\/agora.xtec.cat\/escgaspardeportola\/wp-json\/wp\/v2\/tags?post=6293"}],"curies":[{"name":"wp","href":"https:\/\/api.w.org\/{rel}","templated":true}]}}