{"id":6271,"date":"2021-10-15T16:28:44","date_gmt":"2021-10-15T14:28:44","guid":{"rendered":"https:\/\/agora.xtec.cat\/escgaspardeportola\/?p=6271"},"modified":"2021-10-15T16:28:44","modified_gmt":"2021-10-15T14:28:44","slug":"escultures-de-balaguer-p4","status":"publish","type":"post","link":"https:\/\/agora.xtec.cat\/escgaspardeportola\/general\/escultures-de-balaguer-p4\/","title":{"rendered":"ESCULTURES DE BALAGUER P4"},"content":{"rendered":"<p>Avui les classes de p4, la Patrulla canina i els Dinosaures, han fet una sortida per Balaguer per observar les diferents escultures del nostre entorn.<\/p>\n<p>Aquesta activitat parteix de l&#8217;estudi d&#8217;en Joan Mir\u00f3 i en concret de l&#8217;escultura &#8220;La dona i l&#8217;ocell&#8221;, treballada a l&#8217;aula amb els alumnes.<\/p>\n<p>Volem agra\u00efr, la col\u00b7laboraci\u00f3 d&#8217;en Josep Mateu, escultor balaguer\u00ed i autor de l&#8217;Escull i Lo Morter. In situ, hem pogut escoltar les explicacions que ens ha fet el senyor Mateu sobre les dues escultures esmentades.<\/p>\n<p>Aquesta col\u00b7laboraci\u00f3 continuar\u00e0 amb una visita a l&#8217;escola per tal d&#8217;explicar-nos, amb maquetes, el proc\u00e8s de creaci\u00f3 d&#8217;aquestes obres.<\/p>\n<p>Les altres escultures visitades han estat: la d&#8217;en Gaspar de Portol\u00e0, en Rovell\u00f3, la del pont de Sant Miquel i per \u00faltim la del Comte Jaume d&#8217;Urgell.<\/p>\n<p>La sortida ha estat totalment profitosa.<\/p>\n<p>Moltes gr\u00e0cies per deixar-nos esmorzar al casal La Pallavacara.<\/p>\n<p><a href=\"https:\/\/photos.app.goo.gl\/G2Yt5RnBicFbvgkc7\">Us deixem un recull de fotografies del dia d&#8217;avui.<\/a><\/p>\n","protected":false},"excerpt":{"rendered":"<p>Avui les classes de p4, la Patrulla canina i els Dinosaures, han fet una sortida per Balaguer per observar les diferents escultures del nostre entorn. Aquesta activitat parteix de l&#8217;estudi d&#8217;en Joan Mir\u00f3 i en concret de l&#8217;escultura &#8220;La dona i l&#8217;ocell&#8221;, treballada a l&#8217;aula amb els alumnes. Volem agra\u00efr, la col\u00b7laboraci\u00f3 d&#8217;en Josep Mateu, [&hellip;]<\/p>\n","protected":false},"author":33,"featured_media":0,"comment_status":"closed","ping_status":"closed","sticky":false,"template":"","format":"standard","meta":{"_bbp_topic_count":0,"_bbp_reply_count":0,"_bbp_total_topic_count":0,"_bbp_total_reply_count":0,"_bbp_voice_count":0,"_bbp_anonymous_reply_count":0,"_bbp_topic_count_hidden":0,"_bbp_reply_count_hidden":0,"_bbp_forum_subforum_count":0,"site-sidebar-layout":"default","site-content-layout":"","ast-site-content-layout":"","site-content-style":"default","site-sidebar-style":"default","ast-global-header-display":"","ast-banner-title-visibility":"","ast-main-header-display":"","ast-hfb-above-header-display":"","ast-hfb-below-header-display":"","ast-hfb-mobile-header-display":"","site-post-title":"","ast-breadcrumbs-content":"","ast-featured-img":"","footer-sml-layout":"","theme-transparent-header-meta":"","adv-header-id-meta":"","stick-header-meta":"","header-above-stick-meta":"","header-main-stick-meta":"","header-below-stick-meta":"","astra-migrate-meta-layouts":"default","ast-page-background-enabled":"default","ast-page-background-meta":{"desktop":{"background-color":"var(--ast-global-color-4)","background-image":"","background-repeat":"repeat","background-position":"center center","background-size":"auto","background-attachment":"scroll","background-type":"","background-media":"","overlay-type":"","overlay-color":"","overlay-opacity":"","overlay-gradient":""},"tablet":{"background-color":"","background-image":"","background-repeat":"repeat","background-position":"center center","background-size":"auto","background-attachment":"scroll","background-type":"","background-media":"","overlay-type":"","overlay-color":"","overlay-opacity":"","overlay-gradient":""},"mobile":{"background-color":"","background-image":"","background-repeat":"repeat","background-position":"center center","background-size":"auto","background-attachment":"scroll","background-type":"","background-media":"","overlay-type":"","overlay-color":"","overlay-opacity":"","overlay-gradient":""}},"ast-content-background-meta":{"desktop":{"background-color":"var(--ast-global-color-5)","background-image":"","background-repeat":"repeat","background-position":"center center","background-size":"auto","background-attachment":"scroll","background-type":"","background-media":"","overlay-type":"","overlay-color":"","overlay-opacity":"","overlay-gradient":""},"tablet":{"background-color":"var(--ast-global-color-5)","background-image":"","background-repeat":"repeat","background-position":"center center","background-size":"auto","background-attachment":"scroll","background-type":"","background-media":"","overlay-type":"","overlay-color":"","overlay-opacity":"","overlay-gradient":""},"mobile":{"background-color":"var(--ast-global-color-5)","background-image":"","background-repeat":"repeat","background-position":"center center","background-size":"auto","background-attachment":"scroll","background-type":"","background-media":"","overlay-type":"","overlay-color":"","overlay-opacity":"","overlay-gradient":""}},"footnotes":""},"categories":[64,1],"tags":[],"class_list":["post-6271","post","type-post","status-publish","format-standard","hentry","category-educacioinfantil","category-general"],"post_mailing_queue_ids":[],"_links":{"self":[{"href":"https:\/\/agora.xtec.cat\/escgaspardeportola\/wp-json\/wp\/v2\/posts\/6271","targetHints":{"allow":["GET"]}}],"collection":[{"href":"https:\/\/agora.xtec.cat\/escgaspardeportola\/wp-json\/wp\/v2\/posts"}],"about":[{"href":"https:\/\/agora.xtec.cat\/escgaspardeportola\/wp-json\/wp\/v2\/types\/post"}],"author":[{"embeddable":true,"href":"https:\/\/agora.xtec.cat\/escgaspardeportola\/wp-json\/wp\/v2\/users\/33"}],"replies":[{"embeddable":true,"href":"https:\/\/agora.xtec.cat\/escgaspardeportola\/wp-json\/wp\/v2\/comments?post=6271"}],"version-history":[{"count":2,"href":"https:\/\/agora.xtec.cat\/escgaspardeportola\/wp-json\/wp\/v2\/posts\/6271\/revisions"}],"predecessor-version":[{"id":6273,"href":"https:\/\/agora.xtec.cat\/escgaspardeportola\/wp-json\/wp\/v2\/posts\/6271\/revisions\/6273"}],"wp:attachment":[{"href":"https:\/\/agora.xtec.cat\/escgaspardeportola\/wp-json\/wp\/v2\/media?parent=6271"}],"wp:term":[{"taxonomy":"category","embeddable":true,"href":"https:\/\/agora.xtec.cat\/escgaspardeportola\/wp-json\/wp\/v2\/categories?post=6271"},{"taxonomy":"post_tag","embeddable":true,"href":"https:\/\/agora.xtec.cat\/escgaspardeportola\/wp-json\/wp\/v2\/tags?post=6271"}],"curies":[{"name":"wp","href":"https:\/\/api.w.org\/{rel}","templated":true}]}}