{"id":624,"date":"2016-05-06T00:03:28","date_gmt":"2016-05-05T23:03:28","guid":{"rendered":"http:\/\/agora.xtec.cat\/escgaspardeportola\/?p=624"},"modified":"2016-05-06T00:05:58","modified_gmt":"2016-05-05T23:05:58","slug":"la-radio-a-lescola","status":"publish","type":"post","link":"https:\/\/agora.xtec.cat\/escgaspardeportola\/general\/la-radio-a-lescola\/","title":{"rendered":"La r\u00e0dio a l&#8217;escola."},"content":{"rendered":"<p>Radio Balaguer realitza &#8220;La r\u00e0dio a l&#8217;escola&#8221;, un programa dedicat a apropar la r\u00e0dio a les escoles i fer-ne un bon \u00fas educatiu.<\/p>\n<p>El tres de maig es va emetre el programa de la nostra escola. Cada cicle ha explicat una experi\u00e8ncia que ha treballat a l&#8217;aula durant el curs.<\/p>\n<p>Els nens i nenes de 2n cicle inicial han explicat com han treballat l&#8217;obra de teatre de Sant Jordi, els nens i nenes de 4t de cicle mitj\u00e0 han explicat com es preparen els contes populars que van a explicar a P5 i els nens i nenes de 5\u00e8 de cicle superior han realitzat una entrevista al Dr. Xavier Bringue.<\/p>\n<div><\/div>\n<div><\/div>\n<div>\n<!--[if lt IE 9]><script>document.createElement('audio');<\/script><![endif]-->\n<audio class=\"wp-audio-shortcode\" id=\"audio-624-1\" preload=\"none\" style=\"width: 100%;\" controls=\"controls\"><source type=\"audio\/mpeg\" src=\"http:\/\/www.radiobalaguer.cat\/audios\/podcast\/get.php?fla=radio_escola_03-05-2016.MP3&#038;_=1\" \/><a href=\"http:\/\/www.radiobalaguer.cat\/audios\/podcast\/get.php?fla=radio_escola_03-05-2016.MP3\">http:\/\/www.radiobalaguer.cat\/audios\/podcast\/get.php?fla=radio_escola_03-05-2016.MP3<\/a><\/audio>\n<p>&nbsp;<\/p>\n<p>03-05-2016 | <a title=\"All postings of categoryLA R\u00c0DIO A L'ESCOLA\" href=\"http:\/\/www.radiobalaguer.cat\/audios\/podcast\/index.php?cat=LARDIOALESCOLA\">LA R\u00c0DIO A L&#8217;ESCOLA<\/a><\/p>\n<\/div>\n","protected":false},"excerpt":{"rendered":"<p>Radio Balaguer realitza &#8220;La r\u00e0dio a l&#8217;escola&#8221;, un programa dedicat a apropar la r\u00e0dio a les escoles i fer-ne un bon \u00fas educatiu. El tres de maig es va emetre el programa de la nostra escola. Cada cicle ha explicat una experi\u00e8ncia que ha treballat a l&#8217;aula durant el curs. Els nens i nenes de [&hellip;]<\/p>\n","protected":false},"author":1,"featured_media":0,"comment_status":"open","ping_status":"open","sticky":false,"template":"","format":"standard","meta":{"_bbp_topic_count":0,"_bbp_reply_count":0,"_bbp_total_topic_count":0,"_bbp_total_reply_count":0,"_bbp_voice_count":0,"_bbp_anonymous_reply_count":0,"_bbp_topic_count_hidden":0,"_bbp_reply_count_hidden":0,"_bbp_forum_subforum_count":0,"site-sidebar-layout":"default","site-content-layout":"","ast-site-content-layout":"","site-content-style":"default","site-sidebar-style":"default","ast-global-header-display":"","ast-banner-title-visibility":"","ast-main-header-display":"","ast-hfb-above-header-display":"","ast-hfb-below-header-display":"","ast-hfb-mobile-header-display":"","site-post-title":"","ast-breadcrumbs-content":"","ast-featured-img":"","footer-sml-layout":"","theme-transparent-header-meta":"","adv-header-id-meta":"","stick-header-meta":"","header-above-stick-meta":"","header-main-stick-meta":"","header-below-stick-meta":"","astra-migrate-meta-layouts":"default","ast-page-background-enabled":"default","ast-page-background-meta":{"desktop":{"background-color":"var(--ast-global-color-4)","background-image":"","background-repeat":"repeat","background-position":"center center","background-size":"auto","background-attachment":"scroll","background-type":"","background-media":"","overlay-type":"","overlay-color":"","overlay-opacity":"","overlay-gradient":""},"tablet":{"background-color":"","background-image":"","background-repeat":"repeat","background-position":"center center","background-size":"auto","background-attachment":"scroll","background-type":"","background-media":"","overlay-type":"","overlay-color":"","overlay-opacity":"","overlay-gradient":""},"mobile":{"background-color":"","background-image":"","background-repeat":"repeat","background-position":"center center","background-size":"auto","background-attachment":"scroll","background-type":"","background-media":"","overlay-type":"","overlay-color":"","overlay-opacity":"","overlay-gradient":""}},"ast-content-background-meta":{"desktop":{"background-color":"var(--ast-global-color-5)","background-image":"","background-repeat":"repeat","background-position":"center center","background-size":"auto","background-attachment":"scroll","background-type":"","background-media":"","overlay-type":"","overlay-color":"","overlay-opacity":"","overlay-gradient":""},"tablet":{"background-color":"var(--ast-global-color-5)","background-image":"","background-repeat":"repeat","background-position":"center center","background-size":"auto","background-attachment":"scroll","background-type":"","background-media":"","overlay-type":"","overlay-color":"","overlay-opacity":"","overlay-gradient":""},"mobile":{"background-color":"var(--ast-global-color-5)","background-image":"","background-repeat":"repeat","background-position":"center center","background-size":"auto","background-attachment":"scroll","background-type":"","background-media":"","overlay-type":"","overlay-color":"","overlay-opacity":"","overlay-gradient":""}},"footnotes":""},"categories":[1,4],"tags":[37],"class_list":["post-624","post","type-post","status-publish","format-standard","hentry","category-general","category-portada","tag-radio"],"post_mailing_queue_ids":[],"_links":{"self":[{"href":"https:\/\/agora.xtec.cat\/escgaspardeportola\/wp-json\/wp\/v2\/posts\/624","targetHints":{"allow":["GET"]}}],"collection":[{"href":"https:\/\/agora.xtec.cat\/escgaspardeportola\/wp-json\/wp\/v2\/posts"}],"about":[{"href":"https:\/\/agora.xtec.cat\/escgaspardeportola\/wp-json\/wp\/v2\/types\/post"}],"author":[{"embeddable":true,"href":"https:\/\/agora.xtec.cat\/escgaspardeportola\/wp-json\/wp\/v2\/users\/1"}],"replies":[{"embeddable":true,"href":"https:\/\/agora.xtec.cat\/escgaspardeportola\/wp-json\/wp\/v2\/comments?post=624"}],"version-history":[{"count":3,"href":"https:\/\/agora.xtec.cat\/escgaspardeportola\/wp-json\/wp\/v2\/posts\/624\/revisions"}],"predecessor-version":[{"id":627,"href":"https:\/\/agora.xtec.cat\/escgaspardeportola\/wp-json\/wp\/v2\/posts\/624\/revisions\/627"}],"wp:attachment":[{"href":"https:\/\/agora.xtec.cat\/escgaspardeportola\/wp-json\/wp\/v2\/media?parent=624"}],"wp:term":[{"taxonomy":"category","embeddable":true,"href":"https:\/\/agora.xtec.cat\/escgaspardeportola\/wp-json\/wp\/v2\/categories?post=624"},{"taxonomy":"post_tag","embeddable":true,"href":"https:\/\/agora.xtec.cat\/escgaspardeportola\/wp-json\/wp\/v2\/tags?post=624"}],"curies":[{"name":"wp","href":"https:\/\/api.w.org\/{rel}","templated":true}]}}