{"id":6229,"date":"2021-09-21T10:20:36","date_gmt":"2021-09-21T08:20:36","guid":{"rendered":"https:\/\/agora.xtec.cat\/escgaspardeportola\/?p=6229"},"modified":"2021-09-21T10:20:36","modified_gmt":"2021-09-21T08:20:36","slug":"presentacio-nou-equip-directiu","status":"publish","type":"post","link":"https:\/\/agora.xtec.cat\/escgaspardeportola\/portada\/presentacio-nou-equip-directiu\/","title":{"rendered":"Presentaci\u00f3 nou equip directiu"},"content":{"rendered":"<p>Benvolgudes fam\u00edlies,<\/p>\n<p>Ens presentem com a equip directiu que continuar\u00e0 aquest curs escolar i donem a con\u00e8ixer els\u00a0 c\u00e0rrecs tal com queda despr\u00e9s de la jubilaci\u00f3 del nostre company Samuel Llovet.<\/p>\n<p>En Jordi Pujol continua\u00a0 com a secretari, l\u2019Anna Piqu\u00e9 passa a ser la nova cap d\u2019estudis i la Carme Guillaumet la directora de l\u2019escola. Aquest nou equip que hem format ser\u00e0 durant aquest curs escolar mentre acaba el projecte de direcci\u00f3 vigent.<\/p>\n<p>El proper curs caldr\u00e0, l\u2019equip directiu que ho desitgi, presentar el seu projecte i concursar pels propers quatre anys.<\/p>\n<p>L\u2019Anna i la Carme agafem amb molta il\u00b7lusi\u00f3 i molt respecte aquests nous c\u00e0rrecs acompanyades de l\u2019experi\u00e8ncia del Jordi que ens ajudar\u00e0 a tirar endavant.<\/p>\n<p>En aquest curs tan especial, amb la celebraci\u00f3 del 50\u00e8 aniversari i encara amb el repte de la pand\u00e8mia, estarem al vostre costat per tirar endavant i millorar la traject\u00f2ria escolar dels vostres fills i filles, acompanyats del gran equip de professionals que tenim a l\u2019escola: mestres, personal d\u2019atenci\u00f3 educativa i personal laboral.<\/p>\n<p>Aprofitem per desitjar molta sort al Samuel, sap que el trobarem molt a faltar. Tant de bo puguem continuar els seus passos i poder lluitar i tirar endavant per l\u2019escola tal com ho ha fet ell durant tots aquests anys. Gr\u00e0cies Samuel.<\/p>\n<p>Salutacions,<\/p>\n<p>Carme Guillaumet, Anna Piqu\u00e9 i Jordi Pujol<\/p>\n","protected":false},"excerpt":{"rendered":"<p>Benvolgudes fam\u00edlies, Ens presentem com a equip directiu que continuar\u00e0 aquest curs escolar i donem a con\u00e8ixer els\u00a0 c\u00e0rrecs tal com queda despr\u00e9s de la jubilaci\u00f3 del nostre company Samuel Llovet. En Jordi Pujol continua\u00a0 com a secretari, l\u2019Anna Piqu\u00e9 passa a ser la nova cap d\u2019estudis i la Carme Guillaumet la directora de l\u2019escola. [&hellip;]<\/p>\n","protected":false},"author":1,"featured_media":0,"comment_status":"closed","ping_status":"closed","sticky":false,"template":"","format":"standard","meta":{"_bbp_topic_count":0,"_bbp_reply_count":0,"_bbp_total_topic_count":0,"_bbp_total_reply_count":0,"_bbp_voice_count":0,"_bbp_anonymous_reply_count":0,"_bbp_topic_count_hidden":0,"_bbp_reply_count_hidden":0,"_bbp_forum_subforum_count":0,"site-sidebar-layout":"default","site-content-layout":"","ast-site-content-layout":"","site-content-style":"default","site-sidebar-style":"default","ast-global-header-display":"","ast-banner-title-visibility":"","ast-main-header-display":"","ast-hfb-above-header-display":"","ast-hfb-below-header-display":"","ast-hfb-mobile-header-display":"","site-post-title":"","ast-breadcrumbs-content":"","ast-featured-img":"","footer-sml-layout":"","theme-transparent-header-meta":"","adv-header-id-meta":"","stick-header-meta":"","header-above-stick-meta":"","header-main-stick-meta":"","header-below-stick-meta":"","astra-migrate-meta-layouts":"default","ast-page-background-enabled":"default","ast-page-background-meta":{"desktop":{"background-color":"var(--ast-global-color-4)","background-image":"","background-repeat":"repeat","background-position":"center center","background-size":"auto","background-attachment":"scroll","background-type":"","background-media":"","overlay-type":"","overlay-color":"","overlay-opacity":"","overlay-gradient":""},"tablet":{"background-color":"","background-image":"","background-repeat":"repeat","background-position":"center center","background-size":"auto","background-attachment":"scroll","background-type":"","background-media":"","overlay-type":"","overlay-color":"","overlay-opacity":"","overlay-gradient":""},"mobile":{"background-color":"","background-image":"","background-repeat":"repeat","background-position":"center center","background-size":"auto","background-attachment":"scroll","background-type":"","background-media":"","overlay-type":"","overlay-color":"","overlay-opacity":"","overlay-gradient":""}},"ast-content-background-meta":{"desktop":{"background-color":"var(--ast-global-color-5)","background-image":"","background-repeat":"repeat","background-position":"center center","background-size":"auto","background-attachment":"scroll","background-type":"","background-media":"","overlay-type":"","overlay-color":"","overlay-opacity":"","overlay-gradient":""},"tablet":{"background-color":"var(--ast-global-color-5)","background-image":"","background-repeat":"repeat","background-position":"center center","background-size":"auto","background-attachment":"scroll","background-type":"","background-media":"","overlay-type":"","overlay-color":"","overlay-opacity":"","overlay-gradient":""},"mobile":{"background-color":"var(--ast-global-color-5)","background-image":"","background-repeat":"repeat","background-position":"center center","background-size":"auto","background-attachment":"scroll","background-type":"","background-media":"","overlay-type":"","overlay-color":"","overlay-opacity":"","overlay-gradient":""}},"footnotes":""},"categories":[4],"tags":[],"class_list":["post-6229","post","type-post","status-publish","format-standard","hentry","category-portada"],"post_mailing_queue_ids":[],"_links":{"self":[{"href":"https:\/\/agora.xtec.cat\/escgaspardeportola\/wp-json\/wp\/v2\/posts\/6229","targetHints":{"allow":["GET"]}}],"collection":[{"href":"https:\/\/agora.xtec.cat\/escgaspardeportola\/wp-json\/wp\/v2\/posts"}],"about":[{"href":"https:\/\/agora.xtec.cat\/escgaspardeportola\/wp-json\/wp\/v2\/types\/post"}],"author":[{"embeddable":true,"href":"https:\/\/agora.xtec.cat\/escgaspardeportola\/wp-json\/wp\/v2\/users\/1"}],"replies":[{"embeddable":true,"href":"https:\/\/agora.xtec.cat\/escgaspardeportola\/wp-json\/wp\/v2\/comments?post=6229"}],"version-history":[{"count":1,"href":"https:\/\/agora.xtec.cat\/escgaspardeportola\/wp-json\/wp\/v2\/posts\/6229\/revisions"}],"predecessor-version":[{"id":6230,"href":"https:\/\/agora.xtec.cat\/escgaspardeportola\/wp-json\/wp\/v2\/posts\/6229\/revisions\/6230"}],"wp:attachment":[{"href":"https:\/\/agora.xtec.cat\/escgaspardeportola\/wp-json\/wp\/v2\/media?parent=6229"}],"wp:term":[{"taxonomy":"category","embeddable":true,"href":"https:\/\/agora.xtec.cat\/escgaspardeportola\/wp-json\/wp\/v2\/categories?post=6229"},{"taxonomy":"post_tag","embeddable":true,"href":"https:\/\/agora.xtec.cat\/escgaspardeportola\/wp-json\/wp\/v2\/tags?post=6229"}],"curies":[{"name":"wp","href":"https:\/\/api.w.org\/{rel}","templated":true}]}}