{"id":6222,"date":"2021-09-17T19:45:30","date_gmt":"2021-09-17T17:45:30","guid":{"rendered":"https:\/\/agora.xtec.cat\/escgaspardeportola\/?p=6222"},"modified":"2022-05-28T11:41:36","modified_gmt":"2022-05-28T09:41:36","slug":"presentacio-dels-actes-de-celebracio-del-50e-aniversari","status":"publish","type":"post","link":"https:\/\/agora.xtec.cat\/escgaspardeportola\/portada\/presentacio-dels-actes-de-celebracio-del-50e-aniversari\/","title":{"rendered":"Presentaci\u00f3 dels actes de celebraci\u00f3 del 50\u00e8 aniversari"},"content":{"rendered":"<p>Aquest mat\u00ed, representaci\u00f3 de tota la comunitat educativa davant mitjans de comunicaci\u00f3 locals, ha tingut el goig d\u2019anunciar els actes de celebraci\u00f3 del 50\u00e8 aniversari de l\u2019escola Gaspar de Portol\u00e0 inaugurada el curs 1971-72\/2021-2022.<\/p>\n<p>Es una data molt significativa ja que al llarg d\u2019aquests 50 anys han passat moltes promocions d\u2019alumnes, professorat, monitors d\u2019esplai, personal d\u2019atenci\u00f3 educativa, del Pas i laboral i han estat i s\u00f3n moltes les fam\u00edlies que han fet i fan possible que la nostra escola sigui un referent educatiu i formatiu a la comarca de la Noguera i en concret a Balaguer.<\/p>\n<p>Moltes s\u00f3n les experi\u00e8ncies i an\u00e8cdotes viscudes al llarg d\u2019aquests anys qu\u00e8 voldr\u00edem fer arribar a tothom que ha passat per Gaspar amb el desig de retrobar-nos al llarg d\u2019aquest curs proposant diferents actuacions que ho facilitin i ho facin possible. D\u2019aqu\u00ed que esperem la m\u00e0xima col\u00b7laboraci\u00f3 i pres\u00e8ncia de tots els sectors de la Comunitat Educativa per a reviure vells temps i comprovar quina ha estat l\u2019evoluci\u00f3 de l\u2019escola fins a dia d\u2019avui. Volem que sigui una experi\u00e8ncia inoblidable, d\u2019aqu\u00ed que vulguem contagiar aquesta il\u00b7lusi\u00f3 amb la participaci\u00f3 de tothom.<\/p>\n<p>Per iniciar hem creat el logo del 50\u00e8 aniversari, una pancarta, una placa commemorativa i dissenyat una samarreta que ben aviat us mostrarem. Durant el curs us anirem anunciant diversos actes com xerrades, actuacions, trobades, exposicions i altres actes commemoratius.<\/p>\n<p>Iniciem doncs, un curs molt especial.<\/p>\n<p><a href=\"https:\/\/photos.app.goo.gl\/7BeG7Dr54BoHK1oB7\"><img loading=\"lazy\" decoding=\"async\" class=\"alignnone size-large\" src=\"https:\/\/lh3.googleusercontent.com\/pw\/AM-JKLUmcTu3mdCwwFHD62dUQ1U75TnLxjwV_j_eDg8ErylwjbQQB-Uh1zGdNNnR-yQVimmHhvkgDtmC6zclhzkGolKs3Bx8rkH98gkQ3Mn7jIrm0D6pKh4KTTSwbgSiAGccyQ4ie-ckvMqaO19gPsOnHBEy=w1388-h925-no?authuser=0\" width=\"1387\" height=\"925\" \/><\/a><\/p>\n<p>Fes clic a la imatge per visualitzar m\u00e9s fotografies (<em>Fotos cedides per <a href=\"https:\/\/www.instagram.com\/ar.comunicacio\/\"><strong>Anna Requena Comunicaci\u00f3<\/strong><\/a>)<\/em><\/p>\n<p><strong><a href=\"https:\/\/www.balaguer.tv\/lescola-gaspar-de-portola-presenta-les-activitats-pel-50e-aniversari-del-centre\/\">Publicaci\u00f3 de Balaguer Televisi\u00f3<\/a><\/strong><\/p>\n<p><a href=\"http:\/\/www.radiobalaguer.cat\/portal\/63\/index.php?EC=ReadArticle&amp;ArticleID=40506\"><strong>Publicaci\u00f3 de R\u00e0dio Balaguer<\/strong><\/a><\/p>\n","protected":false},"excerpt":{"rendered":"<p>Aquest mat\u00ed, representaci\u00f3 de tota la comunitat educativa davant mitjans de comunicaci\u00f3 locals, ha tingut el goig d\u2019anunciar els actes de celebraci\u00f3 del 50\u00e8 aniversari de l\u2019escola Gaspar de Portol\u00e0 inaugurada el curs 1971-72\/2021-2022. Es una data molt significativa ja que al llarg d\u2019aquests 50 anys han passat moltes promocions d\u2019alumnes, professorat, monitors d\u2019esplai, personal [&hellip;]<\/p>\n","protected":false},"author":1,"featured_media":0,"comment_status":"closed","ping_status":"closed","sticky":false,"template":"","format":"standard","meta":{"_bbp_topic_count":0,"_bbp_reply_count":0,"_bbp_total_topic_count":0,"_bbp_total_reply_count":0,"_bbp_voice_count":0,"_bbp_anonymous_reply_count":0,"_bbp_topic_count_hidden":0,"_bbp_reply_count_hidden":0,"_bbp_forum_subforum_count":0,"site-sidebar-layout":"default","site-content-layout":"","ast-site-content-layout":"","site-content-style":"default","site-sidebar-style":"default","ast-global-header-display":"","ast-banner-title-visibility":"","ast-main-header-display":"","ast-hfb-above-header-display":"","ast-hfb-below-header-display":"","ast-hfb-mobile-header-display":"","site-post-title":"","ast-breadcrumbs-content":"","ast-featured-img":"","footer-sml-layout":"","theme-transparent-header-meta":"","adv-header-id-meta":"","stick-header-meta":"","header-above-stick-meta":"","header-main-stick-meta":"","header-below-stick-meta":"","astra-migrate-meta-layouts":"default","ast-page-background-enabled":"default","ast-page-background-meta":{"desktop":{"background-color":"var(--ast-global-color-4)","background-image":"","background-repeat":"repeat","background-position":"center center","background-size":"auto","background-attachment":"scroll","background-type":"","background-media":"","overlay-type":"","overlay-color":"","overlay-opacity":"","overlay-gradient":""},"tablet":{"background-color":"","background-image":"","background-repeat":"repeat","background-position":"center center","background-size":"auto","background-attachment":"scroll","background-type":"","background-media":"","overlay-type":"","overlay-color":"","overlay-opacity":"","overlay-gradient":""},"mobile":{"background-color":"","background-image":"","background-repeat":"repeat","background-position":"center center","background-size":"auto","background-attachment":"scroll","background-type":"","background-media":"","overlay-type":"","overlay-color":"","overlay-opacity":"","overlay-gradient":""}},"ast-content-background-meta":{"desktop":{"background-color":"var(--ast-global-color-5)","background-image":"","background-repeat":"repeat","background-position":"center center","background-size":"auto","background-attachment":"scroll","background-type":"","background-media":"","overlay-type":"","overlay-color":"","overlay-opacity":"","overlay-gradient":""},"tablet":{"background-color":"var(--ast-global-color-5)","background-image":"","background-repeat":"repeat","background-position":"center center","background-size":"auto","background-attachment":"scroll","background-type":"","background-media":"","overlay-type":"","overlay-color":"","overlay-opacity":"","overlay-gradient":""},"mobile":{"background-color":"var(--ast-global-color-5)","background-image":"","background-repeat":"repeat","background-position":"center center","background-size":"auto","background-attachment":"scroll","background-type":"","background-media":"","overlay-type":"","overlay-color":"","overlay-opacity":"","overlay-gradient":""}},"footnotes":""},"categories":[345,4],"tags":[],"class_list":["post-6222","post","type-post","status-publish","format-standard","hentry","category-50e-aniversari","category-portada"],"post_mailing_queue_ids":[],"_links":{"self":[{"href":"https:\/\/agora.xtec.cat\/escgaspardeportola\/wp-json\/wp\/v2\/posts\/6222","targetHints":{"allow":["GET"]}}],"collection":[{"href":"https:\/\/agora.xtec.cat\/escgaspardeportola\/wp-json\/wp\/v2\/posts"}],"about":[{"href":"https:\/\/agora.xtec.cat\/escgaspardeportola\/wp-json\/wp\/v2\/types\/post"}],"author":[{"embeddable":true,"href":"https:\/\/agora.xtec.cat\/escgaspardeportola\/wp-json\/wp\/v2\/users\/1"}],"replies":[{"embeddable":true,"href":"https:\/\/agora.xtec.cat\/escgaspardeportola\/wp-json\/wp\/v2\/comments?post=6222"}],"version-history":[{"count":1,"href":"https:\/\/agora.xtec.cat\/escgaspardeportola\/wp-json\/wp\/v2\/posts\/6222\/revisions"}],"predecessor-version":[{"id":6223,"href":"https:\/\/agora.xtec.cat\/escgaspardeportola\/wp-json\/wp\/v2\/posts\/6222\/revisions\/6223"}],"wp:attachment":[{"href":"https:\/\/agora.xtec.cat\/escgaspardeportola\/wp-json\/wp\/v2\/media?parent=6222"}],"wp:term":[{"taxonomy":"category","embeddable":true,"href":"https:\/\/agora.xtec.cat\/escgaspardeportola\/wp-json\/wp\/v2\/categories?post=6222"},{"taxonomy":"post_tag","embeddable":true,"href":"https:\/\/agora.xtec.cat\/escgaspardeportola\/wp-json\/wp\/v2\/tags?post=6222"}],"curies":[{"name":"wp","href":"https:\/\/api.w.org\/{rel}","templated":true}]}}