{"id":6217,"date":"2021-09-17T18:31:01","date_gmt":"2021-09-17T16:31:01","guid":{"rendered":"https:\/\/agora.xtec.cat\/escgaspardeportola\/?p=6217"},"modified":"2021-09-17T18:31:01","modified_gmt":"2021-09-17T16:31:01","slug":"balaguer-medieval","status":"publish","type":"post","link":"https:\/\/agora.xtec.cat\/escgaspardeportola\/ciclemitja\/balaguer-medieval\/","title":{"rendered":"Balaguer Medieval"},"content":{"rendered":"<p style=\"text-align: center\"><span style=\"color: #003366\"><strong>Ja hem comen\u00e7at el nou curs 2021-22!!!<\/strong><\/span><\/p>\n<p><a href=\"https:\/\/agora.xtec.cat\/escgaspardeportola\/wp-content\/uploads\/usu555\/2021\/09\/Curs-2021-22.pdf\">Curs 2021-22<\/a> <img loading=\"lazy\" decoding=\"async\" class=\"size-large wp-image-6218 aligncenter\" src=\"https:\/\/agora.xtec.cat\/escgaspardeportola\/wp-content\/uploads\/usu555\/2021\/09\/20210917_114511.jpg\" alt=\"\" width=\"448\" height=\"336\" srcset=\"https:\/\/agora.xtec.cat\/escgaspardeportola\/wp-content\/uploads\/usu555\/2021\/09\/20210917_114511.jpg 448w, https:\/\/agora.xtec.cat\/escgaspardeportola\/wp-content\/uploads\/usu555\/2021\/09\/20210917_114511-300x225.jpg 300w, https:\/\/agora.xtec.cat\/escgaspardeportola\/wp-content\/uploads\/usu555\/2021\/09\/20210917_114511-200x150.jpg 200w\" sizes=\"auto, (max-width: 448px) 100vw, 448px\" \/><\/p>\n<p><strong>Avui divendres, dia 17 de setembre, els nois i noies de tercer hem visitat el BALAGUER MEDIEVAL.<\/strong><\/p>\n<p><strong>Hem realitzat tres activitats:<\/strong><\/p>\n<p><strong>Primer hem ballat el Ball de la Galop condu\u00eft per l&#8217;Albert Bonet, al mig de la pla\u00e7a Mercadal. Ens ho hem passat molt b\u00e9!!<\/strong><\/p>\n<p><strong>Despr\u00e9s, hem visitat el Mercat Medieval i hem realitzat el joc de l&#8217;Harpieta, que consistia en buscar pels aparadors de les botigues del casc antic, diferents objectes del museu de Balaguer.\u00a0<\/strong><\/p>\n<p><strong>Finalment, hem anat a la Reguereta i all\u00ed l&#8217;Associaci\u00f3 Dona Rural ens ha demostrat com feien la bugada a l&#8217;\u00e8poca medieval. Tamb\u00e9 hem llegit l&#8217;auca del davantal i ens han regalt algun bocinet de llana!\u00a0<\/strong><\/p>\n<p><strong>Moltes gr\u00e0cies a tots i totes!<\/strong><\/p>\n<p><strong>\u00a0Fotografies de la sortida:\u00a0<a href=\"https:\/\/drive.google.com\/drive\/folders\/1jNn3k9JCe4j7QGgWXMAEAvIjWPAOgn0o?usp=sharing\"> CLICA AQU\u00cd<\/a><\/strong><\/p>\n<p style=\"text-align: left\">\n","protected":false},"excerpt":{"rendered":"<p>Ja hem comen\u00e7at el nou curs 2021-22!!! Curs 2021-22 Avui divendres, dia 17 de setembre, els nois i noies de tercer hem visitat el BALAGUER MEDIEVAL. Hem realitzat tres activitats: Primer hem ballat el Ball de la Galop condu\u00eft per l&#8217;Albert Bonet, al mig de la pla\u00e7a Mercadal. Ens ho hem passat molt b\u00e9!! Despr\u00e9s, [&hellip;]<\/p>\n","protected":false},"author":12,"featured_media":0,"comment_status":"open","ping_status":"closed","sticky":false,"template":"","format":"standard","meta":{"_bbp_topic_count":0,"_bbp_reply_count":0,"_bbp_total_topic_count":0,"_bbp_total_reply_count":0,"_bbp_voice_count":0,"_bbp_anonymous_reply_count":0,"_bbp_topic_count_hidden":0,"_bbp_reply_count_hidden":0,"_bbp_forum_subforum_count":0,"site-sidebar-layout":"default","site-content-layout":"","ast-site-content-layout":"","site-content-style":"default","site-sidebar-style":"default","ast-global-header-display":"","ast-banner-title-visibility":"","ast-main-header-display":"","ast-hfb-above-header-display":"","ast-hfb-below-header-display":"","ast-hfb-mobile-header-display":"","site-post-title":"","ast-breadcrumbs-content":"","ast-featured-img":"","footer-sml-layout":"","theme-transparent-header-meta":"","adv-header-id-meta":"","stick-header-meta":"","header-above-stick-meta":"","header-main-stick-meta":"","header-below-stick-meta":"","astra-migrate-meta-layouts":"default","ast-page-background-enabled":"default","ast-page-background-meta":{"desktop":{"background-color":"var(--ast-global-color-4)","background-image":"","background-repeat":"repeat","background-position":"center center","background-size":"auto","background-attachment":"scroll","background-type":"","background-media":"","overlay-type":"","overlay-color":"","overlay-opacity":"","overlay-gradient":""},"tablet":{"background-color":"","background-image":"","background-repeat":"repeat","background-position":"center center","background-size":"auto","background-attachment":"scroll","background-type":"","background-media":"","overlay-type":"","overlay-color":"","overlay-opacity":"","overlay-gradient":""},"mobile":{"background-color":"","background-image":"","background-repeat":"repeat","background-position":"center center","background-size":"auto","background-attachment":"scroll","background-type":"","background-media":"","overlay-type":"","overlay-color":"","overlay-opacity":"","overlay-gradient":""}},"ast-content-background-meta":{"desktop":{"background-color":"var(--ast-global-color-5)","background-image":"","background-repeat":"repeat","background-position":"center center","background-size":"auto","background-attachment":"scroll","background-type":"","background-media":"","overlay-type":"","overlay-color":"","overlay-opacity":"","overlay-gradient":""},"tablet":{"background-color":"var(--ast-global-color-5)","background-image":"","background-repeat":"repeat","background-position":"center center","background-size":"auto","background-attachment":"scroll","background-type":"","background-media":"","overlay-type":"","overlay-color":"","overlay-opacity":"","overlay-gradient":""},"mobile":{"background-color":"var(--ast-global-color-5)","background-image":"","background-repeat":"repeat","background-position":"center center","background-size":"auto","background-attachment":"scroll","background-type":"","background-media":"","overlay-type":"","overlay-color":"","overlay-opacity":"","overlay-gradient":""}},"footnotes":""},"categories":[60],"tags":[],"class_list":["post-6217","post","type-post","status-publish","format-standard","hentry","category-ciclemitja"],"post_mailing_queue_ids":[],"_links":{"self":[{"href":"https:\/\/agora.xtec.cat\/escgaspardeportola\/wp-json\/wp\/v2\/posts\/6217","targetHints":{"allow":["GET"]}}],"collection":[{"href":"https:\/\/agora.xtec.cat\/escgaspardeportola\/wp-json\/wp\/v2\/posts"}],"about":[{"href":"https:\/\/agora.xtec.cat\/escgaspardeportola\/wp-json\/wp\/v2\/types\/post"}],"author":[{"embeddable":true,"href":"https:\/\/agora.xtec.cat\/escgaspardeportola\/wp-json\/wp\/v2\/users\/12"}],"replies":[{"embeddable":true,"href":"https:\/\/agora.xtec.cat\/escgaspardeportola\/wp-json\/wp\/v2\/comments?post=6217"}],"version-history":[{"count":1,"href":"https:\/\/agora.xtec.cat\/escgaspardeportola\/wp-json\/wp\/v2\/posts\/6217\/revisions"}],"predecessor-version":[{"id":6219,"href":"https:\/\/agora.xtec.cat\/escgaspardeportola\/wp-json\/wp\/v2\/posts\/6217\/revisions\/6219"}],"wp:attachment":[{"href":"https:\/\/agora.xtec.cat\/escgaspardeportola\/wp-json\/wp\/v2\/media?parent=6217"}],"wp:term":[{"taxonomy":"category","embeddable":true,"href":"https:\/\/agora.xtec.cat\/escgaspardeportola\/wp-json\/wp\/v2\/categories?post=6217"},{"taxonomy":"post_tag","embeddable":true,"href":"https:\/\/agora.xtec.cat\/escgaspardeportola\/wp-json\/wp\/v2\/tags?post=6217"}],"curies":[{"name":"wp","href":"https:\/\/api.w.org\/{rel}","templated":true}]}}