{"id":6156,"date":"2021-06-23T13:28:20","date_gmt":"2021-06-23T11:28:20","guid":{"rendered":"http:\/\/agora.xtec.cat\/escgaspardeportola\/?p=6156"},"modified":"2021-06-23T13:29:36","modified_gmt":"2021-06-23T11:29:36","slug":"posat-la-gorra-3","status":"publish","type":"post","link":"https:\/\/agora.xtec.cat\/escgaspardeportola\/ciclemitja\/posat-la-gorra-3\/","title":{"rendered":"Posa&#8217;t la gorra"},"content":{"rendered":"<p>L&#8217;edici\u00f3 d&#8217;enguany del &#8220;Posa&#8217;t la gorra&#8221; s&#8217;ha centrat en la tem\u00e0tica de les dones de refer\u00e8ncia a nivell local. Des de l&#8217;escola, i en espec\u00edfic des de cicle mitj\u00e0, es va proposar a la balaguerina M\u00f2nica Boladeres per explicar l&#8217;alumnat la seva traject\u00f2ria personal. L&#8217;antiga alumna del Gaspar de Portol\u00e0 va vindre un mat\u00ed a l&#8217;escola i va explicar als alumnes de 3r i 4t viv\u00e8ncies i an\u00e8cdotes i va respondre totes les preguntes i dubtes que li van formular.<\/p>\n<p>A m\u00e9s, una vegada feta la visita, es van fer unes rodones de cartr\u00f3 explicant cadascuna els \u00e0mbits personals m\u00e9s importants i interessants de la vida de la persona en q\u00fcesti\u00f3 que m\u00e9s tard s&#8217;exposaran.<\/p>\n<p>Per veure la visita de la M\u00f2nica Boladeres i les rodones confeccionades, aqu\u00ed teniu els enlla\u00e7os:<\/p>\n<p><a href=\"https:\/\/drive.google.com\/drive\/folders\/1-G-BrZTh-Qb8AHOep3jtVgVYsk_NjXwa?usp=sharing\">M\u00f2nica Boladeres (xerrada\/3r)<\/a><\/p>\n<p><a href=\"https:\/\/drive.google.com\/drive\/folders\/1MdYXAcMbSCyuMPN-OvMr5Hk7yQQyVR7x?usp=sharing\">M\u00f2nica Boladeres (xerrada\/4t)<\/a><\/p>\n<p><a href=\"https:\/\/drive.google.com\/drive\/folders\/1ON1FKerbmf5AApIhLCyuD9XoB5_YRFmx?usp=sharing\">M\u00f2nica Boladeres (manualitat\/3r)<\/a><\/p>\n<p><a href=\"https:\/\/drive.google.com\/drive\/folders\/1O0vfooTqcFa45bEdjrAe61GImQ2-NJ6q?usp=sharing\">M\u00f3nica Boladeres (manualitat\/4t)<\/a><\/p>\n","protected":false},"excerpt":{"rendered":"<p>L&#8217;edici\u00f3 d&#8217;enguany del &#8220;Posa&#8217;t la gorra&#8221; s&#8217;ha centrat en la tem\u00e0tica de les dones de refer\u00e8ncia a nivell local. Des de l&#8217;escola, i en espec\u00edfic des de cicle mitj\u00e0, es va proposar a la balaguerina M\u00f2nica Boladeres per explicar l&#8217;alumnat la seva traject\u00f2ria personal. L&#8217;antiga alumna del Gaspar de Portol\u00e0 va vindre un mat\u00ed a [&hellip;]<\/p>\n","protected":false},"author":31,"featured_media":6157,"comment_status":"open","ping_status":"closed","sticky":false,"template":"","format":"standard","meta":{"_bbp_topic_count":0,"_bbp_reply_count":0,"_bbp_total_topic_count":0,"_bbp_total_reply_count":0,"_bbp_voice_count":0,"_bbp_anonymous_reply_count":0,"_bbp_topic_count_hidden":0,"_bbp_reply_count_hidden":0,"_bbp_forum_subforum_count":0,"site-sidebar-layout":"default","site-content-layout":"","ast-site-content-layout":"","site-content-style":"default","site-sidebar-style":"default","ast-global-header-display":"","ast-banner-title-visibility":"","ast-main-header-display":"","ast-hfb-above-header-display":"","ast-hfb-below-header-display":"","ast-hfb-mobile-header-display":"","site-post-title":"","ast-breadcrumbs-content":"","ast-featured-img":"","footer-sml-layout":"","theme-transparent-header-meta":"","adv-header-id-meta":"","stick-header-meta":"","header-above-stick-meta":"","header-main-stick-meta":"","header-below-stick-meta":"","astra-migrate-meta-layouts":"default","ast-page-background-enabled":"default","ast-page-background-meta":{"desktop":{"background-color":"var(--ast-global-color-4)","background-image":"","background-repeat":"repeat","background-position":"center center","background-size":"auto","background-attachment":"scroll","background-type":"","background-media":"","overlay-type":"","overlay-color":"","overlay-opacity":"","overlay-gradient":""},"tablet":{"background-color":"","background-image":"","background-repeat":"repeat","background-position":"center center","background-size":"auto","background-attachment":"scroll","background-type":"","background-media":"","overlay-type":"","overlay-color":"","overlay-opacity":"","overlay-gradient":""},"mobile":{"background-color":"","background-image":"","background-repeat":"repeat","background-position":"center center","background-size":"auto","background-attachment":"scroll","background-type":"","background-media":"","overlay-type":"","overlay-color":"","overlay-opacity":"","overlay-gradient":""}},"ast-content-background-meta":{"desktop":{"background-color":"var(--ast-global-color-5)","background-image":"","background-repeat":"repeat","background-position":"center center","background-size":"auto","background-attachment":"scroll","background-type":"","background-media":"","overlay-type":"","overlay-color":"","overlay-opacity":"","overlay-gradient":""},"tablet":{"background-color":"var(--ast-global-color-5)","background-image":"","background-repeat":"repeat","background-position":"center center","background-size":"auto","background-attachment":"scroll","background-type":"","background-media":"","overlay-type":"","overlay-color":"","overlay-opacity":"","overlay-gradient":""},"mobile":{"background-color":"var(--ast-global-color-5)","background-image":"","background-repeat":"repeat","background-position":"center center","background-size":"auto","background-attachment":"scroll","background-type":"","background-media":"","overlay-type":"","overlay-color":"","overlay-opacity":"","overlay-gradient":""}},"footnotes":""},"categories":[60],"tags":[],"class_list":["post-6156","post","type-post","status-publish","format-standard","has-post-thumbnail","hentry","category-ciclemitja"],"post_mailing_queue_ids":[],"_links":{"self":[{"href":"https:\/\/agora.xtec.cat\/escgaspardeportola\/wp-json\/wp\/v2\/posts\/6156","targetHints":{"allow":["GET"]}}],"collection":[{"href":"https:\/\/agora.xtec.cat\/escgaspardeportola\/wp-json\/wp\/v2\/posts"}],"about":[{"href":"https:\/\/agora.xtec.cat\/escgaspardeportola\/wp-json\/wp\/v2\/types\/post"}],"author":[{"embeddable":true,"href":"https:\/\/agora.xtec.cat\/escgaspardeportola\/wp-json\/wp\/v2\/users\/31"}],"replies":[{"embeddable":true,"href":"https:\/\/agora.xtec.cat\/escgaspardeportola\/wp-json\/wp\/v2\/comments?post=6156"}],"version-history":[{"count":2,"href":"https:\/\/agora.xtec.cat\/escgaspardeportola\/wp-json\/wp\/v2\/posts\/6156\/revisions"}],"predecessor-version":[{"id":6159,"href":"https:\/\/agora.xtec.cat\/escgaspardeportola\/wp-json\/wp\/v2\/posts\/6156\/revisions\/6159"}],"wp:featuredmedia":[{"embeddable":true,"href":"https:\/\/agora.xtec.cat\/escgaspardeportola\/wp-json\/wp\/v2\/media\/6157"}],"wp:attachment":[{"href":"https:\/\/agora.xtec.cat\/escgaspardeportola\/wp-json\/wp\/v2\/media?parent=6156"}],"wp:term":[{"taxonomy":"category","embeddable":true,"href":"https:\/\/agora.xtec.cat\/escgaspardeportola\/wp-json\/wp\/v2\/categories?post=6156"},{"taxonomy":"post_tag","embeddable":true,"href":"https:\/\/agora.xtec.cat\/escgaspardeportola\/wp-json\/wp\/v2\/tags?post=6156"}],"curies":[{"name":"wp","href":"https:\/\/api.w.org\/{rel}","templated":true}]}}