{"id":6087,"date":"2021-06-09T23:22:37","date_gmt":"2021-06-09T21:22:37","guid":{"rendered":"http:\/\/agora.xtec.cat\/escgaspardeportola\/?p=6087"},"modified":"2021-06-09T23:22:37","modified_gmt":"2021-06-09T21:22:37","slug":"sortida-a-cardona","status":"publish","type":"post","link":"https:\/\/agora.xtec.cat\/escgaspardeportola\/ciclemitja\/sortida-a-cardona\/","title":{"rendered":"Sortida a Cardona"},"content":{"rendered":"<p>Per donar el curs 2020-2021 per tancat, els cursos de 3r i 4t van realitzar una sortida a la poblaci\u00f3 de Cardona com a excursi\u00f3 de final de curs. Fent un petit trajecte de poc m\u00e9s d&#8217;una hora en autob\u00fas, just arribar al poble barcelon\u00ed l&#8217;alumnat va poder esmorzar al parking de les mines de sal de Cardona. Una vegada carregades les piles, els cursos es van dividir en dos grups.<\/p>\n<p>D&#8217;una banda, un grup va visitar l&#8217;explotaci\u00f3 minera de la poblaci\u00f3, on va poder aprendre tota la seva hist\u00f2ria des dels temps dels ibers fins a l&#8217;actualitat mitjan\u00e7ant una visita teatralitzada molt divertida per l&#8217;interior de les instal\u00b7lacions.<\/p>\n<p>D&#8217;una altra banda, l&#8217;altre grup va fer una visita guiada al castell de Cardona. L&#8217;alumnat va aprendre, gr\u00e0cies a les explicacions dels guies i la seva participaci\u00f3 en activitats participatives, els origens del recinte, la seva contextualitzaci\u00f3, els personatges hist\u00f2rics amb els que es va relacionar&#8230;<\/p>\n<p>Una vegada cada grup va finalitzar la seva activitat, es van intercanviar les visites. Per \u00faltim, tots els grups van dinar abans de fer el viatge de tornada a Balaguer i donar per acabada una jornada que va resultar ser tant educativa com divertida.<\/p>\n<p>Per veure les imatges, feu click als seg\u00fcents enlla\u00e7os:<\/p>\n<p><a href=\"https:\/\/drive.google.com\/drive\/folders\/1-FXxth7CqII84BbLL0av6M1amrASTyFN?usp=sharing\">Sortida a Cardona (3r A)<\/a><\/p>\n<p><a href=\"https:\/\/drive.google.com\/drive\/folders\/1-2mXex1Wp2mSNCBW35DH-V2ftgH9eNMm?usp=sharing\">Sortida a Cardona (3r B)<\/a><\/p>\n<p><a href=\"https:\/\/drive.google.com\/drive\/folders\/1-7cT7U1QGR_8kvKPa9kMGTUPhp6H7WSm?usp=sharing\">Sortida a Cardona (3r C)<\/a><\/p>\n<p><a href=\"https:\/\/drive.google.com\/drive\/folders\/1H67WYBY7ni5oylzrAuAyrIKrLHvhj_mx?usp=sharing\">Sortida a Cardona (4t)<\/a><\/p>\n","protected":false},"excerpt":{"rendered":"<p>Per donar el curs 2020-2021 per tancat, els cursos de 3r i 4t van realitzar una sortida a la poblaci\u00f3 de Cardona com a excursi\u00f3 de final de curs. Fent un petit trajecte de poc m\u00e9s d&#8217;una hora en autob\u00fas, just arribar al poble barcelon\u00ed l&#8217;alumnat va poder esmorzar al parking de les mines de [&hellip;]<\/p>\n","protected":false},"author":31,"featured_media":6088,"comment_status":"open","ping_status":"closed","sticky":false,"template":"","format":"standard","meta":{"_bbp_topic_count":0,"_bbp_reply_count":0,"_bbp_total_topic_count":0,"_bbp_total_reply_count":0,"_bbp_voice_count":0,"_bbp_anonymous_reply_count":0,"_bbp_topic_count_hidden":0,"_bbp_reply_count_hidden":0,"_bbp_forum_subforum_count":0,"site-sidebar-layout":"default","site-content-layout":"","ast-site-content-layout":"","site-content-style":"default","site-sidebar-style":"default","ast-global-header-display":"","ast-banner-title-visibility":"","ast-main-header-display":"","ast-hfb-above-header-display":"","ast-hfb-below-header-display":"","ast-hfb-mobile-header-display":"","site-post-title":"","ast-breadcrumbs-content":"","ast-featured-img":"","footer-sml-layout":"","theme-transparent-header-meta":"","adv-header-id-meta":"","stick-header-meta":"","header-above-stick-meta":"","header-main-stick-meta":"","header-below-stick-meta":"","astra-migrate-meta-layouts":"default","ast-page-background-enabled":"default","ast-page-background-meta":{"desktop":{"background-color":"var(--ast-global-color-4)","background-image":"","background-repeat":"repeat","background-position":"center center","background-size":"auto","background-attachment":"scroll","background-type":"","background-media":"","overlay-type":"","overlay-color":"","overlay-opacity":"","overlay-gradient":""},"tablet":{"background-color":"","background-image":"","background-repeat":"repeat","background-position":"center center","background-size":"auto","background-attachment":"scroll","background-type":"","background-media":"","overlay-type":"","overlay-color":"","overlay-opacity":"","overlay-gradient":""},"mobile":{"background-color":"","background-image":"","background-repeat":"repeat","background-position":"center center","background-size":"auto","background-attachment":"scroll","background-type":"","background-media":"","overlay-type":"","overlay-color":"","overlay-opacity":"","overlay-gradient":""}},"ast-content-background-meta":{"desktop":{"background-color":"var(--ast-global-color-5)","background-image":"","background-repeat":"repeat","background-position":"center center","background-size":"auto","background-attachment":"scroll","background-type":"","background-media":"","overlay-type":"","overlay-color":"","overlay-opacity":"","overlay-gradient":""},"tablet":{"background-color":"var(--ast-global-color-5)","background-image":"","background-repeat":"repeat","background-position":"center center","background-size":"auto","background-attachment":"scroll","background-type":"","background-media":"","overlay-type":"","overlay-color":"","overlay-opacity":"","overlay-gradient":""},"mobile":{"background-color":"var(--ast-global-color-5)","background-image":"","background-repeat":"repeat","background-position":"center center","background-size":"auto","background-attachment":"scroll","background-type":"","background-media":"","overlay-type":"","overlay-color":"","overlay-opacity":"","overlay-gradient":""}},"footnotes":""},"categories":[60],"tags":[],"class_list":["post-6087","post","type-post","status-publish","format-standard","has-post-thumbnail","hentry","category-ciclemitja"],"post_mailing_queue_ids":[],"_links":{"self":[{"href":"https:\/\/agora.xtec.cat\/escgaspardeportola\/wp-json\/wp\/v2\/posts\/6087","targetHints":{"allow":["GET"]}}],"collection":[{"href":"https:\/\/agora.xtec.cat\/escgaspardeportola\/wp-json\/wp\/v2\/posts"}],"about":[{"href":"https:\/\/agora.xtec.cat\/escgaspardeportola\/wp-json\/wp\/v2\/types\/post"}],"author":[{"embeddable":true,"href":"https:\/\/agora.xtec.cat\/escgaspardeportola\/wp-json\/wp\/v2\/users\/31"}],"replies":[{"embeddable":true,"href":"https:\/\/agora.xtec.cat\/escgaspardeportola\/wp-json\/wp\/v2\/comments?post=6087"}],"version-history":[{"count":1,"href":"https:\/\/agora.xtec.cat\/escgaspardeportola\/wp-json\/wp\/v2\/posts\/6087\/revisions"}],"predecessor-version":[{"id":6089,"href":"https:\/\/agora.xtec.cat\/escgaspardeportola\/wp-json\/wp\/v2\/posts\/6087\/revisions\/6089"}],"wp:featuredmedia":[{"embeddable":true,"href":"https:\/\/agora.xtec.cat\/escgaspardeportola\/wp-json\/wp\/v2\/media\/6088"}],"wp:attachment":[{"href":"https:\/\/agora.xtec.cat\/escgaspardeportola\/wp-json\/wp\/v2\/media?parent=6087"}],"wp:term":[{"taxonomy":"category","embeddable":true,"href":"https:\/\/agora.xtec.cat\/escgaspardeportola\/wp-json\/wp\/v2\/categories?post=6087"},{"taxonomy":"post_tag","embeddable":true,"href":"https:\/\/agora.xtec.cat\/escgaspardeportola\/wp-json\/wp\/v2\/tags?post=6087"}],"curies":[{"name":"wp","href":"https:\/\/api.w.org\/{rel}","templated":true}]}}