{"id":6053,"date":"2021-06-07T09:33:15","date_gmt":"2021-06-07T07:33:15","guid":{"rendered":"http:\/\/agora.xtec.cat\/escgaspardeportola\/?p=6053"},"modified":"2021-06-07T09:33:15","modified_gmt":"2021-06-07T07:33:15","slug":"internet-segura-a-cicle-superior","status":"publish","type":"post","link":"https:\/\/agora.xtec.cat\/escgaspardeportola\/general\/internet-segura-a-cicle-superior\/","title":{"rendered":"Internet Segura a Cicle Superior"},"content":{"rendered":"<p>&nbsp;<\/p>\n<p><img loading=\"lazy\" decoding=\"async\" class=\"alignnone size-thumbnail wp-image-6054 aligncenter\" src=\"https:\/\/agora.xtec.cat\/escgaspardeportola\/wp-content\/uploads\/usu555\/2021\/06\/unnamed-300x166.jpg\" alt=\"\" width=\"300\" height=\"166\" srcset=\"https:\/\/agora.xtec.cat\/escgaspardeportola\/wp-content\/uploads\/usu555\/2021\/06\/unnamed-300x166.jpg 300w, https:\/\/agora.xtec.cat\/escgaspardeportola\/wp-content\/uploads\/usu555\/2021\/06\/unnamed.jpg 470w\" sizes=\"auto, (max-width: 300px) 100vw, 300px\" \/><\/p>\n<p>Els joves d\u2019avui es troben i es relacionen a les xarxes socials de forma natural; s&#8217;envien missatges, xategen, tenen perfils a les xarxes socials, blocs, pengen fotos i les comenten, comparteixen arxius&#8230; I aprenen r\u00e0pidament a utilitzar qualsevol nova xarxa social o prestaci\u00f3 dels dispositius que tenen o que hi ha a casa.<\/p>\n<p>Les xarxes socials no s\u00f3n ni bones ni dolentes; tot dep\u00e8n de com s&#8217;utilitzin. Els pares i mares i els docents, per als quals de vegades \u00e9s un entorn for\u00e7a nou, hem d\u2019educar-los tamb\u00e9 per fer un \u00fas responsable i segur de les xarxes socials.<\/p>\n<p>Per tot aix\u00f2 avui ens han vingut a fer una xerrada a l&#8217;escola sobre aquest tema que tant al dia est\u00e0. Moltes gr\u00e0cies als mossos d&#8217;Esquadra per ajudar-nos a fer-nos m\u00e9s conscients sobre el tema.<\/p>\n<p>Aqu\u00ed us en deixem algunes <a href=\"https:\/\/drive.google.com\/drive\/folders\/1y5kvD4Hs-hbzE9r2j00T5hPXj4xUM62E?usp=sharing\">imatges<\/a>.<\/p>\n","protected":false},"excerpt":{"rendered":"<p>&nbsp; Els joves d\u2019avui es troben i es relacionen a les xarxes socials de forma natural; s&#8217;envien missatges, xategen, tenen perfils a les xarxes socials, blocs, pengen fotos i les comenten, comparteixen arxius&#8230; I aprenen r\u00e0pidament a utilitzar qualsevol nova xarxa social o prestaci\u00f3 dels dispositius que tenen o que hi ha a casa. Les [&hellip;]<\/p>\n","protected":false},"author":24,"featured_media":0,"comment_status":"closed","ping_status":"closed","sticky":false,"template":"","format":"standard","meta":{"_bbp_topic_count":0,"_bbp_reply_count":0,"_bbp_total_topic_count":0,"_bbp_total_reply_count":0,"_bbp_voice_count":0,"_bbp_anonymous_reply_count":0,"_bbp_topic_count_hidden":0,"_bbp_reply_count_hidden":0,"_bbp_forum_subforum_count":0,"site-sidebar-layout":"default","site-content-layout":"","ast-site-content-layout":"","site-content-style":"default","site-sidebar-style":"default","ast-global-header-display":"","ast-banner-title-visibility":"","ast-main-header-display":"","ast-hfb-above-header-display":"","ast-hfb-below-header-display":"","ast-hfb-mobile-header-display":"","site-post-title":"","ast-breadcrumbs-content":"","ast-featured-img":"","footer-sml-layout":"","theme-transparent-header-meta":"","adv-header-id-meta":"","stick-header-meta":"","header-above-stick-meta":"","header-main-stick-meta":"","header-below-stick-meta":"","astra-migrate-meta-layouts":"default","ast-page-background-enabled":"default","ast-page-background-meta":{"desktop":{"background-color":"var(--ast-global-color-4)","background-image":"","background-repeat":"repeat","background-position":"center center","background-size":"auto","background-attachment":"scroll","background-type":"","background-media":"","overlay-type":"","overlay-color":"","overlay-opacity":"","overlay-gradient":""},"tablet":{"background-color":"","background-image":"","background-repeat":"repeat","background-position":"center center","background-size":"auto","background-attachment":"scroll","background-type":"","background-media":"","overlay-type":"","overlay-color":"","overlay-opacity":"","overlay-gradient":""},"mobile":{"background-color":"","background-image":"","background-repeat":"repeat","background-position":"center center","background-size":"auto","background-attachment":"scroll","background-type":"","background-media":"","overlay-type":"","overlay-color":"","overlay-opacity":"","overlay-gradient":""}},"ast-content-background-meta":{"desktop":{"background-color":"var(--ast-global-color-5)","background-image":"","background-repeat":"repeat","background-position":"center center","background-size":"auto","background-attachment":"scroll","background-type":"","background-media":"","overlay-type":"","overlay-color":"","overlay-opacity":"","overlay-gradient":""},"tablet":{"background-color":"var(--ast-global-color-5)","background-image":"","background-repeat":"repeat","background-position":"center center","background-size":"auto","background-attachment":"scroll","background-type":"","background-media":"","overlay-type":"","overlay-color":"","overlay-opacity":"","overlay-gradient":""},"mobile":{"background-color":"var(--ast-global-color-5)","background-image":"","background-repeat":"repeat","background-position":"center center","background-size":"auto","background-attachment":"scroll","background-type":"","background-media":"","overlay-type":"","overlay-color":"","overlay-opacity":"","overlay-gradient":""}},"footnotes":""},"categories":[290,1],"tags":[],"class_list":["post-6053","post","type-post","status-publish","format-standard","hentry","category-cicle-superior","category-general"],"post_mailing_queue_ids":[],"_links":{"self":[{"href":"https:\/\/agora.xtec.cat\/escgaspardeportola\/wp-json\/wp\/v2\/posts\/6053","targetHints":{"allow":["GET"]}}],"collection":[{"href":"https:\/\/agora.xtec.cat\/escgaspardeportola\/wp-json\/wp\/v2\/posts"}],"about":[{"href":"https:\/\/agora.xtec.cat\/escgaspardeportola\/wp-json\/wp\/v2\/types\/post"}],"author":[{"embeddable":true,"href":"https:\/\/agora.xtec.cat\/escgaspardeportola\/wp-json\/wp\/v2\/users\/24"}],"replies":[{"embeddable":true,"href":"https:\/\/agora.xtec.cat\/escgaspardeportola\/wp-json\/wp\/v2\/comments?post=6053"}],"version-history":[{"count":1,"href":"https:\/\/agora.xtec.cat\/escgaspardeportola\/wp-json\/wp\/v2\/posts\/6053\/revisions"}],"predecessor-version":[{"id":6055,"href":"https:\/\/agora.xtec.cat\/escgaspardeportola\/wp-json\/wp\/v2\/posts\/6053\/revisions\/6055"}],"wp:attachment":[{"href":"https:\/\/agora.xtec.cat\/escgaspardeportola\/wp-json\/wp\/v2\/media?parent=6053"}],"wp:term":[{"taxonomy":"category","embeddable":true,"href":"https:\/\/agora.xtec.cat\/escgaspardeportola\/wp-json\/wp\/v2\/categories?post=6053"},{"taxonomy":"post_tag","embeddable":true,"href":"https:\/\/agora.xtec.cat\/escgaspardeportola\/wp-json\/wp\/v2\/tags?post=6053"}],"curies":[{"name":"wp","href":"https:\/\/api.w.org\/{rel}","templated":true}]}}