{"id":5941,"date":"2021-05-17T11:08:20","date_gmt":"2021-05-17T09:08:20","guid":{"rendered":"http:\/\/agora.xtec.cat\/escgaspardeportola\/?p=5941"},"modified":"2021-05-17T11:08:20","modified_gmt":"2021-05-17T09:08:20","slug":"suport-vital-basic-als-centres-educatius","status":"publish","type":"post","link":"https:\/\/agora.xtec.cat\/escgaspardeportola\/general\/suport-vital-basic-als-centres-educatius\/","title":{"rendered":"Suport Vital B\u00e0sic als centres Educatius."},"content":{"rendered":"<p><img loading=\"lazy\" decoding=\"async\" class=\"alignnone size-full wp-image-5944\" src=\"https:\/\/agora.xtec.cat\/escgaspardeportola\/wp-content\/uploads\/usu555\/2021\/05\/baixa.jpg\" alt=\"\" width=\"284\" height=\"177\" \/><\/p>\n<p>Per tal d&#8217;ampliar el curr\u00edculum de l&#8217;alumnat el Departament d&#8217;Ensenyament juntament amb el Consell Catal\u00e0 de Ressuscitaci\u00f3 proposen als centres educatius una formaci\u00f3 sobre els protocols d&#8217;actuaci\u00f3 en cas de mort sobtada.<\/p>\n<p>A Catalunya el programa s\u2019inicia amb els alumnes d\u2019Educaci\u00f3 Infantil i finalitza a 4t d\u2019ESO. A cada nivell educatiu es reforcen els aprenentatges del curs anterior i es treballen nous objectius.<\/p>\n<p>Els i les alumnes de cicle superior de Gaspar de Portol\u00e0 ho hem posat en pr\u00e0ctica i hem pogut aprendre diferents t\u00e8cniques i protocols d&#8217;actuaci\u00f3. Us deixem una mostra de la nostra pr\u00e0ctica en forma de <a href=\"https:\/\/drive.google.com\/drive\/folders\/1VThsCZX_ULKapWj5LHCyoGzDyoyZH4WT?usp=sharing\">fotografies<\/a>.<\/p>\n<p>Seguim aprenent!<\/p>\n<p>&nbsp;<\/p>\n","protected":false},"excerpt":{"rendered":"<p>Per tal d&#8217;ampliar el curr\u00edculum de l&#8217;alumnat el Departament d&#8217;Ensenyament juntament amb el Consell Catal\u00e0 de Ressuscitaci\u00f3 proposen als centres educatius una formaci\u00f3 sobre els protocols d&#8217;actuaci\u00f3 en cas de mort sobtada. A Catalunya el programa s\u2019inicia amb els alumnes d\u2019Educaci\u00f3 Infantil i finalitza a 4t d\u2019ESO. A cada nivell educatiu es reforcen els aprenentatges [&hellip;]<\/p>\n","protected":false},"author":24,"featured_media":0,"comment_status":"closed","ping_status":"closed","sticky":false,"template":"","format":"standard","meta":{"_bbp_topic_count":0,"_bbp_reply_count":0,"_bbp_total_topic_count":0,"_bbp_total_reply_count":0,"_bbp_voice_count":0,"_bbp_anonymous_reply_count":0,"_bbp_topic_count_hidden":0,"_bbp_reply_count_hidden":0,"_bbp_forum_subforum_count":0,"site-sidebar-layout":"default","site-content-layout":"","ast-site-content-layout":"","site-content-style":"default","site-sidebar-style":"default","ast-global-header-display":"","ast-banner-title-visibility":"","ast-main-header-display":"","ast-hfb-above-header-display":"","ast-hfb-below-header-display":"","ast-hfb-mobile-header-display":"","site-post-title":"","ast-breadcrumbs-content":"","ast-featured-img":"","footer-sml-layout":"","theme-transparent-header-meta":"","adv-header-id-meta":"","stick-header-meta":"","header-above-stick-meta":"","header-main-stick-meta":"","header-below-stick-meta":"","astra-migrate-meta-layouts":"default","ast-page-background-enabled":"default","ast-page-background-meta":{"desktop":{"background-color":"var(--ast-global-color-4)","background-image":"","background-repeat":"repeat","background-position":"center center","background-size":"auto","background-attachment":"scroll","background-type":"","background-media":"","overlay-type":"","overlay-color":"","overlay-opacity":"","overlay-gradient":""},"tablet":{"background-color":"","background-image":"","background-repeat":"repeat","background-position":"center center","background-size":"auto","background-attachment":"scroll","background-type":"","background-media":"","overlay-type":"","overlay-color":"","overlay-opacity":"","overlay-gradient":""},"mobile":{"background-color":"","background-image":"","background-repeat":"repeat","background-position":"center center","background-size":"auto","background-attachment":"scroll","background-type":"","background-media":"","overlay-type":"","overlay-color":"","overlay-opacity":"","overlay-gradient":""}},"ast-content-background-meta":{"desktop":{"background-color":"var(--ast-global-color-5)","background-image":"","background-repeat":"repeat","background-position":"center center","background-size":"auto","background-attachment":"scroll","background-type":"","background-media":"","overlay-type":"","overlay-color":"","overlay-opacity":"","overlay-gradient":""},"tablet":{"background-color":"var(--ast-global-color-5)","background-image":"","background-repeat":"repeat","background-position":"center center","background-size":"auto","background-attachment":"scroll","background-type":"","background-media":"","overlay-type":"","overlay-color":"","overlay-opacity":"","overlay-gradient":""},"mobile":{"background-color":"var(--ast-global-color-5)","background-image":"","background-repeat":"repeat","background-position":"center center","background-size":"auto","background-attachment":"scroll","background-type":"","background-media":"","overlay-type":"","overlay-color":"","overlay-opacity":"","overlay-gradient":""}},"footnotes":""},"categories":[290,1],"tags":[],"class_list":["post-5941","post","type-post","status-publish","format-standard","hentry","category-cicle-superior","category-general"],"post_mailing_queue_ids":[],"_links":{"self":[{"href":"https:\/\/agora.xtec.cat\/escgaspardeportola\/wp-json\/wp\/v2\/posts\/5941","targetHints":{"allow":["GET"]}}],"collection":[{"href":"https:\/\/agora.xtec.cat\/escgaspardeportola\/wp-json\/wp\/v2\/posts"}],"about":[{"href":"https:\/\/agora.xtec.cat\/escgaspardeportola\/wp-json\/wp\/v2\/types\/post"}],"author":[{"embeddable":true,"href":"https:\/\/agora.xtec.cat\/escgaspardeportola\/wp-json\/wp\/v2\/users\/24"}],"replies":[{"embeddable":true,"href":"https:\/\/agora.xtec.cat\/escgaspardeportola\/wp-json\/wp\/v2\/comments?post=5941"}],"version-history":[{"count":1,"href":"https:\/\/agora.xtec.cat\/escgaspardeportola\/wp-json\/wp\/v2\/posts\/5941\/revisions"}],"predecessor-version":[{"id":5945,"href":"https:\/\/agora.xtec.cat\/escgaspardeportola\/wp-json\/wp\/v2\/posts\/5941\/revisions\/5945"}],"wp:attachment":[{"href":"https:\/\/agora.xtec.cat\/escgaspardeportola\/wp-json\/wp\/v2\/media?parent=5941"}],"wp:term":[{"taxonomy":"category","embeddable":true,"href":"https:\/\/agora.xtec.cat\/escgaspardeportola\/wp-json\/wp\/v2\/categories?post=5941"},{"taxonomy":"post_tag","embeddable":true,"href":"https:\/\/agora.xtec.cat\/escgaspardeportola\/wp-json\/wp\/v2\/tags?post=5941"}],"curies":[{"name":"wp","href":"https:\/\/api.w.org\/{rel}","templated":true}]}}