{"id":5927,"date":"2021-05-17T09:15:07","date_gmt":"2021-05-17T07:15:07","guid":{"rendered":"http:\/\/agora.xtec.cat\/escgaspardeportola\/?p=5927"},"modified":"2021-05-17T09:15:07","modified_gmt":"2021-05-17T07:15:07","slug":"frida-kahlo","status":"publish","type":"post","link":"https:\/\/agora.xtec.cat\/escgaspardeportola\/general\/frida-kahlo\/","title":{"rendered":"Frida Kahlo"},"content":{"rendered":"<p style=\"font-weight: 400;\">En la nostra escola som molt conscients de la import\u00e0ncia de la\u00a0<strong>igualtat de g\u00e8nere<\/strong>, per aquest motiu, es duen a terme m\u00faltiples pr\u00e0ctiques educatives per a potenciar-la.<\/p>\n<p style=\"font-weight: 400;\">Aquestes darreres setmanes, des de l\u2019\u00e0rea d\u2019educaci\u00f3 art\u00edstica: visual i pl\u00e0stica, hem estat treballant l\u2019artista mexicana de principis del segle XX, Frida Kahlo. Una pintora que va lluitar per trencar els estereotips de g\u00e8nere i va obrir el cam\u00ed a totes aquelles dones segures d\u2019elles mateixes i del seu talent.<\/p>\n<p style=\"font-weight: 400;\">A continuaci\u00f3 us compartim unes\u00a0<a href=\"https:\/\/drive.google.com\/drive\/u\/5\/folders\/11cAcTMtu82BPs5ccBZh9iTpP-lJTu-3x\" data-saferedirecturl=\"https:\/\/www.google.com\/url?q=https:\/\/drive.google.com\/drive\/u\/5\/folders\/11cAcTMtu82BPs5ccBZh9iTpP-lJTu-3x&amp;source=gmail&amp;ust=1621321891619000&amp;usg=AFQjCNGVTZj1wGPM3-5HRxqD2ZdcfTHEJg\">fotografies<\/a>\u00a0de les diverses activitats que les vostres filles i fills han realitzat.<\/p>\n<p style=\"font-weight: 400;\">Desitgem que us agradin! \ud83d\ude00<\/p>\n","protected":false},"excerpt":{"rendered":"<p>En la nostra escola som molt conscients de la import\u00e0ncia de la\u00a0igualtat de g\u00e8nere, per aquest motiu, es duen a terme m\u00faltiples pr\u00e0ctiques educatives per a potenciar-la. Aquestes darreres setmanes, des de l\u2019\u00e0rea d\u2019educaci\u00f3 art\u00edstica: visual i pl\u00e0stica, hem estat treballant l\u2019artista mexicana de principis del segle XX, Frida Kahlo. Una pintora que va lluitar [&hellip;]<\/p>\n","protected":false},"author":24,"featured_media":0,"comment_status":"closed","ping_status":"closed","sticky":false,"template":"","format":"standard","meta":{"_bbp_topic_count":0,"_bbp_reply_count":0,"_bbp_total_topic_count":0,"_bbp_total_reply_count":0,"_bbp_voice_count":0,"_bbp_anonymous_reply_count":0,"_bbp_topic_count_hidden":0,"_bbp_reply_count_hidden":0,"_bbp_forum_subforum_count":0,"site-sidebar-layout":"default","site-content-layout":"","ast-site-content-layout":"","site-content-style":"default","site-sidebar-style":"default","ast-global-header-display":"","ast-banner-title-visibility":"","ast-main-header-display":"","ast-hfb-above-header-display":"","ast-hfb-below-header-display":"","ast-hfb-mobile-header-display":"","site-post-title":"","ast-breadcrumbs-content":"","ast-featured-img":"","footer-sml-layout":"","theme-transparent-header-meta":"","adv-header-id-meta":"","stick-header-meta":"","header-above-stick-meta":"","header-main-stick-meta":"","header-below-stick-meta":"","astra-migrate-meta-layouts":"default","ast-page-background-enabled":"default","ast-page-background-meta":{"desktop":{"background-color":"var(--ast-global-color-4)","background-image":"","background-repeat":"repeat","background-position":"center center","background-size":"auto","background-attachment":"scroll","background-type":"","background-media":"","overlay-type":"","overlay-color":"","overlay-opacity":"","overlay-gradient":""},"tablet":{"background-color":"","background-image":"","background-repeat":"repeat","background-position":"center center","background-size":"auto","background-attachment":"scroll","background-type":"","background-media":"","overlay-type":"","overlay-color":"","overlay-opacity":"","overlay-gradient":""},"mobile":{"background-color":"","background-image":"","background-repeat":"repeat","background-position":"center center","background-size":"auto","background-attachment":"scroll","background-type":"","background-media":"","overlay-type":"","overlay-color":"","overlay-opacity":"","overlay-gradient":""}},"ast-content-background-meta":{"desktop":{"background-color":"var(--ast-global-color-5)","background-image":"","background-repeat":"repeat","background-position":"center center","background-size":"auto","background-attachment":"scroll","background-type":"","background-media":"","overlay-type":"","overlay-color":"","overlay-opacity":"","overlay-gradient":""},"tablet":{"background-color":"var(--ast-global-color-5)","background-image":"","background-repeat":"repeat","background-position":"center center","background-size":"auto","background-attachment":"scroll","background-type":"","background-media":"","overlay-type":"","overlay-color":"","overlay-opacity":"","overlay-gradient":""},"mobile":{"background-color":"var(--ast-global-color-5)","background-image":"","background-repeat":"repeat","background-position":"center center","background-size":"auto","background-attachment":"scroll","background-type":"","background-media":"","overlay-type":"","overlay-color":"","overlay-opacity":"","overlay-gradient":""}},"footnotes":""},"categories":[290,1],"tags":[],"class_list":["post-5927","post","type-post","status-publish","format-standard","hentry","category-cicle-superior","category-general"],"post_mailing_queue_ids":[],"_links":{"self":[{"href":"https:\/\/agora.xtec.cat\/escgaspardeportola\/wp-json\/wp\/v2\/posts\/5927","targetHints":{"allow":["GET"]}}],"collection":[{"href":"https:\/\/agora.xtec.cat\/escgaspardeportola\/wp-json\/wp\/v2\/posts"}],"about":[{"href":"https:\/\/agora.xtec.cat\/escgaspardeportola\/wp-json\/wp\/v2\/types\/post"}],"author":[{"embeddable":true,"href":"https:\/\/agora.xtec.cat\/escgaspardeportola\/wp-json\/wp\/v2\/users\/24"}],"replies":[{"embeddable":true,"href":"https:\/\/agora.xtec.cat\/escgaspardeportola\/wp-json\/wp\/v2\/comments?post=5927"}],"version-history":[{"count":3,"href":"https:\/\/agora.xtec.cat\/escgaspardeportola\/wp-json\/wp\/v2\/posts\/5927\/revisions"}],"predecessor-version":[{"id":5930,"href":"https:\/\/agora.xtec.cat\/escgaspardeportola\/wp-json\/wp\/v2\/posts\/5927\/revisions\/5930"}],"wp:attachment":[{"href":"https:\/\/agora.xtec.cat\/escgaspardeportola\/wp-json\/wp\/v2\/media?parent=5927"}],"wp:term":[{"taxonomy":"category","embeddable":true,"href":"https:\/\/agora.xtec.cat\/escgaspardeportola\/wp-json\/wp\/v2\/categories?post=5927"},{"taxonomy":"post_tag","embeddable":true,"href":"https:\/\/agora.xtec.cat\/escgaspardeportola\/wp-json\/wp\/v2\/tags?post=5927"}],"curies":[{"name":"wp","href":"https:\/\/api.w.org\/{rel}","templated":true}]}}