{"id":5915,"date":"2021-05-13T16:23:50","date_gmt":"2021-05-13T14:23:50","guid":{"rendered":"http:\/\/agora.xtec.cat\/escgaspardeportola\/?p=5915"},"modified":"2021-05-13T16:29:38","modified_gmt":"2021-05-13T14:29:38","slug":"rubikids-a-cicle-superior","status":"publish","type":"post","link":"https:\/\/agora.xtec.cat\/escgaspardeportola\/general\/rubikids-a-cicle-superior\/","title":{"rendered":"Rubikids a Cicle Superior"},"content":{"rendered":"<figure id=\"attachment_5916\" aria-describedby=\"caption-attachment-5916\" style=\"width: 290px\" class=\"wp-caption alignleft\"><a href=\"https:\/\/drive.google.com\/drive\/folders\/1YPIaCgJPjRJLdTpqg81eERP7QrmS2Gqc?usp=sharing\"><img loading=\"lazy\" decoding=\"async\" class=\"wp-image-5916 size-full\" src=\"https:\/\/agora.xtec.cat\/escgaspardeportola\/wp-content\/uploads\/usu555\/2021\/05\/descarga.png\" alt=\"\" width=\"290\" height=\"174\" \/><\/a><figcaption id=\"caption-attachment-5916\" class=\"wp-caption-text\">Ciqueu sobre per veure les imatges<\/figcaption><\/figure>\n<p>&nbsp;<\/p>\n<p>&nbsp;<\/p>\n<p>&nbsp;<\/p>\n<p>&nbsp;<\/p>\n<p>&nbsp;<\/p>\n<p>&nbsp;<\/p>\n<p>Per tal de treballar les matem\u00e0tiques a l&#8217;aula a trav\u00e9s d&#8217;una experi\u00e8ncia m\u00e9s pr\u00e0ctica i divertida, ens vam posar en contacte amb la M\u00f2nica, responsable de Rubikids.<\/p>\n<p>Durant dues setmanes hem anat repassant i aprenent conceptes matem\u00e0tics com l&#8217;\u00e0lgebra, estad\u00edstica, geometria, l\u00f2gica, ressoluci\u00f3 de problemes, operacions, fraccions, raonament, nombres&#8230;<\/p>\n<p>Primerament vam fer una sessi\u00f3 m\u00e9s te\u00f2rica on vam poder recordar aquests continguts i despr\u00e9s en una segona sessi\u00f3 m\u00e9s l\u00fadica, vam posar-los en pr\u00e0ctica a trav\u00e9s dels cubs de Rubik, m\u00e9s concretament a trav\u00e9s d&#8217;una pir\u00e0mide triangular.<\/p>\n<p>Ha estat una experi\u00e8ncia molt engrescadora, motivadora i divertida de la que n&#8217;hem pogut aprendre molt. Us en deixem algunes imatges per a que ho pugueu comprovar!<\/p>\n<p>Moltes gr\u00e0cies M\u00f2nica!<\/p>\n<p>&nbsp;<\/p>\n","protected":false},"excerpt":{"rendered":"<p>&nbsp; &nbsp; &nbsp; &nbsp; &nbsp; &nbsp; Per tal de treballar les matem\u00e0tiques a l&#8217;aula a trav\u00e9s d&#8217;una experi\u00e8ncia m\u00e9s pr\u00e0ctica i divertida, ens vam posar en contacte amb la M\u00f2nica, responsable de Rubikids. Durant dues setmanes hem anat repassant i aprenent conceptes matem\u00e0tics com l&#8217;\u00e0lgebra, estad\u00edstica, geometria, l\u00f2gica, ressoluci\u00f3 de problemes, operacions, fraccions, raonament, nombres&#8230; [&hellip;]<\/p>\n","protected":false},"author":24,"featured_media":0,"comment_status":"closed","ping_status":"closed","sticky":false,"template":"","format":"standard","meta":{"_bbp_topic_count":0,"_bbp_reply_count":0,"_bbp_total_topic_count":0,"_bbp_total_reply_count":0,"_bbp_voice_count":0,"_bbp_anonymous_reply_count":0,"_bbp_topic_count_hidden":0,"_bbp_reply_count_hidden":0,"_bbp_forum_subforum_count":0,"site-sidebar-layout":"default","site-content-layout":"","ast-site-content-layout":"","site-content-style":"default","site-sidebar-style":"default","ast-global-header-display":"","ast-banner-title-visibility":"","ast-main-header-display":"","ast-hfb-above-header-display":"","ast-hfb-below-header-display":"","ast-hfb-mobile-header-display":"","site-post-title":"","ast-breadcrumbs-content":"","ast-featured-img":"","footer-sml-layout":"","theme-transparent-header-meta":"","adv-header-id-meta":"","stick-header-meta":"","header-above-stick-meta":"","header-main-stick-meta":"","header-below-stick-meta":"","astra-migrate-meta-layouts":"default","ast-page-background-enabled":"default","ast-page-background-meta":{"desktop":{"background-color":"var(--ast-global-color-4)","background-image":"","background-repeat":"repeat","background-position":"center center","background-size":"auto","background-attachment":"scroll","background-type":"","background-media":"","overlay-type":"","overlay-color":"","overlay-opacity":"","overlay-gradient":""},"tablet":{"background-color":"","background-image":"","background-repeat":"repeat","background-position":"center center","background-size":"auto","background-attachment":"scroll","background-type":"","background-media":"","overlay-type":"","overlay-color":"","overlay-opacity":"","overlay-gradient":""},"mobile":{"background-color":"","background-image":"","background-repeat":"repeat","background-position":"center center","background-size":"auto","background-attachment":"scroll","background-type":"","background-media":"","overlay-type":"","overlay-color":"","overlay-opacity":"","overlay-gradient":""}},"ast-content-background-meta":{"desktop":{"background-color":"var(--ast-global-color-5)","background-image":"","background-repeat":"repeat","background-position":"center center","background-size":"auto","background-attachment":"scroll","background-type":"","background-media":"","overlay-type":"","overlay-color":"","overlay-opacity":"","overlay-gradient":""},"tablet":{"background-color":"var(--ast-global-color-5)","background-image":"","background-repeat":"repeat","background-position":"center center","background-size":"auto","background-attachment":"scroll","background-type":"","background-media":"","overlay-type":"","overlay-color":"","overlay-opacity":"","overlay-gradient":""},"mobile":{"background-color":"var(--ast-global-color-5)","background-image":"","background-repeat":"repeat","background-position":"center center","background-size":"auto","background-attachment":"scroll","background-type":"","background-media":"","overlay-type":"","overlay-color":"","overlay-opacity":"","overlay-gradient":""}},"footnotes":""},"categories":[290,1],"tags":[],"class_list":["post-5915","post","type-post","status-publish","format-standard","hentry","category-cicle-superior","category-general"],"post_mailing_queue_ids":[],"_links":{"self":[{"href":"https:\/\/agora.xtec.cat\/escgaspardeportola\/wp-json\/wp\/v2\/posts\/5915","targetHints":{"allow":["GET"]}}],"collection":[{"href":"https:\/\/agora.xtec.cat\/escgaspardeportola\/wp-json\/wp\/v2\/posts"}],"about":[{"href":"https:\/\/agora.xtec.cat\/escgaspardeportola\/wp-json\/wp\/v2\/types\/post"}],"author":[{"embeddable":true,"href":"https:\/\/agora.xtec.cat\/escgaspardeportola\/wp-json\/wp\/v2\/users\/24"}],"replies":[{"embeddable":true,"href":"https:\/\/agora.xtec.cat\/escgaspardeportola\/wp-json\/wp\/v2\/comments?post=5915"}],"version-history":[{"count":3,"href":"https:\/\/agora.xtec.cat\/escgaspardeportola\/wp-json\/wp\/v2\/posts\/5915\/revisions"}],"predecessor-version":[{"id":5922,"href":"https:\/\/agora.xtec.cat\/escgaspardeportola\/wp-json\/wp\/v2\/posts\/5915\/revisions\/5922"}],"wp:attachment":[{"href":"https:\/\/agora.xtec.cat\/escgaspardeportola\/wp-json\/wp\/v2\/media?parent=5915"}],"wp:term":[{"taxonomy":"category","embeddable":true,"href":"https:\/\/agora.xtec.cat\/escgaspardeportola\/wp-json\/wp\/v2\/categories?post=5915"},{"taxonomy":"post_tag","embeddable":true,"href":"https:\/\/agora.xtec.cat\/escgaspardeportola\/wp-json\/wp\/v2\/tags?post=5915"}],"curies":[{"name":"wp","href":"https:\/\/api.w.org\/{rel}","templated":true}]}}