{"id":5889,"date":"2021-05-13T13:09:24","date_gmt":"2021-05-13T11:09:24","guid":{"rendered":"http:\/\/agora.xtec.cat\/escgaspardeportola\/?p=5889"},"modified":"2021-05-13T16:52:37","modified_gmt":"2021-05-13T14:52:37","slug":"forum-escoles-verdes","status":"publish","type":"post","link":"https:\/\/agora.xtec.cat\/escgaspardeportola\/general\/forum-escoles-verdes\/","title":{"rendered":"F\u00f2rum escoles verdes"},"content":{"rendered":"<p><img loading=\"lazy\" decoding=\"async\" class=\"alignnone size-full wp-image-5898\" src=\"https:\/\/agora.xtec.cat\/escgaspardeportola\/wp-content\/uploads\/usu555\/2021\/05\/SOMESCOLA-VERDA-LOGO-7.jpg\" alt=\"\" width=\"219\" height=\"177\" \/><\/p>\n<p><span style=\"font-weight: 400;\">Som-hi!<\/span><\/p>\n<p><span style=\"font-weight: 400;\">Des de la coordinaci\u00f3 de les escoles verdes ens van proposat participar en el F\u00f2rum Anual, aquest curs virtual per videoconfer\u00e8ncia. Tenint en compte el treball que es realitza a l\u2019escola des de Educaci\u00f3 Infantil fins a Cicle Superior, els nens i nenes de cicle superior, amb tota la nostra experi\u00e8ncia i l\u2019assessorament de Neus Ib\u00e1\u00f1ez, ens v\u00e0rem comprometre a participar-hi.<\/span><\/p>\n<p><span style=\"font-weight: 400;\">Ha estat un treball intens, en el proc\u00e9s del qual encara estem immersos, perqu\u00e8 la nostra curiositat i els secrets que ens han desvetllat les terceres generacions estimulen les ganes de saber-ne m\u00e9s.<\/span><\/p>\n<p><span style=\"font-weight: 400;\">A l\u2019escola ens diuen que som el Futur de la societat i est\u00e0 en les nostres mans actuar de forma correcta per minimitzar aquesta p\u00e8rdua de la biodiversitat que s\u2019est\u00e0 donant poc a poc. Per tant, iniciarem aquest repte en l\u2019eix de l\u2019Agroalimentaci\u00f3. On el punt de partida no podia ser altre que l\u2019Hort de l\u2019escola, l\u2019hort dels nostres avis, pares i amistats. Els coneixements previs ja van ser d\u2019alt nivell per poder fomentar l\u2019estudi de l\u2019Agroalimentaci\u00f3.<\/span><\/p>\n<p><span style=\"font-weight: 400;\">Hem pogut descobrir que el cam\u00ed per evitar la p\u00e8rdua de la biodiversitat ens porta a realitzar activitats diverses:<\/span><\/p>\n<ol>\n<li style=\"font-weight: 400;\" aria-level=\"1\"><b>An\u00e0lisi d\u2019etiquetes<\/b><span style=\"font-weight: 400;\"> del productes de la nostra compra: 5\u00e8 B ja ha fet una sortida al supermercat m\u00e9s proper i han recollit informaci\u00f3 sobre l\u2019origen d\u2019algunes fruites i verdures, tamb\u00e9 qu\u00e8 trobem a les etiquetes. A m\u00e9s han pogut calcular els \u00e0pats diaris d\u2019una fam\u00edlia de 4 persones i descobrir la despesa en alimentaci\u00f3 en un mes (despesa familiar).<\/span><\/li>\n<li style=\"font-weight: 400;\" aria-level=\"1\"><span style=\"font-weight: 400;\">Una relaci\u00f3 de terminologia i el llistat d\u2019aquesta en <\/span><b>un glossari<\/b><span style=\"font-weight: 400;\">.<\/span><\/li>\n<li style=\"font-weight: 400;\" aria-level=\"1\"><span style=\"font-weight: 400;\">La cerca d\u2019informaci\u00f3 sobre <\/span><b>com es fan les conserves i per a qu\u00e8<\/b><span style=\"font-weight: 400;\">. A partir de l\u2019experi\u00e8ncia de les terceres generacions.<\/span><\/li>\n<li style=\"font-weight: 400;\" aria-level=\"1\"><b>Cerca d\u2019informaci\u00f3 online<\/b><span style=\"font-weight: 400;\"> per investigar una mica m\u00e9s sobre aspectes que no domin\u00e0vem o que no ens era possible resoldre amb les nostres fam\u00edlies i mestres.<\/span><\/li>\n<li style=\"font-weight: 400;\" aria-level=\"1\"><span style=\"font-weight: 400;\">Etiquetatge dels pots de conserva.<\/span><\/li>\n<li style=\"font-weight: 400;\" aria-level=\"1\"><span style=\"font-weight: 400;\">El tema del reaprofitament ha estat molt ric per a evitar el malbaratament alimentari: consells familiars del passat i del present perqu\u00e8 es segueixen aplicant.\u00a0<\/span><\/li>\n<li style=\"font-weight: 400;\" aria-level=\"1\"><span style=\"font-weight: 400;\">Hem compartit <\/span><b>receptes<\/b><span style=\"font-weight: 400;\"> amb els v\u00eddeos casolans per tal de saber m\u00e9s sobre els productes que podem aprofitar, a causa d\u2019excedents de l\u2019hort o aliments que ens queden a la nevera, i com.<\/span><\/li>\n<li style=\"font-weight: 400;\" aria-level=\"1\"><span style=\"font-weight: 400;\">El programa <\/span><b>Canva<\/b><span style=\"font-weight: 400;\"> facilita la tasca de nens i nenes de 6\u00e8 en el disseny de les etiquetes, i l\u2019alumnat de 5\u00e8 tamb\u00e9 ho aprenem.<\/span><\/li>\n<li style=\"font-weight: 400;\" aria-level=\"1\"><span style=\"font-weight: 400;\">Preparaci\u00f3 per <\/span><b>l\u2019exposici\u00f3 pel F\u00f2rum<\/b><span style=\"font-weight: 400;\"> i per la resta de l\u2019escola, per fer una comunicaci\u00f3 del nostres aprenentatges: qu\u00e8 hem fet, com ho hem fet i qu\u00e8 hem apr\u00e8s.<\/span><\/li>\n<\/ol>\n<p><b>CONCLUSIONS<\/b><\/p>\n<p><span style=\"font-weight: 400;\">Hem arribat a moltes conclusions, a continuaci\u00f3 ens en presentem les principals i que son objecte de les nostres accions de cara el futur:<\/span><\/p>\n<ul>\n<li><span style=\"font-weight: 400;\">Si consumim productes de proximitat, estem consumint productes locals i de temporada, per tant, els aliments s\u00f3n els que podem trobar a cada estaci\u00f3 i pr\u00f2xims a nosaltres.<\/span><\/li>\n<li><span style=\"font-weight: 400;\">Gr\u00e0cies a l\u2019elaboraci\u00f3 de conserves, estem evitant fer malbaratament alimentari, ja que li estem donant un bon \u00fas a un producte que es pot fer malb\u00e9. Per la ra\u00f3 que tenim excedents.<\/span><\/li>\n<li><span style=\"font-weight: 400;\">Evitem fer un consum de productes d\u2019altres pa\u00efsos que arriben en una temporada que no toca i generen una contaminaci\u00f3 ja que es distribueixen i transporten en vaixells, camions o avions.<\/span><\/li>\n<li><span style=\"font-weight: 400;\">Com m\u00e9s pr\u00f2xima sigui la fruita i verdura, m\u00e9s qualitat t\u00e9. En el producte de proximitat el sabor no varia tant perqu\u00e8 no ha estat tant manipulada i el temps entre la recollida i el consum \u00e9s molt m\u00e9s curt.<\/span><\/li>\n<\/ul>\n<p><span style=\"font-weight: 400;\">Ahir, 12 de maig, els delegats\/es verds amb un altre company\/a de l\u2019aula representaren a les classes de cicle superior per aprofundir en els temes de biodiversitat treballats i compartir-ho amb altres escoles.<\/span><\/p>\n<p><span style=\"font-weight: 400;\">Per la tarda els mestres de les diferents escoles varen fer una valoraci\u00f3 molt positiva de l\u2019experi\u00e8ncia, en una videoconfer\u00e8ncia. En la cloenda va participar Maria Banyeres del CRP,\u00a0 amb l&#8217;explicaci\u00f3 del Projecte del Refugi de Llavors de la Noguera<\/span><\/p>\n<p><span style=\"font-weight: 400;\">Els propers dies 25 de maig i 1 de juny i per acabar d\u2019arrodonir el treball realitzat i els continguts apresos, finalitzarem amb una xerrada\/taller a c\u00e0rrec del Pol de cal Trementinaire de Balaguer.<\/span><\/p>\n<p><span style=\"font-weight: 400;\">Agrair una vegada m\u00e9s la implicaci\u00f3 dels nens i nenes dels diferents cicles i les seves fam\u00edlies. Hem de seguir treballant en aquesta l\u00ednia per aconseguir minvar la p\u00e8rdua d ela biodiversitat. Tots en som responsables!<\/span><\/p>\n<p>Us deixem tamb\u00e9 un video-resum de tot el nostre proc\u00e9s d&#8217;aprenentatge i treball realitzat. Esperem que el gaudiu igual que ho hem fet nosaltres!<\/p>\n<figure id=\"attachment_5905\" aria-describedby=\"caption-attachment-5905\" style=\"width: 208px\" class=\"wp-caption alignleft\"><a href=\"https:\/\/drive.google.com\/file\/d\/151AfYDSJFKhC0ikGV4sIDa4M-QDgBf82\/view?usp=sharing\"><img loading=\"lazy\" decoding=\"async\" class=\"wp-image-5905 size-full\" src=\"https:\/\/agora.xtec.cat\/escgaspardeportola\/wp-content\/uploads\/usu555\/2021\/05\/SOMESCOLA-VERDA-LOGO-play.jpg\" alt=\"\" width=\"208\" height=\"170\" \/><\/a><figcaption id=\"caption-attachment-5905\" class=\"wp-caption-text\">Clica la imatge per veure el v\u00eddeo<\/figcaption><\/figure>\n<p>&nbsp;<\/p>\n<p>&nbsp;<\/p>\n<p>&nbsp;<\/p>\n<p>&nbsp;<\/p>\n<p>&nbsp;<\/p>\n<p>&nbsp;<\/p>\n<p>&nbsp;<\/p>\n<p>&nbsp;<\/p>\n","protected":false},"excerpt":{"rendered":"<p>Som-hi! Des de la coordinaci\u00f3 de les escoles verdes ens van proposat participar en el F\u00f2rum Anual, aquest curs virtual per videoconfer\u00e8ncia. Tenint en compte el treball que es realitza a l\u2019escola des de Educaci\u00f3 Infantil fins a Cicle Superior, els nens i nenes de cicle superior, amb tota la nostra experi\u00e8ncia i l\u2019assessorament de [&hellip;]<\/p>\n","protected":false},"author":24,"featured_media":0,"comment_status":"closed","ping_status":"closed","sticky":false,"template":"","format":"standard","meta":{"_bbp_topic_count":0,"_bbp_reply_count":0,"_bbp_total_topic_count":0,"_bbp_total_reply_count":0,"_bbp_voice_count":0,"_bbp_anonymous_reply_count":0,"_bbp_topic_count_hidden":0,"_bbp_reply_count_hidden":0,"_bbp_forum_subforum_count":0,"site-sidebar-layout":"default","site-content-layout":"","ast-site-content-layout":"","site-content-style":"default","site-sidebar-style":"default","ast-global-header-display":"","ast-banner-title-visibility":"","ast-main-header-display":"","ast-hfb-above-header-display":"","ast-hfb-below-header-display":"","ast-hfb-mobile-header-display":"","site-post-title":"","ast-breadcrumbs-content":"","ast-featured-img":"","footer-sml-layout":"","theme-transparent-header-meta":"","adv-header-id-meta":"","stick-header-meta":"","header-above-stick-meta":"","header-main-stick-meta":"","header-below-stick-meta":"","astra-migrate-meta-layouts":"default","ast-page-background-enabled":"default","ast-page-background-meta":{"desktop":{"background-color":"var(--ast-global-color-4)","background-image":"","background-repeat":"repeat","background-position":"center center","background-size":"auto","background-attachment":"scroll","background-type":"","background-media":"","overlay-type":"","overlay-color":"","overlay-opacity":"","overlay-gradient":""},"tablet":{"background-color":"","background-image":"","background-repeat":"repeat","background-position":"center center","background-size":"auto","background-attachment":"scroll","background-type":"","background-media":"","overlay-type":"","overlay-color":"","overlay-opacity":"","overlay-gradient":""},"mobile":{"background-color":"","background-image":"","background-repeat":"repeat","background-position":"center center","background-size":"auto","background-attachment":"scroll","background-type":"","background-media":"","overlay-type":"","overlay-color":"","overlay-opacity":"","overlay-gradient":""}},"ast-content-background-meta":{"desktop":{"background-color":"var(--ast-global-color-5)","background-image":"","background-repeat":"repeat","background-position":"center center","background-size":"auto","background-attachment":"scroll","background-type":"","background-media":"","overlay-type":"","overlay-color":"","overlay-opacity":"","overlay-gradient":""},"tablet":{"background-color":"var(--ast-global-color-5)","background-image":"","background-repeat":"repeat","background-position":"center center","background-size":"auto","background-attachment":"scroll","background-type":"","background-media":"","overlay-type":"","overlay-color":"","overlay-opacity":"","overlay-gradient":""},"mobile":{"background-color":"var(--ast-global-color-5)","background-image":"","background-repeat":"repeat","background-position":"center center","background-size":"auto","background-attachment":"scroll","background-type":"","background-media":"","overlay-type":"","overlay-color":"","overlay-opacity":"","overlay-gradient":""}},"footnotes":""},"categories":[290,64,110,1,4],"tags":[112],"class_list":["post-5889","post","type-post","status-publish","format-standard","hentry","category-cicle-superior","category-educacioinfantil","category-escola-verda","category-general","category-portada","tag-escola-verda"],"post_mailing_queue_ids":[],"_links":{"self":[{"href":"https:\/\/agora.xtec.cat\/escgaspardeportola\/wp-json\/wp\/v2\/posts\/5889","targetHints":{"allow":["GET"]}}],"collection":[{"href":"https:\/\/agora.xtec.cat\/escgaspardeportola\/wp-json\/wp\/v2\/posts"}],"about":[{"href":"https:\/\/agora.xtec.cat\/escgaspardeportola\/wp-json\/wp\/v2\/types\/post"}],"author":[{"embeddable":true,"href":"https:\/\/agora.xtec.cat\/escgaspardeportola\/wp-json\/wp\/v2\/users\/24"}],"replies":[{"embeddable":true,"href":"https:\/\/agora.xtec.cat\/escgaspardeportola\/wp-json\/wp\/v2\/comments?post=5889"}],"version-history":[{"count":3,"href":"https:\/\/agora.xtec.cat\/escgaspardeportola\/wp-json\/wp\/v2\/posts\/5889\/revisions"}],"predecessor-version":[{"id":5923,"href":"https:\/\/agora.xtec.cat\/escgaspardeportola\/wp-json\/wp\/v2\/posts\/5889\/revisions\/5923"}],"wp:attachment":[{"href":"https:\/\/agora.xtec.cat\/escgaspardeportola\/wp-json\/wp\/v2\/media?parent=5889"}],"wp:term":[{"taxonomy":"category","embeddable":true,"href":"https:\/\/agora.xtec.cat\/escgaspardeportola\/wp-json\/wp\/v2\/categories?post=5889"},{"taxonomy":"post_tag","embeddable":true,"href":"https:\/\/agora.xtec.cat\/escgaspardeportola\/wp-json\/wp\/v2\/tags?post=5889"}],"curies":[{"name":"wp","href":"https:\/\/api.w.org\/{rel}","templated":true}]}}