{"id":5882,"date":"2021-05-12T17:41:51","date_gmt":"2021-05-12T15:41:51","guid":{"rendered":"http:\/\/agora.xtec.cat\/escgaspardeportola\/?p=5882"},"modified":"2021-05-12T17:41:51","modified_gmt":"2021-05-12T15:41:51","slug":"sortida-a-lleida-de-4t","status":"publish","type":"post","link":"https:\/\/agora.xtec.cat\/escgaspardeportola\/ciclemitja\/sortida-a-lleida-de-4t\/","title":{"rendered":"Sortida a Lleida de 4t"},"content":{"rendered":"<p>El passat dijous dia 6 de maig tot 4t va anar d&#8217;excursi\u00f3 a Lleida, on va passar pr\u00e0cticament tot el dia. De bon mat\u00ed, a les 8, els tres cursos es van reunir a l&#8217;estaci\u00f3 de Balaguer per agafar el tren cap a Lleida. Despr\u00e9s d&#8217;un viatge d&#8217;una mitja hora, per fi van arribar, on van posar-se en marxa cap a l&#8217;auditori. All\u00e0 van gaudir d&#8217;un concert de m\u00fasica cl\u00e0ssica amenitzat pels propis m\u00fasics que van donar un toc d&#8217;humor a la representaci\u00f3. Finalitzat el concert, van esmorsar i es van dirigir cap a la Seu Vella, on es van reunir a la porta dels Ap\u00f2stols, una de les entrades a la catedral. Les tutores van explicar part de la hist\u00f2ria del monument lleidat\u00e0, aix\u00ed com algunes an\u00e8cdotes ben interessants. Havent descansat al Tur\u00f3 de la Seu Vella, l&#8217;alumnat va reprendre la marxa cap als Camps Elisis, on van dinar i jugar a l&#8217;ombra dels arbres. Passada una estona, i tenint en compte que l&#8217;hora de tornada amb tren eren les 15:30, els tres grups es van dirigir cap a l&#8217;estaci\u00f3 per tornar cap a casa. La sortida va tindre una valoraci\u00f3 molt positiva.<\/p>\n<p>Si voleu veure les fotos, feu click al seg\u00fcent enlla\u00e7:<\/p>\n<p><a href=\"https:\/\/drive.google.com\/drive\/folders\/1DKoer02QFtizm7i2AVaPm11HqM8BA-Kp?usp=sharing\">Sortida a Lleida<\/a><\/p>\n","protected":false},"excerpt":{"rendered":"<p>El passat dijous dia 6 de maig tot 4t va anar d&#8217;excursi\u00f3 a Lleida, on va passar pr\u00e0cticament tot el dia. De bon mat\u00ed, a les 8, els tres cursos es van reunir a l&#8217;estaci\u00f3 de Balaguer per agafar el tren cap a Lleida. Despr\u00e9s d&#8217;un viatge d&#8217;una mitja hora, per fi van arribar, on [&hellip;]<\/p>\n","protected":false},"author":31,"featured_media":5883,"comment_status":"open","ping_status":"closed","sticky":false,"template":"","format":"standard","meta":{"_bbp_topic_count":0,"_bbp_reply_count":0,"_bbp_total_topic_count":0,"_bbp_total_reply_count":0,"_bbp_voice_count":0,"_bbp_anonymous_reply_count":0,"_bbp_topic_count_hidden":0,"_bbp_reply_count_hidden":0,"_bbp_forum_subforum_count":0,"site-sidebar-layout":"default","site-content-layout":"","ast-site-content-layout":"","site-content-style":"default","site-sidebar-style":"default","ast-global-header-display":"","ast-banner-title-visibility":"","ast-main-header-display":"","ast-hfb-above-header-display":"","ast-hfb-below-header-display":"","ast-hfb-mobile-header-display":"","site-post-title":"","ast-breadcrumbs-content":"","ast-featured-img":"","footer-sml-layout":"","theme-transparent-header-meta":"","adv-header-id-meta":"","stick-header-meta":"","header-above-stick-meta":"","header-main-stick-meta":"","header-below-stick-meta":"","astra-migrate-meta-layouts":"default","ast-page-background-enabled":"default","ast-page-background-meta":{"desktop":{"background-color":"var(--ast-global-color-4)","background-image":"","background-repeat":"repeat","background-position":"center center","background-size":"auto","background-attachment":"scroll","background-type":"","background-media":"","overlay-type":"","overlay-color":"","overlay-opacity":"","overlay-gradient":""},"tablet":{"background-color":"","background-image":"","background-repeat":"repeat","background-position":"center center","background-size":"auto","background-attachment":"scroll","background-type":"","background-media":"","overlay-type":"","overlay-color":"","overlay-opacity":"","overlay-gradient":""},"mobile":{"background-color":"","background-image":"","background-repeat":"repeat","background-position":"center center","background-size":"auto","background-attachment":"scroll","background-type":"","background-media":"","overlay-type":"","overlay-color":"","overlay-opacity":"","overlay-gradient":""}},"ast-content-background-meta":{"desktop":{"background-color":"var(--ast-global-color-5)","background-image":"","background-repeat":"repeat","background-position":"center center","background-size":"auto","background-attachment":"scroll","background-type":"","background-media":"","overlay-type":"","overlay-color":"","overlay-opacity":"","overlay-gradient":""},"tablet":{"background-color":"var(--ast-global-color-5)","background-image":"","background-repeat":"repeat","background-position":"center center","background-size":"auto","background-attachment":"scroll","background-type":"","background-media":"","overlay-type":"","overlay-color":"","overlay-opacity":"","overlay-gradient":""},"mobile":{"background-color":"var(--ast-global-color-5)","background-image":"","background-repeat":"repeat","background-position":"center center","background-size":"auto","background-attachment":"scroll","background-type":"","background-media":"","overlay-type":"","overlay-color":"","overlay-opacity":"","overlay-gradient":""}},"footnotes":""},"categories":[60],"tags":[],"class_list":["post-5882","post","type-post","status-publish","format-standard","has-post-thumbnail","hentry","category-ciclemitja"],"post_mailing_queue_ids":[],"_links":{"self":[{"href":"https:\/\/agora.xtec.cat\/escgaspardeportola\/wp-json\/wp\/v2\/posts\/5882","targetHints":{"allow":["GET"]}}],"collection":[{"href":"https:\/\/agora.xtec.cat\/escgaspardeportola\/wp-json\/wp\/v2\/posts"}],"about":[{"href":"https:\/\/agora.xtec.cat\/escgaspardeportola\/wp-json\/wp\/v2\/types\/post"}],"author":[{"embeddable":true,"href":"https:\/\/agora.xtec.cat\/escgaspardeportola\/wp-json\/wp\/v2\/users\/31"}],"replies":[{"embeddable":true,"href":"https:\/\/agora.xtec.cat\/escgaspardeportola\/wp-json\/wp\/v2\/comments?post=5882"}],"version-history":[{"count":1,"href":"https:\/\/agora.xtec.cat\/escgaspardeportola\/wp-json\/wp\/v2\/posts\/5882\/revisions"}],"predecessor-version":[{"id":5884,"href":"https:\/\/agora.xtec.cat\/escgaspardeportola\/wp-json\/wp\/v2\/posts\/5882\/revisions\/5884"}],"wp:featuredmedia":[{"embeddable":true,"href":"https:\/\/agora.xtec.cat\/escgaspardeportola\/wp-json\/wp\/v2\/media\/5883"}],"wp:attachment":[{"href":"https:\/\/agora.xtec.cat\/escgaspardeportola\/wp-json\/wp\/v2\/media?parent=5882"}],"wp:term":[{"taxonomy":"category","embeddable":true,"href":"https:\/\/agora.xtec.cat\/escgaspardeportola\/wp-json\/wp\/v2\/categories?post=5882"},{"taxonomy":"post_tag","embeddable":true,"href":"https:\/\/agora.xtec.cat\/escgaspardeportola\/wp-json\/wp\/v2\/tags?post=5882"}],"curies":[{"name":"wp","href":"https:\/\/api.w.org\/{rel}","templated":true}]}}