{"id":5869,"date":"2021-05-05T23:09:42","date_gmt":"2021-05-05T21:09:42","guid":{"rendered":"http:\/\/agora.xtec.cat\/escgaspardeportola\/?p=5869"},"modified":"2021-05-05T23:09:42","modified_gmt":"2021-05-05T21:09:42","slug":"setmana-del-soroll-a-1r-i-2n","status":"publish","type":"post","link":"https:\/\/agora.xtec.cat\/escgaspardeportola\/cicleinicial\/setmana-del-soroll-a-1r-i-2n\/","title":{"rendered":"Setmana del soroll a 1r i 2n"},"content":{"rendered":"<p>Benvolgudes fam\u00edlies de cicle inicial.<\/p>\n<p>La setmana passada es va celebrar la setmana sense soroll, per aix\u00f2, v\u00e0rem realitzar una din\u00e0mica per prendre consci\u00e8ncia de la import\u00e0ncia del soroll al nostre entorn.<\/p>\n<p>La din\u00e0mica va consistir en recon\u00e8ixer els sons de diferents animals amb els ulls tapats i buscar la parella trobant el mateix soroll.<\/p>\n<p>Els objectius que vol\u00edem aconseguir s\u00f3n:<\/p>\n<p>\u2022 desenvolupar la capacitat d\u2019observaci\u00f3 auditiva i la sensibilitat davant dels sons.<br \/>\n\u2022 fer adonar del nivell de soroll que ens envolta habitualment.<br \/>\n\u2022 entendre que el soroll permanent implica p\u00e8rdua de qualitat de vida i afecta la salut.<br \/>\n\u2022 valorar la contribuci\u00f3 que fa cada un de nosaltres a la producci\u00f3 de soroll.<\/p>\n<p>Va ser molt divertida, voleu veure que b\u00e9 ens ho v\u00e0rem passar?<\/p>\n<p>Fotos:<\/p>\n<p><a href=\"https:\/\/photos.app.goo.gl\/NSagLbnMYq4ZQcs9A\"><span style=\"color: #ff0000;\"><span style=\"color: #0000ff;\">1rA<\/span><\/span><\/a><\/p>\n<p><span style=\"color: #ff00ff;\"><a style=\"color: #ff00ff;\" href=\"https:\/\/photos.app.goo.gl\/ijfYYVLxnrwnFbEy5\">1rB<\/a><\/span><\/p>\n<p><span style=\"color: #3366ff;\"><a style=\"color: #3366ff;\" href=\"https:\/\/photos.app.goo.gl\/s6wAWzTi4NrEDYhu9\">1rC<\/a><\/span><\/p>\n<p><span style=\"color: #ff6600;\"><a style=\"color: #ff6600;\" href=\"https:\/\/photos.app.goo.gl\/YHv8didkVLepS2Ag8\">2nA<\/a><\/span><\/p>\n<p><span style=\"color: #00ff00;\"><a style=\"color: #00ff00;\" href=\"https:\/\/photos.app.goo.gl\/RPtkz8R3rPHvyb2ZA\">2nB<\/a><\/span><\/p>\n","protected":false},"excerpt":{"rendered":"<p>Benvolgudes fam\u00edlies de cicle inicial. La setmana passada es va celebrar la setmana sense soroll, per aix\u00f2, v\u00e0rem realitzar una din\u00e0mica per prendre consci\u00e8ncia de la import\u00e0ncia del soroll al nostre entorn. La din\u00e0mica va consistir en recon\u00e8ixer els sons de diferents animals amb els ulls tapats i buscar la parella trobant el mateix soroll. [&hellip;]<\/p>\n","protected":false},"author":17,"featured_media":0,"comment_status":"closed","ping_status":"closed","sticky":false,"template":"","format":"standard","meta":{"_bbp_topic_count":0,"_bbp_reply_count":0,"_bbp_total_topic_count":0,"_bbp_total_reply_count":0,"_bbp_voice_count":0,"_bbp_anonymous_reply_count":0,"_bbp_topic_count_hidden":0,"_bbp_reply_count_hidden":0,"_bbp_forum_subforum_count":0,"site-sidebar-layout":"default","site-content-layout":"","ast-site-content-layout":"","site-content-style":"default","site-sidebar-style":"default","ast-global-header-display":"","ast-banner-title-visibility":"","ast-main-header-display":"","ast-hfb-above-header-display":"","ast-hfb-below-header-display":"","ast-hfb-mobile-header-display":"","site-post-title":"","ast-breadcrumbs-content":"","ast-featured-img":"","footer-sml-layout":"","theme-transparent-header-meta":"","adv-header-id-meta":"","stick-header-meta":"","header-above-stick-meta":"","header-main-stick-meta":"","header-below-stick-meta":"","astra-migrate-meta-layouts":"default","ast-page-background-enabled":"default","ast-page-background-meta":{"desktop":{"background-color":"var(--ast-global-color-4)","background-image":"","background-repeat":"repeat","background-position":"center center","background-size":"auto","background-attachment":"scroll","background-type":"","background-media":"","overlay-type":"","overlay-color":"","overlay-opacity":"","overlay-gradient":""},"tablet":{"background-color":"","background-image":"","background-repeat":"repeat","background-position":"center center","background-size":"auto","background-attachment":"scroll","background-type":"","background-media":"","overlay-type":"","overlay-color":"","overlay-opacity":"","overlay-gradient":""},"mobile":{"background-color":"","background-image":"","background-repeat":"repeat","background-position":"center center","background-size":"auto","background-attachment":"scroll","background-type":"","background-media":"","overlay-type":"","overlay-color":"","overlay-opacity":"","overlay-gradient":""}},"ast-content-background-meta":{"desktop":{"background-color":"var(--ast-global-color-5)","background-image":"","background-repeat":"repeat","background-position":"center center","background-size":"auto","background-attachment":"scroll","background-type":"","background-media":"","overlay-type":"","overlay-color":"","overlay-opacity":"","overlay-gradient":""},"tablet":{"background-color":"var(--ast-global-color-5)","background-image":"","background-repeat":"repeat","background-position":"center center","background-size":"auto","background-attachment":"scroll","background-type":"","background-media":"","overlay-type":"","overlay-color":"","overlay-opacity":"","overlay-gradient":""},"mobile":{"background-color":"var(--ast-global-color-5)","background-image":"","background-repeat":"repeat","background-position":"center center","background-size":"auto","background-attachment":"scroll","background-type":"","background-media":"","overlay-type":"","overlay-color":"","overlay-opacity":"","overlay-gradient":""}},"footnotes":""},"categories":[63,110],"tags":[],"class_list":["post-5869","post","type-post","status-publish","format-standard","hentry","category-cicleinicial","category-escola-verda"],"post_mailing_queue_ids":[],"_links":{"self":[{"href":"https:\/\/agora.xtec.cat\/escgaspardeportola\/wp-json\/wp\/v2\/posts\/5869","targetHints":{"allow":["GET"]}}],"collection":[{"href":"https:\/\/agora.xtec.cat\/escgaspardeportola\/wp-json\/wp\/v2\/posts"}],"about":[{"href":"https:\/\/agora.xtec.cat\/escgaspardeportola\/wp-json\/wp\/v2\/types\/post"}],"author":[{"embeddable":true,"href":"https:\/\/agora.xtec.cat\/escgaspardeportola\/wp-json\/wp\/v2\/users\/17"}],"replies":[{"embeddable":true,"href":"https:\/\/agora.xtec.cat\/escgaspardeportola\/wp-json\/wp\/v2\/comments?post=5869"}],"version-history":[{"count":3,"href":"https:\/\/agora.xtec.cat\/escgaspardeportola\/wp-json\/wp\/v2\/posts\/5869\/revisions"}],"predecessor-version":[{"id":5873,"href":"https:\/\/agora.xtec.cat\/escgaspardeportola\/wp-json\/wp\/v2\/posts\/5869\/revisions\/5873"}],"wp:attachment":[{"href":"https:\/\/agora.xtec.cat\/escgaspardeportola\/wp-json\/wp\/v2\/media?parent=5869"}],"wp:term":[{"taxonomy":"category","embeddable":true,"href":"https:\/\/agora.xtec.cat\/escgaspardeportola\/wp-json\/wp\/v2\/categories?post=5869"},{"taxonomy":"post_tag","embeddable":true,"href":"https:\/\/agora.xtec.cat\/escgaspardeportola\/wp-json\/wp\/v2\/tags?post=5869"}],"curies":[{"name":"wp","href":"https:\/\/api.w.org\/{rel}","templated":true}]}}