{"id":5827,"date":"2021-04-16T19:52:43","date_gmt":"2021-04-16T17:52:43","guid":{"rendered":"http:\/\/agora.xtec.cat\/escgaspardeportola\/?p=5827"},"modified":"2021-04-16T19:52:43","modified_gmt":"2021-04-16T17:52:43","slug":"15-dabril-dia-mundial-de-lart","status":"publish","type":"post","link":"https:\/\/agora.xtec.cat\/escgaspardeportola\/cicle-superior\/15-dabril-dia-mundial-de-lart\/","title":{"rendered":"15 d&#8217;abril: dia mundial de l&#8217;ART"},"content":{"rendered":"<p style=\"text-align: justify;\">La data es va elegir en honor del dia del naixement de Leonardo da Vinci. Da Vinci, un home que va ser pintor, escultor, dissenyador, arquitecte, poeta, bi\u00f2leg i un llarg etc&#8230; va ser considerat com l&#8217;home del renaixement. Va ser seleccionat com un s\u00edmbol mundial de pau, llibertat d&#8217;expressi\u00f3, toler\u00e0ncia, fraternitat i multiculturalisme, aix\u00ed com l&#8217;art tamb\u00e9 \u00e9s important en altres camps.<\/p>\n<p style=\"text-align: justify;\">L&#8217;art \u00e9s una de les formes m\u00e9s evolucionades de l&#8217;expressi\u00f3 humana. A trav\u00e9s d&#8217;ella, podem expresar la nostra visi\u00f3 personal sobre les coses que ens agraden o no o simplement perqu\u00e8 ens semblen belles.<\/p>\n<p style=\"text-align: justify;\">Des de l&#8217;escola creiem que l&#8217;educaci\u00f3 art\u00edstica \u00e9s important per ajudar a desenvolupar la sensibilitat, estructures de pensament m\u00e9s complexes, la creativitat, la toler\u00e0ncia i l&#8217;autoconcepte\u00a0 d&#8217;un mateix entre d&#8217;altres.<\/p>\n<p style=\"text-align: justify;\">A continuaci\u00f3 alguns dels &#8216;<a href=\"https:\/\/drive.google.com\/drive\/folders\/1OpOeyWb4SWNTJ_xk92os4qcPhihK7xaA?usp=sharing\">portraits<\/a>&#8216; que hem comen\u00e7at a fer aquests dies, remarcant la import\u00e0ncia del JO i l&#8217;ess\u00e8ncia de la personalitat que ens distingeix.<\/p>\n<p>&nbsp;<\/p>\n<p>&nbsp;<\/p>\n<p>&nbsp;<\/p>\n","protected":false},"excerpt":{"rendered":"<p>La data es va elegir en honor del dia del naixement de Leonardo da Vinci. Da Vinci, un home que va ser pintor, escultor, dissenyador, arquitecte, poeta, bi\u00f2leg i un llarg etc&#8230; va ser considerat com l&#8217;home del renaixement. Va ser seleccionat com un s\u00edmbol mundial de pau, llibertat d&#8217;expressi\u00f3, toler\u00e0ncia, fraternitat i multiculturalisme, aix\u00ed [&hellip;]<\/p>\n","protected":false},"author":32,"featured_media":0,"comment_status":"closed","ping_status":"closed","sticky":false,"template":"","format":"standard","meta":{"_bbp_topic_count":0,"_bbp_reply_count":0,"_bbp_total_topic_count":0,"_bbp_total_reply_count":0,"_bbp_voice_count":0,"_bbp_anonymous_reply_count":0,"_bbp_topic_count_hidden":0,"_bbp_reply_count_hidden":0,"_bbp_forum_subforum_count":0,"site-sidebar-layout":"default","site-content-layout":"","ast-site-content-layout":"","site-content-style":"default","site-sidebar-style":"default","ast-global-header-display":"","ast-banner-title-visibility":"","ast-main-header-display":"","ast-hfb-above-header-display":"","ast-hfb-below-header-display":"","ast-hfb-mobile-header-display":"","site-post-title":"","ast-breadcrumbs-content":"","ast-featured-img":"","footer-sml-layout":"","theme-transparent-header-meta":"","adv-header-id-meta":"","stick-header-meta":"","header-above-stick-meta":"","header-main-stick-meta":"","header-below-stick-meta":"","astra-migrate-meta-layouts":"default","ast-page-background-enabled":"default","ast-page-background-meta":{"desktop":{"background-color":"var(--ast-global-color-4)","background-image":"","background-repeat":"repeat","background-position":"center center","background-size":"auto","background-attachment":"scroll","background-type":"","background-media":"","overlay-type":"","overlay-color":"","overlay-opacity":"","overlay-gradient":""},"tablet":{"background-color":"","background-image":"","background-repeat":"repeat","background-position":"center center","background-size":"auto","background-attachment":"scroll","background-type":"","background-media":"","overlay-type":"","overlay-color":"","overlay-opacity":"","overlay-gradient":""},"mobile":{"background-color":"","background-image":"","background-repeat":"repeat","background-position":"center center","background-size":"auto","background-attachment":"scroll","background-type":"","background-media":"","overlay-type":"","overlay-color":"","overlay-opacity":"","overlay-gradient":""}},"ast-content-background-meta":{"desktop":{"background-color":"var(--ast-global-color-5)","background-image":"","background-repeat":"repeat","background-position":"center center","background-size":"auto","background-attachment":"scroll","background-type":"","background-media":"","overlay-type":"","overlay-color":"","overlay-opacity":"","overlay-gradient":""},"tablet":{"background-color":"var(--ast-global-color-5)","background-image":"","background-repeat":"repeat","background-position":"center center","background-size":"auto","background-attachment":"scroll","background-type":"","background-media":"","overlay-type":"","overlay-color":"","overlay-opacity":"","overlay-gradient":""},"mobile":{"background-color":"var(--ast-global-color-5)","background-image":"","background-repeat":"repeat","background-position":"center center","background-size":"auto","background-attachment":"scroll","background-type":"","background-media":"","overlay-type":"","overlay-color":"","overlay-opacity":"","overlay-gradient":""}},"footnotes":""},"categories":[290],"tags":[334,105,337,338],"class_list":["post-5827","post","type-post","status-publish","format-standard","hentry","category-cicle-superior","tag-art","tag-cicle-superior","tag-educacio-artistica","tag-portraits"],"post_mailing_queue_ids":[],"_links":{"self":[{"href":"https:\/\/agora.xtec.cat\/escgaspardeportola\/wp-json\/wp\/v2\/posts\/5827","targetHints":{"allow":["GET"]}}],"collection":[{"href":"https:\/\/agora.xtec.cat\/escgaspardeportola\/wp-json\/wp\/v2\/posts"}],"about":[{"href":"https:\/\/agora.xtec.cat\/escgaspardeportola\/wp-json\/wp\/v2\/types\/post"}],"author":[{"embeddable":true,"href":"https:\/\/agora.xtec.cat\/escgaspardeportola\/wp-json\/wp\/v2\/users\/32"}],"replies":[{"embeddable":true,"href":"https:\/\/agora.xtec.cat\/escgaspardeportola\/wp-json\/wp\/v2\/comments?post=5827"}],"version-history":[{"count":1,"href":"https:\/\/agora.xtec.cat\/escgaspardeportola\/wp-json\/wp\/v2\/posts\/5827\/revisions"}],"predecessor-version":[{"id":5828,"href":"https:\/\/agora.xtec.cat\/escgaspardeportola\/wp-json\/wp\/v2\/posts\/5827\/revisions\/5828"}],"wp:attachment":[{"href":"https:\/\/agora.xtec.cat\/escgaspardeportola\/wp-json\/wp\/v2\/media?parent=5827"}],"wp:term":[{"taxonomy":"category","embeddable":true,"href":"https:\/\/agora.xtec.cat\/escgaspardeportola\/wp-json\/wp\/v2\/categories?post=5827"},{"taxonomy":"post_tag","embeddable":true,"href":"https:\/\/agora.xtec.cat\/escgaspardeportola\/wp-json\/wp\/v2\/tags?post=5827"}],"curies":[{"name":"wp","href":"https:\/\/api.w.org\/{rel}","templated":true}]}}