{"id":5722,"date":"2021-03-12T14:01:24","date_gmt":"2021-03-12T13:01:24","guid":{"rendered":"http:\/\/agora.xtec.cat\/escgaspardeportola\/?p=5722"},"modified":"2021-03-12T16:35:56","modified_gmt":"2021-03-12T15:35:56","slug":"8-de-marc-dia-internacional-de-les-dones","status":"publish","type":"post","link":"https:\/\/agora.xtec.cat\/escgaspardeportola\/portada\/8-de-marc-dia-internacional-de-les-dones\/","title":{"rendered":"8 de mar\u00e7: Dia Internacional de la Dona"},"content":{"rendered":"<p>El 8 de mar\u00e7, coincidint amb el<strong> Dia Internacional de la Dona<\/strong>, a es van dur a terme unes activitats tem\u00e0tiques relacionades amb aquesta celebraci\u00f3.<\/p>\n<p>Al mat\u00ed la nostra companya Gabriela de 6\u00e8C va anar amb representaci\u00f3 de l&#8217;escola a commemoraci\u00f3 que va realitzar la Paeria de Balaguer amb el lema &#8220;Dones i homes, corresponsables&#8221;. Va llegir un fragment del manifest juntament amb representants de l&#8217;Associaci\u00f3 Estel i altres entitats. Aquest acte es va realitzar davant del mural &#8220;Amb doble vida&#8221; del taller Street Art Realitzat des del Programa Treball de Barris.<\/p>\n<p>Fes clic a la imatge per a veure m\u00e9s fotografies de l&#8217;acte.<\/p>\n<p><a href=\"https:\/\/drive.google.com\/drive\/folders\/1dbEMFUHeZDF8Pt_fRU7U7OxOE0E5GhqH?usp=sharing\"><img loading=\"lazy\" decoding=\"async\" class=\"alignleft size-full wp-image-5731\" src=\"https:\/\/agora.xtec.cat\/escgaspardeportola\/wp-content\/uploads\/usu555\/2021\/03\/PHOTO-2021-03-08-13-46-38-3.jpg\" alt=\"\" width=\"800\" height=\"379\" srcset=\"https:\/\/agora.xtec.cat\/escgaspardeportola\/wp-content\/uploads\/usu555\/2021\/03\/PHOTO-2021-03-08-13-46-38-3.jpg 800w, https:\/\/agora.xtec.cat\/escgaspardeportola\/wp-content\/uploads\/usu555\/2021\/03\/PHOTO-2021-03-08-13-46-38-3-300x142.jpg 300w, https:\/\/agora.xtec.cat\/escgaspardeportola\/wp-content\/uploads\/usu555\/2021\/03\/PHOTO-2021-03-08-13-46-38-3-768x364.jpg 768w\" sizes=\"auto, (max-width: 800px) 100vw, 800px\" \/><\/a><\/p>\n<p>A <strong>cicle inicial (Primer i Segon)<\/strong> han llegit el conte &#8220;Els pastissets de l&#8217;Encarna&#8221;. Despr\u00e9s de reflexionar sobre el conte, han realitzat un treball per analitzar qui realitza les tasques de la llar a casa. Els homes, les dones o tots? Finalment s&#8217;han posat la pulsera!!!!!<\/p>\n<p>Fes clic a la imatge per a veure m\u00e9s fotografies de l&#8217;acte.<\/p>\n<p><a href=\"https:\/\/drive.google.com\/drive\/folders\/1OJDw7-Cymd-z7QaEmbUWgfRQTFBHNkxf?usp=sharing\"><img loading=\"lazy\" decoding=\"async\" class=\"alignleft  wp-image-5729\" src=\"https:\/\/agora.xtec.cat\/escgaspardeportola\/wp-content\/uploads\/usu555\/2021\/03\/IMG_8233.jpg\" alt=\"\" width=\"798\" height=\"598\" srcset=\"https:\/\/agora.xtec.cat\/escgaspardeportola\/wp-content\/uploads\/usu555\/2021\/03\/IMG_8233.jpg 1008w, https:\/\/agora.xtec.cat\/escgaspardeportola\/wp-content\/uploads\/usu555\/2021\/03\/IMG_8233-300x225.jpg 300w, https:\/\/agora.xtec.cat\/escgaspardeportola\/wp-content\/uploads\/usu555\/2021\/03\/IMG_8233-768x576.jpg 768w, https:\/\/agora.xtec.cat\/escgaspardeportola\/wp-content\/uploads\/usu555\/2021\/03\/IMG_8233-200x150.jpg 200w\" sizes=\"auto, (max-width: 798px) 100vw, 798px\" \/><\/a><\/p>\n<p>Els nens i nenes de <strong>cicle mitj\u00e0 (3r i 4t)<\/strong> per comen\u00e7ar, es van llegir diferents cap\u00edtols del llibre &#8220;Contes de bona nit per a nenes rebels&#8221;, on cada apartat explica la biografia de dones reconegudes en diferents \u00e0mbits professionals. A m\u00e9s, de manera individual, l&#8217;alumnat va poder dissenyar una banderola que m\u00e9s tard es va penjar a les aules on s&#8217;anomenava una dona exemplar que cada nen o nena considerava en l&#8217;\u00e0mbit personal.<\/p>\n<p><img loading=\"lazy\" decoding=\"async\" class=\"alignleft  wp-image-5732\" src=\"https:\/\/agora.xtec.cat\/escgaspardeportola\/wp-content\/uploads\/usu555\/2021\/03\/IMG_20210310_102322.jpg\" alt=\"\" width=\"795\" height=\"596\" \/><\/p>\n<p>Aqu\u00ed teniu els enlla\u00e7os dividits en cursos per veure les fotos:<\/p>\n<p><a href=\"https:\/\/drive.google.com\/drive\/folders\/1-QU0iMyyjFW_iKlGjdsn3VP15iVnSDLU?usp=sharing\">Dia de la dona (3r)<\/a><\/p>\n<p><a href=\"https:\/\/drive.google.com\/drive\/folders\/1FBrg-NL8LKhtD_zN9ytLCo8nmnYL3iea?usp=sharing\">Dia de la dona (4t)<\/a><\/p>\n<p>Els nens i nenes de <strong>cicle superior (5\u00e8 i 6\u00e8) <\/strong>van realitzar una gimcana sobre dones metges, faraons, pirates, tennistes etc. Van buscar informaci\u00f3 en els p\u00f2sters penjats a les finestres i parets per resoldre diferents reptes. Finalment van realitzar una banderola de la dona de la nostra vida. Van explicar quina feina fa cada dona i perqu\u00e8 \u00e9s important per nosaltres.<\/p>\n<p>Als porxos hem penjat totes les banderoles de Cicle superior per a\u00a0 fer homenatge a aquestes dones de les nostres vides.\u00a0 Tamb\u00e9 \u00e9s van posar la pulsera!<\/p>\n<p>Fes clic a la imatge per a veure m\u00e9s fotografies de l&#8217;acte.<\/p>\n<p><a href=\"https:\/\/drive.google.com\/drive\/folders\/1wq8taTIGU_Z7ehsX4v7KuJAooYFQBifW?usp=sharing\"><img loading=\"lazy\" decoding=\"async\" class=\"alignleft size-full wp-image-5730\" src=\"https:\/\/agora.xtec.cat\/escgaspardeportola\/wp-content\/uploads\/usu555\/2021\/03\/PHOTO-2021-03-08-11-09-46.jpg\" alt=\"\" width=\"800\" height=\"600\" srcset=\"https:\/\/agora.xtec.cat\/escgaspardeportola\/wp-content\/uploads\/usu555\/2021\/03\/PHOTO-2021-03-08-11-09-46.jpg 800w, https:\/\/agora.xtec.cat\/escgaspardeportola\/wp-content\/uploads\/usu555\/2021\/03\/PHOTO-2021-03-08-11-09-46-300x225.jpg 300w, https:\/\/agora.xtec.cat\/escgaspardeportola\/wp-content\/uploads\/usu555\/2021\/03\/PHOTO-2021-03-08-11-09-46-768x576.jpg 768w, https:\/\/agora.xtec.cat\/escgaspardeportola\/wp-content\/uploads\/usu555\/2021\/03\/PHOTO-2021-03-08-11-09-46-200x150.jpg 200w\" sizes=\"auto, (max-width: 800px) 100vw, 800px\" \/><\/a><\/p>\n","protected":false},"excerpt":{"rendered":"<p>El 8 de mar\u00e7, coincidint amb el Dia Internacional de la Dona, a es van dur a terme unes activitats tem\u00e0tiques relacionades amb aquesta celebraci\u00f3. Al mat\u00ed la nostra companya Gabriela de 6\u00e8C va anar amb representaci\u00f3 de l&#8217;escola a commemoraci\u00f3 que va realitzar la Paeria de Balaguer amb el lema &#8220;Dones i homes, corresponsables&#8221;. [&hellip;]<\/p>\n","protected":false},"author":12,"featured_media":5723,"comment_status":"closed","ping_status":"closed","sticky":false,"template":"","format":"standard","meta":{"_bbp_topic_count":0,"_bbp_reply_count":0,"_bbp_total_topic_count":0,"_bbp_total_reply_count":0,"_bbp_voice_count":0,"_bbp_anonymous_reply_count":0,"_bbp_topic_count_hidden":0,"_bbp_reply_count_hidden":0,"_bbp_forum_subforum_count":0,"site-sidebar-layout":"default","site-content-layout":"","ast-site-content-layout":"","site-content-style":"default","site-sidebar-style":"default","ast-global-header-display":"","ast-banner-title-visibility":"","ast-main-header-display":"","ast-hfb-above-header-display":"","ast-hfb-below-header-display":"","ast-hfb-mobile-header-display":"","site-post-title":"","ast-breadcrumbs-content":"","ast-featured-img":"","footer-sml-layout":"","theme-transparent-header-meta":"","adv-header-id-meta":"","stick-header-meta":"","header-above-stick-meta":"","header-main-stick-meta":"","header-below-stick-meta":"","astra-migrate-meta-layouts":"default","ast-page-background-enabled":"default","ast-page-background-meta":{"desktop":{"background-color":"var(--ast-global-color-4)","background-image":"","background-repeat":"repeat","background-position":"center center","background-size":"auto","background-attachment":"scroll","background-type":"","background-media":"","overlay-type":"","overlay-color":"","overlay-opacity":"","overlay-gradient":""},"tablet":{"background-color":"","background-image":"","background-repeat":"repeat","background-position":"center center","background-size":"auto","background-attachment":"scroll","background-type":"","background-media":"","overlay-type":"","overlay-color":"","overlay-opacity":"","overlay-gradient":""},"mobile":{"background-color":"","background-image":"","background-repeat":"repeat","background-position":"center center","background-size":"auto","background-attachment":"scroll","background-type":"","background-media":"","overlay-type":"","overlay-color":"","overlay-opacity":"","overlay-gradient":""}},"ast-content-background-meta":{"desktop":{"background-color":"var(--ast-global-color-5)","background-image":"","background-repeat":"repeat","background-position":"center center","background-size":"auto","background-attachment":"scroll","background-type":"","background-media":"","overlay-type":"","overlay-color":"","overlay-opacity":"","overlay-gradient":""},"tablet":{"background-color":"var(--ast-global-color-5)","background-image":"","background-repeat":"repeat","background-position":"center center","background-size":"auto","background-attachment":"scroll","background-type":"","background-media":"","overlay-type":"","overlay-color":"","overlay-opacity":"","overlay-gradient":""},"mobile":{"background-color":"var(--ast-global-color-5)","background-image":"","background-repeat":"repeat","background-position":"center center","background-size":"auto","background-attachment":"scroll","background-type":"","background-media":"","overlay-type":"","overlay-color":"","overlay-opacity":"","overlay-gradient":""}},"footnotes":""},"categories":[63,60,290,4],"tags":[],"class_list":["post-5722","post","type-post","status-publish","format-standard","has-post-thumbnail","hentry","category-cicleinicial","category-ciclemitja","category-cicle-superior","category-portada"],"post_mailing_queue_ids":[],"_links":{"self":[{"href":"https:\/\/agora.xtec.cat\/escgaspardeportola\/wp-json\/wp\/v2\/posts\/5722","targetHints":{"allow":["GET"]}}],"collection":[{"href":"https:\/\/agora.xtec.cat\/escgaspardeportola\/wp-json\/wp\/v2\/posts"}],"about":[{"href":"https:\/\/agora.xtec.cat\/escgaspardeportola\/wp-json\/wp\/v2\/types\/post"}],"author":[{"embeddable":true,"href":"https:\/\/agora.xtec.cat\/escgaspardeportola\/wp-json\/wp\/v2\/users\/12"}],"replies":[{"embeddable":true,"href":"https:\/\/agora.xtec.cat\/escgaspardeportola\/wp-json\/wp\/v2\/comments?post=5722"}],"version-history":[{"count":3,"href":"https:\/\/agora.xtec.cat\/escgaspardeportola\/wp-json\/wp\/v2\/posts\/5722\/revisions"}],"predecessor-version":[{"id":5734,"href":"https:\/\/agora.xtec.cat\/escgaspardeportola\/wp-json\/wp\/v2\/posts\/5722\/revisions\/5734"}],"wp:featuredmedia":[{"embeddable":true,"href":"https:\/\/agora.xtec.cat\/escgaspardeportola\/wp-json\/wp\/v2\/media\/5723"}],"wp:attachment":[{"href":"https:\/\/agora.xtec.cat\/escgaspardeportola\/wp-json\/wp\/v2\/media?parent=5722"}],"wp:term":[{"taxonomy":"category","embeddable":true,"href":"https:\/\/agora.xtec.cat\/escgaspardeportola\/wp-json\/wp\/v2\/categories?post=5722"},{"taxonomy":"post_tag","embeddable":true,"href":"https:\/\/agora.xtec.cat\/escgaspardeportola\/wp-json\/wp\/v2\/tags?post=5722"}],"curies":[{"name":"wp","href":"https:\/\/api.w.org\/{rel}","templated":true}]}}