{"id":5698,"date":"2021-03-02T22:21:28","date_gmt":"2021-03-02T21:21:28","guid":{"rendered":"http:\/\/agora.xtec.cat\/escgaspardeportola\/?p=5698"},"modified":"2021-03-02T22:21:28","modified_gmt":"2021-03-02T21:21:28","slug":"reunio-de-delegats-verds","status":"publish","type":"post","link":"https:\/\/agora.xtec.cat\/escgaspardeportola\/portada\/reunio-de-delegats-verds\/","title":{"rendered":"Reuni\u00f3 de delegats verds"},"content":{"rendered":"<p>Els passat dia 25 de febrer es varen reunir els delegats verds de l\u2019escola (des de P5 fins a 6\u00e8) amb la direcci\u00f3 a fi de revisar les seves funcions i l\u2019estat de les actuacions que s\u2019han dut a terme i que estan previstes en el Pla d\u2019Acci\u00f3 2020-21 d\u2019escoles verdes.<\/p>\n<p>Els delegats verds van participar activament aportant dades i gr\u00e0fics sobre el grau d\u2019assoliment dels diferents nivells envers els esmorzars saludables i els embolcalls. Tamb\u00e9 es varen comentar accions sobre la recollida selectiva, el control energ\u00e8tic, el manteniment de taules i bancs dels patis, el reg de les plantes interiors i del jard\u00ed vertical del pati gran, entre altres.<\/p>\n<p>Es va explicar diferents accions dutes a terme com \u00e9s la plantada d\u2019arbres a les Franqueses per part dels alumnes de 4rt, la recollida de deixalles de l\u2019entorn per part dels alumnes de cicle superior, el treball de l\u2019hort que fan els alumnes d\u2019educaci\u00f3 infantil, la xerrada sobre control energ\u00e8tic duta a terme per REPSOL als alumnes de cicle superior i la previsi\u00f3 de millora de les plantes arom\u00e0tiques de cicle mitj\u00e0.<\/p>\n<p>L\u2019escola, a partir del proper curs, renovar\u00e0 el distintiu d\u2019escola verda per als propers quatre cursos actualitzant les actuacions i objectius del Pla d\u2019Educaci\u00f3 per a la Sostenibilitat.<\/p>\n<p><img loading=\"lazy\" decoding=\"async\" class=\"alignleft size-large wp-image-5699\" src=\"https:\/\/agora.xtec.cat\/escgaspardeportola\/wp-content\/uploads\/usu555\/2021\/03\/PHOTO-2021-02-25-16-00-21-1024x768.jpg\" alt=\"\" width=\"1024\" height=\"768\" srcset=\"https:\/\/agora.xtec.cat\/escgaspardeportola\/wp-content\/uploads\/usu555\/2021\/03\/PHOTO-2021-02-25-16-00-21-1024x768.jpg 1024w, https:\/\/agora.xtec.cat\/escgaspardeportola\/wp-content\/uploads\/usu555\/2021\/03\/PHOTO-2021-02-25-16-00-21-300x225.jpg 300w, https:\/\/agora.xtec.cat\/escgaspardeportola\/wp-content\/uploads\/usu555\/2021\/03\/PHOTO-2021-02-25-16-00-21-768x576.jpg 768w, https:\/\/agora.xtec.cat\/escgaspardeportola\/wp-content\/uploads\/usu555\/2021\/03\/PHOTO-2021-02-25-16-00-21-200x150.jpg 200w, https:\/\/agora.xtec.cat\/escgaspardeportola\/wp-content\/uploads\/usu555\/2021\/03\/PHOTO-2021-02-25-16-00-21.jpg 2048w\" sizes=\"auto, (max-width: 1024px) 100vw, 1024px\" \/><\/p>\n","protected":false},"excerpt":{"rendered":"<p>Els passat dia 25 de febrer es varen reunir els delegats verds de l\u2019escola (des de P5 fins a 6\u00e8) amb la direcci\u00f3 a fi de revisar les seves funcions i l\u2019estat de les actuacions que s\u2019han dut a terme i que estan previstes en el Pla d\u2019Acci\u00f3 2020-21 d\u2019escoles verdes. Els delegats verds van [&hellip;]<\/p>\n","protected":false},"author":1,"featured_media":0,"comment_status":"closed","ping_status":"closed","sticky":false,"template":"","format":"standard","meta":{"_bbp_topic_count":0,"_bbp_reply_count":0,"_bbp_total_topic_count":0,"_bbp_total_reply_count":0,"_bbp_voice_count":0,"_bbp_anonymous_reply_count":0,"_bbp_topic_count_hidden":0,"_bbp_reply_count_hidden":0,"_bbp_forum_subforum_count":0,"site-sidebar-layout":"default","site-content-layout":"","ast-site-content-layout":"","site-content-style":"default","site-sidebar-style":"default","ast-global-header-display":"","ast-banner-title-visibility":"","ast-main-header-display":"","ast-hfb-above-header-display":"","ast-hfb-below-header-display":"","ast-hfb-mobile-header-display":"","site-post-title":"","ast-breadcrumbs-content":"","ast-featured-img":"","footer-sml-layout":"","theme-transparent-header-meta":"","adv-header-id-meta":"","stick-header-meta":"","header-above-stick-meta":"","header-main-stick-meta":"","header-below-stick-meta":"","astra-migrate-meta-layouts":"default","ast-page-background-enabled":"default","ast-page-background-meta":{"desktop":{"background-color":"var(--ast-global-color-4)","background-image":"","background-repeat":"repeat","background-position":"center center","background-size":"auto","background-attachment":"scroll","background-type":"","background-media":"","overlay-type":"","overlay-color":"","overlay-opacity":"","overlay-gradient":""},"tablet":{"background-color":"","background-image":"","background-repeat":"repeat","background-position":"center center","background-size":"auto","background-attachment":"scroll","background-type":"","background-media":"","overlay-type":"","overlay-color":"","overlay-opacity":"","overlay-gradient":""},"mobile":{"background-color":"","background-image":"","background-repeat":"repeat","background-position":"center center","background-size":"auto","background-attachment":"scroll","background-type":"","background-media":"","overlay-type":"","overlay-color":"","overlay-opacity":"","overlay-gradient":""}},"ast-content-background-meta":{"desktop":{"background-color":"var(--ast-global-color-5)","background-image":"","background-repeat":"repeat","background-position":"center center","background-size":"auto","background-attachment":"scroll","background-type":"","background-media":"","overlay-type":"","overlay-color":"","overlay-opacity":"","overlay-gradient":""},"tablet":{"background-color":"var(--ast-global-color-5)","background-image":"","background-repeat":"repeat","background-position":"center center","background-size":"auto","background-attachment":"scroll","background-type":"","background-media":"","overlay-type":"","overlay-color":"","overlay-opacity":"","overlay-gradient":""},"mobile":{"background-color":"var(--ast-global-color-5)","background-image":"","background-repeat":"repeat","background-position":"center center","background-size":"auto","background-attachment":"scroll","background-type":"","background-media":"","overlay-type":"","overlay-color":"","overlay-opacity":"","overlay-gradient":""}},"footnotes":""},"categories":[110,4],"tags":[],"class_list":["post-5698","post","type-post","status-publish","format-standard","hentry","category-escola-verda","category-portada"],"post_mailing_queue_ids":[],"_links":{"self":[{"href":"https:\/\/agora.xtec.cat\/escgaspardeportola\/wp-json\/wp\/v2\/posts\/5698","targetHints":{"allow":["GET"]}}],"collection":[{"href":"https:\/\/agora.xtec.cat\/escgaspardeportola\/wp-json\/wp\/v2\/posts"}],"about":[{"href":"https:\/\/agora.xtec.cat\/escgaspardeportola\/wp-json\/wp\/v2\/types\/post"}],"author":[{"embeddable":true,"href":"https:\/\/agora.xtec.cat\/escgaspardeportola\/wp-json\/wp\/v2\/users\/1"}],"replies":[{"embeddable":true,"href":"https:\/\/agora.xtec.cat\/escgaspardeportola\/wp-json\/wp\/v2\/comments?post=5698"}],"version-history":[{"count":1,"href":"https:\/\/agora.xtec.cat\/escgaspardeportola\/wp-json\/wp\/v2\/posts\/5698\/revisions"}],"predecessor-version":[{"id":5700,"href":"https:\/\/agora.xtec.cat\/escgaspardeportola\/wp-json\/wp\/v2\/posts\/5698\/revisions\/5700"}],"wp:attachment":[{"href":"https:\/\/agora.xtec.cat\/escgaspardeportola\/wp-json\/wp\/v2\/media?parent=5698"}],"wp:term":[{"taxonomy":"category","embeddable":true,"href":"https:\/\/agora.xtec.cat\/escgaspardeportola\/wp-json\/wp\/v2\/categories?post=5698"},{"taxonomy":"post_tag","embeddable":true,"href":"https:\/\/agora.xtec.cat\/escgaspardeportola\/wp-json\/wp\/v2\/tags?post=5698"}],"curies":[{"name":"wp","href":"https:\/\/api.w.org\/{rel}","templated":true}]}}