{"id":5514,"date":"2020-12-30T18:46:02","date_gmt":"2020-12-30T17:46:02","guid":{"rendered":"http:\/\/agora.xtec.cat\/escgaspardeportola\/?p=5514"},"modified":"2020-12-30T18:46:02","modified_gmt":"2020-12-30T17:46:02","slug":"ultimes-activitats-primer-trimestre-p3","status":"publish","type":"post","link":"https:\/\/agora.xtec.cat\/escgaspardeportola\/educacioinfantil\/ultimes-activitats-primer-trimestre-p3\/","title":{"rendered":"\u00daLTIMES ACTIVITATS PRIMER TRIMESTRE P3"},"content":{"rendered":"<p><span style=\"font-weight: 400;\">Estimades fam\u00edlies,<\/span><\/p>\n<p><span style=\"font-weight: 400;\">abans de finalitzar l\u2019any 2020, us volem compartir un recull d\u2019imatges on podreu veure com <\/span><span style=\"color: #800080;\"><b>els gegants i les gegantes<\/b><\/span><span style=\"font-weight: 400;\"> i <\/span><b><span style=\"color: #3366ff;\">els\/les policies<\/span><\/b><span style=\"font-weight: 400;\"> hem engegat el <\/span><b>treball de l\u2019hort<\/b><span style=\"font-weight: 400;\">, hem donat la <\/span><b>benvinguda a l\u2019hivern fent neu<\/b><span style=\"font-weight: 400;\"> i ens hem acomiadat fent un <\/span><b>taller Nadalenc<\/b><span style=\"font-weight: 400;\">.<\/span><\/p>\n<p><b>TREBALL DE L\u2019HORT<\/b><\/p>\n<p><span style=\"font-weight: 400;\">Aquest curs, educaci\u00f3 infantil treballar\u00e0 el projecte de l\u2019hort m\u00e9s \u00e0mpliament, farem \u00fas dels palots i de l\u2019hort gran.<\/span><\/p>\n<p><span style=\"font-weight: 400;\">Hem dividit l\u2019hort en 8 parcel\u00b7les, on cada classe sembrar\u00e0 o plantar\u00e0 un cultiu.<\/span><\/p>\n<p><span style=\"font-weight: 400;\">Vam comen\u00e7ar fent planter: <strong><span style=\"color: #800080;\">P3A<\/span><\/strong> amb <\/span><span style=\"color: #99cc00;\"><i><span style=\"font-weight: 400;\">llavors d\u2019espinacs<\/span><\/i><\/span><span style=\"font-weight: 400;\"> i <strong><span style=\"color: #3366ff;\">P3B<\/span><\/strong> amb<\/span><span style=\"color: #008000;\"><i><span style=\"font-weight: 400;\"> llavors de p\u00e8sols<\/span><\/i><\/span><span style=\"font-weight: 400;\">. Passat un mes i abans de marxar de vacances, vam plantar el planter a l\u2019hort.\u00a0<\/span><\/p>\n<p><span style=\"font-weight: 400;\">Mireu quins futurs pagesos i pageses tenim.<\/span><\/p>\n<p><a href=\"https:\/\/photos.app.goo.gl\/ZGtpBDi1HiTswPZ59\"><span style=\"color: #800080;\"><b>Fotos classe dels gegants i gegantes<\/b><\/span><\/a><\/p>\n<p><a href=\"https:\/\/photos.app.goo.gl\/vEgzdBC1f4LenZkK9\"><span style=\"color: #3366ff;\"><b>Fotos classe dels \/les policies<\/b><\/span><\/a><\/p>\n<p>&nbsp;<\/p>\n<p><b>DONEM LA BENVINGUDA A L\u2019HIVERN FENT NEU<\/b><\/p>\n<p><span style=\"font-weight: 400;\">Dilluns 21 de desembre, vam donar la benvinguda a l\u2019hivern<span style=\"color: #0000ff;\"> fent neu<\/span>. Ens ho v\u00e0rem passar molt b\u00e9 fent aquest experiment tan senzill per\u00f2 a l\u2019hora tan emocionant i divertit.\u00a0<\/span><\/p>\n<p><span style=\"font-weight: 400;\">Us deixem un recull d\u2019imatges on podreu comprovar com van gaudir manipulant-la.\u00a0<\/span><\/p>\n<p><a href=\"https:\/\/photos.app.goo.gl\/e1T2UnauVZonWzk48\"><span style=\"color: #800080;\"><b>Fotos classe dels gegants i gegantes<\/b><\/span><\/a><\/p>\n<p><a href=\"https:\/\/photos.app.goo.gl\/byUs6yNpSSgztXWw7\"><span style=\"color: #3366ff;\"><b>Fotos classe dels \/les policies<\/b><\/span><\/a><\/p>\n<p>&nbsp;<\/p>\n<p><b>TALLER NADALENC<\/b><\/p>\n<p><span style=\"font-weight: 400;\">Per acomiadar-nos i desitjar-nos unes bones festes de Nadal, vam fer un taller on els nens i nenes havien de decorar amb diferents materials uns avets i ninots de neu. <\/span><\/p>\n<p><span style=\"font-weight: 400;\">A les imatges que us compartim, podreu observar quines creacions m\u00e9s boniques van anar fent.\u00a0\u00a0<\/span><\/p>\n<p><a href=\"https:\/\/photos.app.goo.gl\/YFxA8qJ6Tf2mrWqE8\"><span style=\"color: #800080;\"><b>Fotos classe dels gegants i gegantes<\/b><\/span><\/a><\/p>\n<p><a href=\"https:\/\/photos.app.goo.gl\/nK4r4NaVVjEs89XXA\"><span style=\"color: #3366ff;\"><b>Fotos classe dels \/les policies<\/b><\/span><\/a><\/p>\n","protected":false},"excerpt":{"rendered":"<p>Estimades fam\u00edlies, abans de finalitzar l\u2019any 2020, us volem compartir un recull d\u2019imatges on podreu veure com els gegants i les gegantes i els\/les policies hem engegat el treball de l\u2019hort, hem donat la benvinguda a l\u2019hivern fent neu i ens hem acomiadat fent un taller Nadalenc. TREBALL DE L\u2019HORT Aquest curs, educaci\u00f3 infantil treballar\u00e0 [&hellip;]<\/p>\n","protected":false},"author":33,"featured_media":0,"comment_status":"closed","ping_status":"closed","sticky":false,"template":"","format":"standard","meta":{"_bbp_topic_count":0,"_bbp_reply_count":0,"_bbp_total_topic_count":0,"_bbp_total_reply_count":0,"_bbp_voice_count":0,"_bbp_anonymous_reply_count":0,"_bbp_topic_count_hidden":0,"_bbp_reply_count_hidden":0,"_bbp_forum_subforum_count":0,"site-sidebar-layout":"default","site-content-layout":"","ast-site-content-layout":"","site-content-style":"default","site-sidebar-style":"default","ast-global-header-display":"","ast-banner-title-visibility":"","ast-main-header-display":"","ast-hfb-above-header-display":"","ast-hfb-below-header-display":"","ast-hfb-mobile-header-display":"","site-post-title":"","ast-breadcrumbs-content":"","ast-featured-img":"","footer-sml-layout":"","theme-transparent-header-meta":"","adv-header-id-meta":"","stick-header-meta":"","header-above-stick-meta":"","header-main-stick-meta":"","header-below-stick-meta":"","astra-migrate-meta-layouts":"default","ast-page-background-enabled":"default","ast-page-background-meta":{"desktop":{"background-color":"var(--ast-global-color-4)","background-image":"","background-repeat":"repeat","background-position":"center center","background-size":"auto","background-attachment":"scroll","background-type":"","background-media":"","overlay-type":"","overlay-color":"","overlay-opacity":"","overlay-gradient":""},"tablet":{"background-color":"","background-image":"","background-repeat":"repeat","background-position":"center center","background-size":"auto","background-attachment":"scroll","background-type":"","background-media":"","overlay-type":"","overlay-color":"","overlay-opacity":"","overlay-gradient":""},"mobile":{"background-color":"","background-image":"","background-repeat":"repeat","background-position":"center center","background-size":"auto","background-attachment":"scroll","background-type":"","background-media":"","overlay-type":"","overlay-color":"","overlay-opacity":"","overlay-gradient":""}},"ast-content-background-meta":{"desktop":{"background-color":"var(--ast-global-color-5)","background-image":"","background-repeat":"repeat","background-position":"center center","background-size":"auto","background-attachment":"scroll","background-type":"","background-media":"","overlay-type":"","overlay-color":"","overlay-opacity":"","overlay-gradient":""},"tablet":{"background-color":"var(--ast-global-color-5)","background-image":"","background-repeat":"repeat","background-position":"center center","background-size":"auto","background-attachment":"scroll","background-type":"","background-media":"","overlay-type":"","overlay-color":"","overlay-opacity":"","overlay-gradient":""},"mobile":{"background-color":"var(--ast-global-color-5)","background-image":"","background-repeat":"repeat","background-position":"center center","background-size":"auto","background-attachment":"scroll","background-type":"","background-media":"","overlay-type":"","overlay-color":"","overlay-opacity":"","overlay-gradient":""}},"footnotes":""},"categories":[64],"tags":[],"class_list":["post-5514","post","type-post","status-publish","format-standard","hentry","category-educacioinfantil"],"post_mailing_queue_ids":[],"_links":{"self":[{"href":"https:\/\/agora.xtec.cat\/escgaspardeportola\/wp-json\/wp\/v2\/posts\/5514","targetHints":{"allow":["GET"]}}],"collection":[{"href":"https:\/\/agora.xtec.cat\/escgaspardeportola\/wp-json\/wp\/v2\/posts"}],"about":[{"href":"https:\/\/agora.xtec.cat\/escgaspardeportola\/wp-json\/wp\/v2\/types\/post"}],"author":[{"embeddable":true,"href":"https:\/\/agora.xtec.cat\/escgaspardeportola\/wp-json\/wp\/v2\/users\/33"}],"replies":[{"embeddable":true,"href":"https:\/\/agora.xtec.cat\/escgaspardeportola\/wp-json\/wp\/v2\/comments?post=5514"}],"version-history":[{"count":3,"href":"https:\/\/agora.xtec.cat\/escgaspardeportola\/wp-json\/wp\/v2\/posts\/5514\/revisions"}],"predecessor-version":[{"id":5519,"href":"https:\/\/agora.xtec.cat\/escgaspardeportola\/wp-json\/wp\/v2\/posts\/5514\/revisions\/5519"}],"wp:attachment":[{"href":"https:\/\/agora.xtec.cat\/escgaspardeportola\/wp-json\/wp\/v2\/media?parent=5514"}],"wp:term":[{"taxonomy":"category","embeddable":true,"href":"https:\/\/agora.xtec.cat\/escgaspardeportola\/wp-json\/wp\/v2\/categories?post=5514"},{"taxonomy":"post_tag","embeddable":true,"href":"https:\/\/agora.xtec.cat\/escgaspardeportola\/wp-json\/wp\/v2\/tags?post=5514"}],"curies":[{"name":"wp","href":"https:\/\/api.w.org\/{rel}","templated":true}]}}