{"id":5473,"date":"2020-12-21T18:16:46","date_gmt":"2020-12-21T17:16:46","guid":{"rendered":"http:\/\/agora.xtec.cat\/escgaspardeportola\/?p=5473"},"modified":"2020-12-21T18:27:27","modified_gmt":"2020-12-21T17:27:27","slug":"angelica-dass","status":"publish","type":"post","link":"https:\/\/agora.xtec.cat\/escgaspardeportola\/cicle-superior\/angelica-dass\/","title":{"rendered":"ANGELICA DASS"},"content":{"rendered":"<p><span style=\"font-weight: 400;\">Aquest trimestre els i les alumnes de cicle superior han treballat l\u2019artista brasilera afincada a Madrid, Angelica Dass. Ens vam fixar amb el seu projecte Humanae. \u00c9s un treball fotogr\u00e0fic en progr\u00e9s sobre el color de la pell. Tracta de documentar els veritables colors de la humanitat en lloc de les falses etiquetes \u2018blanc, negre, groc\u2026\u2019 associades a la ra\u00e7a. Els i les nostres alumnes han buscat la seva tonalitat de pell a partir de barrejar els colors groc, vermell, blau, blanc i negre. Cadasc\u00fa, ha intentat trobar el seu, utilitzant com a base el seu propi teixit.<\/span><\/p>\n<p><span style=\"font-weight: 400;\">Expressions com:<\/span><\/p>\n<p><span style=\"font-weight: 400;\">Tens el color carn? Passa\u2019m el carn?&#8230; \u00a0 han de desapar\u00e8ixer del nostre dia a dia. La carn no \u00e9s un color, per tant el color carn no existeix.<\/span><\/p>\n<p><span style=\"font-weight: 400;\">\u00a0A continuaci\u00f3 podeu observar unes<a href=\"https:\/\/drive.google.com\/drive\/folders\/1vBgG7S7JVm4HR4ws1cRuqcw24yjYvNgY?usp=sharing\"> fotografies<\/a> del treball realitzat.<\/span><\/p>\n<p><span style=\"font-weight: 400;\">Per saber-ne m\u00e9s, <\/span><\/p>\n<p><a href=\"https:\/\/angelicadass.com\/es\/fotografia\/humanae\/\"><span style=\"font-weight: 400;\">https:\/\/angelicadass.com\/es\/fotografia\/humanae\/<\/span><\/a><\/p>\n","protected":false},"excerpt":{"rendered":"<p>Aquest trimestre els i les alumnes de cicle superior han treballat l\u2019artista brasilera afincada a Madrid, Angelica Dass. Ens vam fixar amb el seu projecte Humanae. \u00c9s un treball fotogr\u00e0fic en progr\u00e9s sobre el color de la pell. Tracta de documentar els veritables colors de la humanitat en lloc de les falses etiquetes \u2018blanc, negre, [&hellip;]<\/p>\n","protected":false},"author":32,"featured_media":0,"comment_status":"closed","ping_status":"closed","sticky":false,"template":"","format":"standard","meta":{"_bbp_topic_count":0,"_bbp_reply_count":0,"_bbp_total_topic_count":0,"_bbp_total_reply_count":0,"_bbp_voice_count":0,"_bbp_anonymous_reply_count":0,"_bbp_topic_count_hidden":0,"_bbp_reply_count_hidden":0,"_bbp_forum_subforum_count":0,"site-sidebar-layout":"default","site-content-layout":"","ast-site-content-layout":"","site-content-style":"default","site-sidebar-style":"default","ast-global-header-display":"","ast-banner-title-visibility":"","ast-main-header-display":"","ast-hfb-above-header-display":"","ast-hfb-below-header-display":"","ast-hfb-mobile-header-display":"","site-post-title":"","ast-breadcrumbs-content":"","ast-featured-img":"","footer-sml-layout":"","theme-transparent-header-meta":"","adv-header-id-meta":"","stick-header-meta":"","header-above-stick-meta":"","header-main-stick-meta":"","header-below-stick-meta":"","astra-migrate-meta-layouts":"default","ast-page-background-enabled":"default","ast-page-background-meta":{"desktop":{"background-color":"var(--ast-global-color-4)","background-image":"","background-repeat":"repeat","background-position":"center center","background-size":"auto","background-attachment":"scroll","background-type":"","background-media":"","overlay-type":"","overlay-color":"","overlay-opacity":"","overlay-gradient":""},"tablet":{"background-color":"","background-image":"","background-repeat":"repeat","background-position":"center center","background-size":"auto","background-attachment":"scroll","background-type":"","background-media":"","overlay-type":"","overlay-color":"","overlay-opacity":"","overlay-gradient":""},"mobile":{"background-color":"","background-image":"","background-repeat":"repeat","background-position":"center center","background-size":"auto","background-attachment":"scroll","background-type":"","background-media":"","overlay-type":"","overlay-color":"","overlay-opacity":"","overlay-gradient":""}},"ast-content-background-meta":{"desktop":{"background-color":"var(--ast-global-color-5)","background-image":"","background-repeat":"repeat","background-position":"center center","background-size":"auto","background-attachment":"scroll","background-type":"","background-media":"","overlay-type":"","overlay-color":"","overlay-opacity":"","overlay-gradient":""},"tablet":{"background-color":"var(--ast-global-color-5)","background-image":"","background-repeat":"repeat","background-position":"center center","background-size":"auto","background-attachment":"scroll","background-type":"","background-media":"","overlay-type":"","overlay-color":"","overlay-opacity":"","overlay-gradient":""},"mobile":{"background-color":"var(--ast-global-color-5)","background-image":"","background-repeat":"repeat","background-position":"center center","background-size":"auto","background-attachment":"scroll","background-type":"","background-media":"","overlay-type":"","overlay-color":"","overlay-opacity":"","overlay-gradient":""}},"footnotes":""},"categories":[290],"tags":[335,334,105,333],"class_list":["post-5473","post","type-post","status-publish","format-standard","hentry","category-cicle-superior","tag-angelica-dass","tag-art","tag-cicle-superior","tag-visual-i-plastica"],"post_mailing_queue_ids":[],"_links":{"self":[{"href":"https:\/\/agora.xtec.cat\/escgaspardeportola\/wp-json\/wp\/v2\/posts\/5473","targetHints":{"allow":["GET"]}}],"collection":[{"href":"https:\/\/agora.xtec.cat\/escgaspardeportola\/wp-json\/wp\/v2\/posts"}],"about":[{"href":"https:\/\/agora.xtec.cat\/escgaspardeportola\/wp-json\/wp\/v2\/types\/post"}],"author":[{"embeddable":true,"href":"https:\/\/agora.xtec.cat\/escgaspardeportola\/wp-json\/wp\/v2\/users\/32"}],"replies":[{"embeddable":true,"href":"https:\/\/agora.xtec.cat\/escgaspardeportola\/wp-json\/wp\/v2\/comments?post=5473"}],"version-history":[{"count":3,"href":"https:\/\/agora.xtec.cat\/escgaspardeportola\/wp-json\/wp\/v2\/posts\/5473\/revisions"}],"predecessor-version":[{"id":5480,"href":"https:\/\/agora.xtec.cat\/escgaspardeportola\/wp-json\/wp\/v2\/posts\/5473\/revisions\/5480"}],"wp:attachment":[{"href":"https:\/\/agora.xtec.cat\/escgaspardeportola\/wp-json\/wp\/v2\/media?parent=5473"}],"wp:term":[{"taxonomy":"category","embeddable":true,"href":"https:\/\/agora.xtec.cat\/escgaspardeportola\/wp-json\/wp\/v2\/categories?post=5473"},{"taxonomy":"post_tag","embeddable":true,"href":"https:\/\/agora.xtec.cat\/escgaspardeportola\/wp-json\/wp\/v2\/tags?post=5473"}],"curies":[{"name":"wp","href":"https:\/\/api.w.org\/{rel}","templated":true}]}}