{"id":5373,"date":"2020-11-15T10:55:12","date_gmt":"2020-11-15T09:55:12","guid":{"rendered":"http:\/\/agora.xtec.cat\/escgaspardeportola\/?p=5373"},"modified":"2021-03-23T13:19:01","modified_gmt":"2021-03-23T12:19:01","slug":"les-activitats-de-p4","status":"publish","type":"post","link":"https:\/\/agora.xtec.cat\/escgaspardeportola\/general\/les-activitats-de-p4\/","title":{"rendered":"Les activitats de P4"},"content":{"rendered":"<p>Hola fam\u00edlies de P4<\/p>\n<p>Us volem presentar alguna de les <span style=\"color: #ff6600;\"><strong>activitats<\/strong> <\/span>que anem realitzant en el dia a dia a les aules de <span style=\"color: #0000ff;\"><strong>P4<\/strong><\/span>. Comen\u00e7arem amb <strong><span style=\"color: #00ff00;\">l&#8217;hort<\/span> <\/strong>que ja l&#8217;hem comen\u00e7at a preparar, la <span style=\"color: #ff00ff;\"><strong>rob\u00f2tica<\/strong> <\/span>on veure-ho que ens ho passem molt b\u00e9 i la <span style=\"color: #800080;\"><strong>psicomotricitat<\/strong> <\/span>que aquest curs la fem al pati. Tenir una bona activitat f\u00edsica \u00e9s molt important ens diuen al Programa SI!!<\/p>\n<ul style=\"list-style-type: circle;\">\n<li><strong><span style=\"color: #00ff00;\"><a style=\"color: #00ff00;\" href=\"https:\/\/photos.app.goo.gl\/CWQiJS4gm4ZVsCZaA\">Hort<\/a><\/span><\/strong><\/li>\n<li><span style=\"color: #ff00ff;\"><strong><a style=\"color: #ff00ff;\" href=\"https:\/\/photos.app.goo.gl\/LKxG75SUvXXp3AkT7\">Rob\u00f2tica<\/a><\/strong><\/span><\/li>\n<li><strong><span style=\"color: #800080;\"><a style=\"color: #800080;\" href=\"https:\/\/photos.app.goo.gl\/GXJwo4diK6HZ6Uhq7\">Psicomotricitat<\/a><\/span><\/strong><\/li>\n<\/ul>\n<p>Esperem que us agradin. Els propers dies us presentarem altres activitats que anem fent.<\/p>\n","protected":false},"excerpt":{"rendered":"<p>Hola fam\u00edlies de P4 Us volem presentar alguna de les activitats que anem realitzant en el dia a dia a les aules de P4. Comen\u00e7arem amb l&#8217;hort que ja l&#8217;hem comen\u00e7at a preparar, la rob\u00f2tica on veure-ho que ens ho passem molt b\u00e9 i la psicomotricitat que aquest curs la fem al pati. Tenir una [&hellip;]<\/p>\n","protected":false},"author":30,"featured_media":0,"comment_status":"closed","ping_status":"closed","sticky":false,"template":"","format":"standard","meta":{"_bbp_topic_count":0,"_bbp_reply_count":0,"_bbp_total_topic_count":0,"_bbp_total_reply_count":0,"_bbp_voice_count":0,"_bbp_anonymous_reply_count":0,"_bbp_topic_count_hidden":0,"_bbp_reply_count_hidden":0,"_bbp_forum_subforum_count":0,"site-sidebar-layout":"default","site-content-layout":"","ast-site-content-layout":"","site-content-style":"default","site-sidebar-style":"default","ast-global-header-display":"","ast-banner-title-visibility":"","ast-main-header-display":"","ast-hfb-above-header-display":"","ast-hfb-below-header-display":"","ast-hfb-mobile-header-display":"","site-post-title":"","ast-breadcrumbs-content":"","ast-featured-img":"","footer-sml-layout":"","theme-transparent-header-meta":"","adv-header-id-meta":"","stick-header-meta":"","header-above-stick-meta":"","header-main-stick-meta":"","header-below-stick-meta":"","astra-migrate-meta-layouts":"default","ast-page-background-enabled":"default","ast-page-background-meta":{"desktop":{"background-color":"var(--ast-global-color-4)","background-image":"","background-repeat":"repeat","background-position":"center center","background-size":"auto","background-attachment":"scroll","background-type":"","background-media":"","overlay-type":"","overlay-color":"","overlay-opacity":"","overlay-gradient":""},"tablet":{"background-color":"","background-image":"","background-repeat":"repeat","background-position":"center center","background-size":"auto","background-attachment":"scroll","background-type":"","background-media":"","overlay-type":"","overlay-color":"","overlay-opacity":"","overlay-gradient":""},"mobile":{"background-color":"","background-image":"","background-repeat":"repeat","background-position":"center center","background-size":"auto","background-attachment":"scroll","background-type":"","background-media":"","overlay-type":"","overlay-color":"","overlay-opacity":"","overlay-gradient":""}},"ast-content-background-meta":{"desktop":{"background-color":"var(--ast-global-color-5)","background-image":"","background-repeat":"repeat","background-position":"center center","background-size":"auto","background-attachment":"scroll","background-type":"","background-media":"","overlay-type":"","overlay-color":"","overlay-opacity":"","overlay-gradient":""},"tablet":{"background-color":"var(--ast-global-color-5)","background-image":"","background-repeat":"repeat","background-position":"center center","background-size":"auto","background-attachment":"scroll","background-type":"","background-media":"","overlay-type":"","overlay-color":"","overlay-opacity":"","overlay-gradient":""},"mobile":{"background-color":"var(--ast-global-color-5)","background-image":"","background-repeat":"repeat","background-position":"center center","background-size":"auto","background-attachment":"scroll","background-type":"","background-media":"","overlay-type":"","overlay-color":"","overlay-opacity":"","overlay-gradient":""}},"footnotes":""},"categories":[64,1],"tags":[298,73,323,336],"class_list":["post-5373","post","type-post","status-publish","format-standard","hentry","category-educacioinfantil","category-general","tag-activitats-i-projectes-escola","tag-hort","tag-p-4","tag-programa-si"],"post_mailing_queue_ids":[],"_links":{"self":[{"href":"https:\/\/agora.xtec.cat\/escgaspardeportola\/wp-json\/wp\/v2\/posts\/5373","targetHints":{"allow":["GET"]}}],"collection":[{"href":"https:\/\/agora.xtec.cat\/escgaspardeportola\/wp-json\/wp\/v2\/posts"}],"about":[{"href":"https:\/\/agora.xtec.cat\/escgaspardeportola\/wp-json\/wp\/v2\/types\/post"}],"author":[{"embeddable":true,"href":"https:\/\/agora.xtec.cat\/escgaspardeportola\/wp-json\/wp\/v2\/users\/30"}],"replies":[{"embeddable":true,"href":"https:\/\/agora.xtec.cat\/escgaspardeportola\/wp-json\/wp\/v2\/comments?post=5373"}],"version-history":[{"count":3,"href":"https:\/\/agora.xtec.cat\/escgaspardeportola\/wp-json\/wp\/v2\/posts\/5373\/revisions"}],"predecessor-version":[{"id":5761,"href":"https:\/\/agora.xtec.cat\/escgaspardeportola\/wp-json\/wp\/v2\/posts\/5373\/revisions\/5761"}],"wp:attachment":[{"href":"https:\/\/agora.xtec.cat\/escgaspardeportola\/wp-json\/wp\/v2\/media?parent=5373"}],"wp:term":[{"taxonomy":"category","embeddable":true,"href":"https:\/\/agora.xtec.cat\/escgaspardeportola\/wp-json\/wp\/v2\/categories?post=5373"},{"taxonomy":"post_tag","embeddable":true,"href":"https:\/\/agora.xtec.cat\/escgaspardeportola\/wp-json\/wp\/v2\/tags?post=5373"}],"curies":[{"name":"wp","href":"https:\/\/api.w.org\/{rel}","templated":true}]}}