{"id":5326,"date":"2020-10-31T19:05:46","date_gmt":"2020-10-31T18:05:46","guid":{"rendered":"http:\/\/agora.xtec.cat\/escgaspardeportola\/?p=5326"},"modified":"2020-10-31T19:06:23","modified_gmt":"2020-10-31T18:06:23","slug":"tarda-de-castanyada-2020","status":"publish","type":"post","link":"https:\/\/agora.xtec.cat\/escgaspardeportola\/portada\/tarda-de-castanyada-2020\/","title":{"rendered":"Tarda de Castanyada 2020"},"content":{"rendered":"<p>Divendres a la tarda hem celebrat la Castanyada!<\/p>\n<p>Tot i no poder reunir-nos tots plegats, hem gaudit per separat d&#8217;una tarda molt especial.<\/p>\n<p>L&#8217;AMPA un any m\u00e9s, ha torrat les castanyes i l&#8217;esplai ens ha portat dos castanyeres molt eixerides.\u00a0 Moltes gr\u00e0cies!<\/p>\n<p><a href=\"https:\/\/photos.google.com\/u\/1\/share\/AF1QipPQD7Nu0FhHl1ib6plH3Fy-wDLZ2iPbxQyyRVnBJIpPCA9hn_U_MPNxlhEGY9Yc3A?key=TkNDNDJOb2dYUHpYQmstNnVQam05eUtJVFFZTEZ3\"><img loading=\"lazy\" decoding=\"async\" class=\"alignnone \" src=\"https:\/\/lh3.googleusercontent.com\/pw\/ACtC-3cFEcUWuNwODvhGoBlta00Fd2ZiBK9rH-uUfjaIOvSwPf-aGYqjjVJr8wzkFJm1dzxIthNsctjmmyFVQhq6RHrWeWmD1DYxyTEPMGjkvCtmyC8rgi4egd82M73Sy7HYOmzR0qjdN6wRY180up7oiQIG=w573-h764-no?authuser=1\" width=\"305\" height=\"406\" \/><\/a><\/p>\n<p><em>Fes clic a la imatge per visualitzar m\u00e9s fotografies<\/em><\/p>\n<p>Els nens i nenes d&#8217;educaci\u00f3 infantil han visitat les castanyeres, vist com torraven les castanyes i no han parat de ballar.<\/p>\n<p><em><a href=\"https:\/\/photos.google.com\/u\/1\/share\/AF1QipO29UKYpcJugVcu3l-ypuc3OoDYTH_-eiJdd64qGyRMZb1xBuHx6B6UIWfodHpPrw?key=NF9zLUZsX3h6aXpNM2ZYdl9uaC1QUEcwdENGYzR3\"><img loading=\"lazy\" decoding=\"async\" class=\"alignnone \" src=\"https:\/\/lh3.googleusercontent.com\/pw\/ACtC-3exROREP_S9LgRff4mv11cA62mfwFfimdz2ZpZ6dh0s5Hv89X2zZlNhNsDuTbE0ns0TeScZzHf3FPMqc6uouOe-ScETnF39oZ1ILPm5hshYAqv7Qnbb55466v54K040s4pgnh3ZCS54E2JgFzAL0Ap_=w1359-h764-no?authuser=1\" width=\"476\" height=\"268\" \/><\/a><\/em><\/p>\n<p><em>Fes clic a la imatge per visualitzar m\u00e9s fotografies<\/em><\/p>\n<p>Els nens i nenes de primer i segon s&#8217;han disfressat i fet la manualitat de la tardor. Tamb\u00e9 han ballat i cantat for\u00e7a, gaudint de les castanyes calentetes.<\/p>\n<p><a href=\"https:\/\/photos.google.com\/u\/1\/share\/AF1QipPAZKCKqawNqPPbLfuwfZqae5RzdAOuR8WexgTqyIRWIs4lMRp2SmQtu_HAxkBcZA?key=Tmlrb3NQUFk2UXJ6ZzZQV05McjhiTkU2cHZTSlFR\"><img loading=\"lazy\" decoding=\"async\" class=\"alignnone \" src=\"https:\/\/lh3.googleusercontent.com\/pw\/ACtC-3ctc1v65WwD6LJb1ovjEKTaigUYBgLFfJ1tLkzMbUbgkb9M-fkQ_0DkHZpxRva5VT51f56yfbyUCC9fhLq8q0NeCG3cEWzLDxMTW5j_YjNjhC2ELfJBw8RMOXez4k19SqhGCQtvj-meEkRFBap_xhwZ=w1019-h764-no?authuser=1\" width=\"482\" height=\"362\" \/><\/a><\/p>\n<p><em>Fes clic a la imatge per visualitzar m\u00e9s fotografies<\/em><\/p>\n<p>&nbsp;<\/p>\n<p>Els nens i nenes de cicle mitj\u00e0 han passat la tarda cantant i explicant llegendes i contes tradicionals d&#8217;aquest dia una mica a les fosques&#8230;.<\/p>\n<p><a href=\"https:\/\/photos.google.com\/u\/1\/share\/AF1QipO5eZeBDfA6hOkNxz6V7T-grXCIhsdixGqB5xW7XXduxEbuKGcRZ2lAwmK0vT5dDQ?key=cjNiZTM3VXZPWlFrcUJmT2xXcEVZT2E3TE1RZDNn\"><img loading=\"lazy\" decoding=\"async\" class=\"alignnone \" src=\"https:\/\/lh3.googleusercontent.com\/pw\/ACtC-3dLxpnqpBetUrdMEoBrDErdoZ8Bt5vU_qYtainK1VR54p2yppcF7PfqB6gCw5wzcMUQfTiyBYV4kk3MTNjBzWe6FGNNxDo2tmRLo0aWnFBZdE9KqfQn6n3PCpaSZLS_gnyI_TOuYSE3Z8ecwxAM_w0M=w1019-h764-no?authuser=1\" width=\"491\" height=\"368\" \/><\/a><\/p>\n<p><em>Fes clic a la imatge per visualitzar m\u00e9s fotografies<\/em><\/p>\n<p>Els nens i nenes de cicle superior tamb\u00e9 han vingut disfressats i han fet manualitats. Abans de pujar per\u00f2, <span style=\"font-weight: 400;\">els alumnes de 5\u00e8 han cantat als alumnes de 6\u00e8 La rumba de la castanya i els de 6\u00e8 als de 5\u00e8 El rap de les castanyes, can\u00e7ons que han apr\u00e8s en la classe de m\u00fasica<\/span><\/p>\n<p><a href=\"https:\/\/photos.google.com\/u\/1\/share\/AF1QipOBtwKxO6OFqQmyNDDuVtKo1_wIyg0r8pxTyr2lM45tmZzBXs2UJYLVWh8VoVtWoQ?key=Q29lZXNMaFMzbGtTR0FfV3NCRGxWNnV3X2g3MFN3\"><img loading=\"lazy\" decoding=\"async\" class=\"alignnone \" src=\"https:\/\/lh3.googleusercontent.com\/pw\/ACtC-3ep9x2MDPd8xAev8GnPp6FU6Y7QecXTxmy0S0jOcWy4uavtdSVkc1-ZJfuJiHs58kSa0T2h3L5tMbrVeujkeqIO_Jjn_k-rFDsjYLViu4vZR-iMg14gdjiQrHeaRsayofPySh8jP45tUQllyatcdDVq=w1019-h765-no?authuser=1\" width=\"490\" height=\"368\" \/><\/a><\/p>\n<p>Tot i estar a la classe els nens i nenes de l&#8217;escola han gaudit d&#8217;una bona tarda de manualitats, can\u00e7ons, tardor, castanyera, tradici\u00f3 i&#8230;. molta diversi\u00f3.<\/p>\n","protected":false},"excerpt":{"rendered":"<p>Divendres a la tarda hem celebrat la Castanyada! Tot i no poder reunir-nos tots plegats, hem gaudit per separat d&#8217;una tarda molt especial. L&#8217;AMPA un any m\u00e9s, ha torrat les castanyes i l&#8217;esplai ens ha portat dos castanyeres molt eixerides.\u00a0 Moltes gr\u00e0cies! Fes clic a la imatge per visualitzar m\u00e9s fotografies Els nens i nenes [&hellip;]<\/p>\n","protected":false},"author":1,"featured_media":0,"comment_status":"closed","ping_status":"closed","sticky":false,"template":"","format":"standard","meta":{"_bbp_topic_count":0,"_bbp_reply_count":0,"_bbp_total_topic_count":0,"_bbp_total_reply_count":0,"_bbp_voice_count":0,"_bbp_anonymous_reply_count":0,"_bbp_topic_count_hidden":0,"_bbp_reply_count_hidden":0,"_bbp_forum_subforum_count":0,"site-sidebar-layout":"default","site-content-layout":"","ast-site-content-layout":"","site-content-style":"default","site-sidebar-style":"default","ast-global-header-display":"","ast-banner-title-visibility":"","ast-main-header-display":"","ast-hfb-above-header-display":"","ast-hfb-below-header-display":"","ast-hfb-mobile-header-display":"","site-post-title":"","ast-breadcrumbs-content":"","ast-featured-img":"","footer-sml-layout":"","theme-transparent-header-meta":"","adv-header-id-meta":"","stick-header-meta":"","header-above-stick-meta":"","header-main-stick-meta":"","header-below-stick-meta":"","astra-migrate-meta-layouts":"default","ast-page-background-enabled":"default","ast-page-background-meta":{"desktop":{"background-color":"var(--ast-global-color-4)","background-image":"","background-repeat":"repeat","background-position":"center center","background-size":"auto","background-attachment":"scroll","background-type":"","background-media":"","overlay-type":"","overlay-color":"","overlay-opacity":"","overlay-gradient":""},"tablet":{"background-color":"","background-image":"","background-repeat":"repeat","background-position":"center center","background-size":"auto","background-attachment":"scroll","background-type":"","background-media":"","overlay-type":"","overlay-color":"","overlay-opacity":"","overlay-gradient":""},"mobile":{"background-color":"","background-image":"","background-repeat":"repeat","background-position":"center center","background-size":"auto","background-attachment":"scroll","background-type":"","background-media":"","overlay-type":"","overlay-color":"","overlay-opacity":"","overlay-gradient":""}},"ast-content-background-meta":{"desktop":{"background-color":"var(--ast-global-color-5)","background-image":"","background-repeat":"repeat","background-position":"center center","background-size":"auto","background-attachment":"scroll","background-type":"","background-media":"","overlay-type":"","overlay-color":"","overlay-opacity":"","overlay-gradient":""},"tablet":{"background-color":"var(--ast-global-color-5)","background-image":"","background-repeat":"repeat","background-position":"center center","background-size":"auto","background-attachment":"scroll","background-type":"","background-media":"","overlay-type":"","overlay-color":"","overlay-opacity":"","overlay-gradient":""},"mobile":{"background-color":"var(--ast-global-color-5)","background-image":"","background-repeat":"repeat","background-position":"center center","background-size":"auto","background-attachment":"scroll","background-type":"","background-media":"","overlay-type":"","overlay-color":"","overlay-opacity":"","overlay-gradient":""}},"footnotes":""},"categories":[266,63,60,290,64,4],"tags":[],"class_list":["post-5326","post","type-post","status-publish","format-standard","hentry","category-afa","category-cicleinicial","category-ciclemitja","category-cicle-superior","category-educacioinfantil","category-portada"],"post_mailing_queue_ids":[],"_links":{"self":[{"href":"https:\/\/agora.xtec.cat\/escgaspardeportola\/wp-json\/wp\/v2\/posts\/5326","targetHints":{"allow":["GET"]}}],"collection":[{"href":"https:\/\/agora.xtec.cat\/escgaspardeportola\/wp-json\/wp\/v2\/posts"}],"about":[{"href":"https:\/\/agora.xtec.cat\/escgaspardeportola\/wp-json\/wp\/v2\/types\/post"}],"author":[{"embeddable":true,"href":"https:\/\/agora.xtec.cat\/escgaspardeportola\/wp-json\/wp\/v2\/users\/1"}],"replies":[{"embeddable":true,"href":"https:\/\/agora.xtec.cat\/escgaspardeportola\/wp-json\/wp\/v2\/comments?post=5326"}],"version-history":[{"count":2,"href":"https:\/\/agora.xtec.cat\/escgaspardeportola\/wp-json\/wp\/v2\/posts\/5326\/revisions"}],"predecessor-version":[{"id":5328,"href":"https:\/\/agora.xtec.cat\/escgaspardeportola\/wp-json\/wp\/v2\/posts\/5326\/revisions\/5328"}],"wp:attachment":[{"href":"https:\/\/agora.xtec.cat\/escgaspardeportola\/wp-json\/wp\/v2\/media?parent=5326"}],"wp:term":[{"taxonomy":"category","embeddable":true,"href":"https:\/\/agora.xtec.cat\/escgaspardeportola\/wp-json\/wp\/v2\/categories?post=5326"},{"taxonomy":"post_tag","embeddable":true,"href":"https:\/\/agora.xtec.cat\/escgaspardeportola\/wp-json\/wp\/v2\/tags?post=5326"}],"curies":[{"name":"wp","href":"https:\/\/api.w.org\/{rel}","templated":true}]}}