{"id":5111,"date":"2020-03-25T08:47:17","date_gmt":"2020-03-25T07:47:17","guid":{"rendered":"http:\/\/agora.xtec.cat\/escgaspardeportola\/?p=5111"},"modified":"2020-03-29T08:50:42","modified_gmt":"2020-03-29T06:50:42","slug":"us-trobem-a-faltar","status":"publish","type":"post","link":"https:\/\/agora.xtec.cat\/escgaspardeportola\/general\/us-trobem-a-faltar\/","title":{"rendered":"Us trobem a faltar!"},"content":{"rendered":"<p dir=\"ltr\">Estimats nens i nenes,<\/p>\n<p dir=\"ltr\">Esperem que us trobeu tots b\u00e9, avui us escrivim directament a vosaltres ja que us trobem molt a faltar i suposem que esteu una mica confosos amb tot el que est\u00e0 passant.<\/p>\n<p dir=\"ltr\">Ens sap greu haver deixat a mitges grans projectes, activitats, sortides&#8230; i haver d\u2019ajornar activitats que est\u00e0vem a punt d\u2019iniciar. Per\u00f2 tal com us han explicat les vostres fam\u00edlies estem vivint una situaci\u00f3 \u00fanica, i no patiu, ens en sortirem perqu\u00e8 sou molt valents i sabeu tot el que heu de fer.<\/p>\n<p dir=\"ltr\">Abans de marxar us vam donar unes tasques que ja heu acabat o esteu a punt. Avui <a href=\"https:\/\/sites.google.com\/escolagaspar.cat\/jo-em-quedo-a-casa\/p%C3%A0gina-principal\" target=\"_blank\" rel=\"noopener noreferrer\" data-saferedirecturl=\"https:\/\/www.google.com\/url?q=https:\/\/sites.google.com\/escolagaspar.cat\/jo-em-quedo-a-casa\/p%25C3%25A0gina-principal&amp;source=gmail&amp;ust=1585550888136000&amp;usg=AFQjCNGvvIzcN9LmsWpn1vH_xzdf_7RXcg\">us enllacem un espai<\/a> on trobareu les noves activitats i propostes. Moltes s\u00f3n opcionals i per ajudar-vos a passar les estones a casa. Tamb\u00e9 hi podreu accedir des de la web de l\u2019escola.<\/p>\n<p dir=\"ltr\">No podem entrar a cadascuna de les vostres cases per\u00f2 sabem que cada fam\u00edlia ho viviu de manera diferent. Per aquest motiu no us angoixeu amb les tasques\u00a0 i procureu fer el que pugueu sense atabalar-vos.<\/p>\n<p dir=\"ltr\">Estarem encantats de rebre not\u00edcies vostres a trav\u00e9s del <a href=\"mailto:totanirabe@escolagaspar.cat\" target=\"_blank\" rel=\"noopener noreferrer\">totanirabe@escolagaspar.cat<\/a><\/p>\n<p dir=\"ltr\">Fins aviat nens i nenes amb moltes ganes de tornar-vos\u00a0 a veure.<\/p>\n<p dir=\"ltr\">Tot anir\u00e0 b\u00e9<\/p>\n<p dir=\"ltr\">Professorat i personal de l\u2019escola Gaspar de Portol\u00e0<\/p>\n","protected":false},"excerpt":{"rendered":"<p>Estimats nens i nenes, Esperem que us trobeu tots b\u00e9, avui us escrivim directament a vosaltres ja que us trobem molt a faltar i suposem que esteu una mica confosos amb tot el que est\u00e0 passant. Ens sap greu haver deixat a mitges grans projectes, activitats, sortides&#8230; i haver d\u2019ajornar activitats que est\u00e0vem a punt [&hellip;]<\/p>\n","protected":false},"author":1,"featured_media":0,"comment_status":"closed","ping_status":"closed","sticky":false,"template":"","format":"standard","meta":{"_bbp_topic_count":0,"_bbp_reply_count":0,"_bbp_total_topic_count":0,"_bbp_total_reply_count":0,"_bbp_voice_count":0,"_bbp_anonymous_reply_count":0,"_bbp_topic_count_hidden":0,"_bbp_reply_count_hidden":0,"_bbp_forum_subforum_count":0,"site-sidebar-layout":"default","site-content-layout":"","ast-site-content-layout":"","site-content-style":"default","site-sidebar-style":"default","ast-global-header-display":"","ast-banner-title-visibility":"","ast-main-header-display":"","ast-hfb-above-header-display":"","ast-hfb-below-header-display":"","ast-hfb-mobile-header-display":"","site-post-title":"","ast-breadcrumbs-content":"","ast-featured-img":"","footer-sml-layout":"","theme-transparent-header-meta":"","adv-header-id-meta":"","stick-header-meta":"","header-above-stick-meta":"","header-main-stick-meta":"","header-below-stick-meta":"","astra-migrate-meta-layouts":"default","ast-page-background-enabled":"default","ast-page-background-meta":{"desktop":{"background-color":"var(--ast-global-color-4)","background-image":"","background-repeat":"repeat","background-position":"center center","background-size":"auto","background-attachment":"scroll","background-type":"","background-media":"","overlay-type":"","overlay-color":"","overlay-opacity":"","overlay-gradient":""},"tablet":{"background-color":"","background-image":"","background-repeat":"repeat","background-position":"center center","background-size":"auto","background-attachment":"scroll","background-type":"","background-media":"","overlay-type":"","overlay-color":"","overlay-opacity":"","overlay-gradient":""},"mobile":{"background-color":"","background-image":"","background-repeat":"repeat","background-position":"center center","background-size":"auto","background-attachment":"scroll","background-type":"","background-media":"","overlay-type":"","overlay-color":"","overlay-opacity":"","overlay-gradient":""}},"ast-content-background-meta":{"desktop":{"background-color":"var(--ast-global-color-5)","background-image":"","background-repeat":"repeat","background-position":"center center","background-size":"auto","background-attachment":"scroll","background-type":"","background-media":"","overlay-type":"","overlay-color":"","overlay-opacity":"","overlay-gradient":""},"tablet":{"background-color":"var(--ast-global-color-5)","background-image":"","background-repeat":"repeat","background-position":"center center","background-size":"auto","background-attachment":"scroll","background-type":"","background-media":"","overlay-type":"","overlay-color":"","overlay-opacity":"","overlay-gradient":""},"mobile":{"background-color":"var(--ast-global-color-5)","background-image":"","background-repeat":"repeat","background-position":"center center","background-size":"auto","background-attachment":"scroll","background-type":"","background-media":"","overlay-type":"","overlay-color":"","overlay-opacity":"","overlay-gradient":""}},"footnotes":""},"categories":[1,4],"tags":[],"class_list":["post-5111","post","type-post","status-publish","format-standard","hentry","category-general","category-portada"],"post_mailing_queue_ids":[],"_links":{"self":[{"href":"https:\/\/agora.xtec.cat\/escgaspardeportola\/wp-json\/wp\/v2\/posts\/5111","targetHints":{"allow":["GET"]}}],"collection":[{"href":"https:\/\/agora.xtec.cat\/escgaspardeportola\/wp-json\/wp\/v2\/posts"}],"about":[{"href":"https:\/\/agora.xtec.cat\/escgaspardeportola\/wp-json\/wp\/v2\/types\/post"}],"author":[{"embeddable":true,"href":"https:\/\/agora.xtec.cat\/escgaspardeportola\/wp-json\/wp\/v2\/users\/1"}],"replies":[{"embeddable":true,"href":"https:\/\/agora.xtec.cat\/escgaspardeportola\/wp-json\/wp\/v2\/comments?post=5111"}],"version-history":[{"count":1,"href":"https:\/\/agora.xtec.cat\/escgaspardeportola\/wp-json\/wp\/v2\/posts\/5111\/revisions"}],"predecessor-version":[{"id":5112,"href":"https:\/\/agora.xtec.cat\/escgaspardeportola\/wp-json\/wp\/v2\/posts\/5111\/revisions\/5112"}],"wp:attachment":[{"href":"https:\/\/agora.xtec.cat\/escgaspardeportola\/wp-json\/wp\/v2\/media?parent=5111"}],"wp:term":[{"taxonomy":"category","embeddable":true,"href":"https:\/\/agora.xtec.cat\/escgaspardeportola\/wp-json\/wp\/v2\/categories?post=5111"},{"taxonomy":"post_tag","embeddable":true,"href":"https:\/\/agora.xtec.cat\/escgaspardeportola\/wp-json\/wp\/v2\/tags?post=5111"}],"curies":[{"name":"wp","href":"https:\/\/api.w.org\/{rel}","templated":true}]}}