{"id":5035,"date":"2020-03-09T16:56:29","date_gmt":"2020-03-09T15:56:29","guid":{"rendered":"http:\/\/agora.xtec.cat\/escgaspardeportola\/?p=5035"},"modified":"2020-03-09T16:59:18","modified_gmt":"2020-03-09T15:59:18","slug":"projecte-balaguer","status":"publish","type":"post","link":"https:\/\/agora.xtec.cat\/escgaspardeportola\/ciclemitja\/projecte-balaguer\/","title":{"rendered":"Projecte &#8220;Balaguer&#8221;"},"content":{"rendered":"<p><span style=\"font-weight: 400\">Hola fam\u00edlies,<\/span><\/p>\n<p><span style=\"font-weight: 400\">Us oferim un seguit de fotografies que il\u00b7lustren les diferents etapes del projecte\u201d Balaguer\u201d que arriba a la seva fi.<\/span><\/p>\n<p><span style=\"font-weight: 400\">En una primera etapa, la pluja d\u2019idees dels nens i nenes de tercer va donar pas a l\u2019entrevista al Paer en Cap de Balaguer. Va respondre molt amablement\u00a0 preguntes relacionades amb la poblaci\u00f3, l\u2019Ajuntament, els oficis, els serveis, la hist\u00f2ria, les llegendes, el patrimoni art\u00edstic, temes d\u2019actualitat,&#8230;<img loading=\"lazy\" decoding=\"async\" class=\"wp-image-5039 alignright\" src=\"https:\/\/agora.xtec.cat\/escgaspardeportola\/wp-content\/uploads\/usu555\/2020\/03\/DSC01063_opt.jpg\" alt=\"\" width=\"294\" height=\"221\" srcset=\"https:\/\/agora.xtec.cat\/escgaspardeportola\/wp-content\/uploads\/usu555\/2020\/03\/DSC01063_opt.jpg 400w, https:\/\/agora.xtec.cat\/escgaspardeportola\/wp-content\/uploads\/usu555\/2020\/03\/DSC01063_opt-300x225.jpg 300w, https:\/\/agora.xtec.cat\/escgaspardeportola\/wp-content\/uploads\/usu555\/2020\/03\/DSC01063_opt-200x150.jpg 200w\" sizes=\"auto, (max-width: 294px) 100vw, 294px\" \/><\/span><\/p>\n<p><a href=\"https:\/\/photos.app.goo.gl\/p7JmRnWNFpczRmYJ6\" target=\"_blank\" rel=\"noopener noreferrer\">Visita Ajuntament, Arxiu, R\u00e0dio 3r &#8211; CM 19\/20<\/a><\/p>\n<p><span style=\"font-weight: 400\">A partir d\u2019aqu\u00ed vam iniciar tasques per a desenvolupar tots aquests aspectes. L\u2019alumnat va treballar de valent portant molts materials interessant\u00edssims: Fotografies, llibres, documents recapituladors fets per ells mateixos, powers,&#8230;.. Tamb\u00e9 vam representar pas a pas com es forma l\u2019Ajuntament\u00a0 i moltes altres activitats que ens van anar sorgint.<\/span><\/p>\n<p><a href=\"https:\/\/photos.app.goo.gl\/ux7UWDZDNdapbKs77\" target=\"_blank\" rel=\"noopener noreferrer\">Projecte Balaguer &#8211; CM 19\/20<\/a><\/p>\n<p><span style=\"font-weight: 400\">El punt final del projecte el va marcar l\u2019itinerari que vam fer per Balaguer. Aquest va ser molt llarg, vam descobrir molts llocs del casc antic que ens van donar pas a fer moltes m\u00e9s preguntes i a explicar molt\u00edssimes m\u00e9s coses. Donem gr\u00e0cies al Guillem, company del museu, que es va oferir a acompanyar-nos i del qual vam aprendre molt.<\/span><\/p>\n<p><img loading=\"lazy\" decoding=\"async\" class=\"wp-image-5041 alignleft\" src=\"https:\/\/agora.xtec.cat\/escgaspardeportola\/wp-content\/uploads\/usu555\/2020\/03\/DSC01322_opt.jpg\" alt=\"\" width=\"267\" height=\"199\" srcset=\"https:\/\/agora.xtec.cat\/escgaspardeportola\/wp-content\/uploads\/usu555\/2020\/03\/DSC01322_opt.jpg 400w, https:\/\/agora.xtec.cat\/escgaspardeportola\/wp-content\/uploads\/usu555\/2020\/03\/DSC01322_opt-300x225.jpg 300w, https:\/\/agora.xtec.cat\/escgaspardeportola\/wp-content\/uploads\/usu555\/2020\/03\/DSC01322_opt-200x150.jpg 200w\" sizes=\"auto, (max-width: 267px) 100vw, 267px\" \/><\/p>\n<p><a href=\"https:\/\/photos.app.goo.gl\/4aKr8urFZPiy2yqs8\" target=\"_blank\" rel=\"noopener noreferrer\">Visita guiada Balaguer CM 19\/20<\/a><\/p>\n<p><span style=\"font-weight: 400\">El projecte s\u2019acaba amb una entrada al llibre digital: Cadasc\u00fa ha de penjar una fotografia d\u2019un lloc de Balaguer\u00a0 que li agradi, explicar que en sap i compartir amb nosaltres per qu\u00e8 l\u2019ha elegit.<\/span><\/p>\n<p>Des d&#8217;altres \u00e0rees tamb\u00e9 treballen en el projecte. En l&#8217;\u00e0rea de visual i pl\u00e0stica <span style=\"font-weight: 400\">els alumnes han treballat diferents monuments: Els pont de St Miquel, el Sant Crist, Santa Maria, la pla\u00e7a Mercadal, l\u2019est\u00e0tua de Gaspar de Portol\u00e0, l\u2019est\u00e0tua de Jaume I, el barri del Pont&#8230;. Els hem dibuixat amb carbonet i els hem fixat. <\/span><span style=\"font-weight: 400\">Tamb\u00e9 <\/span><span style=\"font-family: inherit;font-size: 1em\">hem fet unes casetes que totes juntes simulen el colorista i<img loading=\"lazy\" decoding=\"async\" class=\"size-full wp-image-5036 alignright\" src=\"https:\/\/agora.xtec.cat\/escgaspardeportola\/wp-content\/uploads\/usu555\/2020\/03\/IMG_20200305_164737_opt.jpg\" alt=\"\" width=\"400\" height=\"225\" srcset=\"https:\/\/agora.xtec.cat\/escgaspardeportola\/wp-content\/uploads\/usu555\/2020\/03\/IMG_20200305_164737_opt.jpg 400w, https:\/\/agora.xtec.cat\/escgaspardeportola\/wp-content\/uploads\/usu555\/2020\/03\/IMG_20200305_164737_opt-300x169.jpg 300w\" sizes=\"auto, (max-width: 400px) 100vw, 400px\" \/><\/span><span style=\"font-family: inherit;font-size: 1em\"> emblem\u00e0tic barri del Pont.<\/span><\/p>\n<p>En l&#8217;\u00e0rea d&#8217;angl\u00e8s i TAC, els alumnes han escrit petits textos practicant l&#8217;\u00fas del <em>There is<\/em> i <em>T<\/em><em>hrere\u00a0<\/em><em>are<\/em> i l&#8217;edici\u00f3 de textos. Properament en penjarem els resultats.<\/p>\n<p><span style=\"font-weight: 400\">Felicitem a tots els nens i nenes de tercer. Les senyoretes estem molt contentes de la seva actitud i de les tasques realitzades.<\/span><\/p>\n<p><span style=\"font-weight: 400\">Hem apr\u00e8s molt treballant amb vosaltres!!<\/span><\/p>\n","protected":false},"excerpt":{"rendered":"<p>Hola fam\u00edlies, Us oferim un seguit de fotografies que il\u00b7lustren les diferents etapes del projecte\u201d Balaguer\u201d que arriba a la seva fi. En una primera etapa, la pluja d\u2019idees dels nens i nenes de tercer va donar pas a l\u2019entrevista al Paer en Cap de Balaguer. Va respondre molt amablement\u00a0 preguntes relacionades amb la poblaci\u00f3, [&hellip;]<\/p>\n","protected":false},"author":1,"featured_media":5040,"comment_status":"closed","ping_status":"closed","sticky":false,"template":"","format":"standard","meta":{"_bbp_topic_count":0,"_bbp_reply_count":0,"_bbp_total_topic_count":0,"_bbp_total_reply_count":0,"_bbp_voice_count":0,"_bbp_anonymous_reply_count":0,"_bbp_topic_count_hidden":0,"_bbp_reply_count_hidden":0,"_bbp_forum_subforum_count":0,"site-sidebar-layout":"default","site-content-layout":"","ast-site-content-layout":"","site-content-style":"default","site-sidebar-style":"default","ast-global-header-display":"","ast-banner-title-visibility":"","ast-main-header-display":"","ast-hfb-above-header-display":"","ast-hfb-below-header-display":"","ast-hfb-mobile-header-display":"","site-post-title":"","ast-breadcrumbs-content":"","ast-featured-img":"","footer-sml-layout":"","theme-transparent-header-meta":"","adv-header-id-meta":"","stick-header-meta":"","header-above-stick-meta":"","header-main-stick-meta":"","header-below-stick-meta":"","astra-migrate-meta-layouts":"default","ast-page-background-enabled":"default","ast-page-background-meta":{"desktop":{"background-color":"var(--ast-global-color-4)","background-image":"","background-repeat":"repeat","background-position":"center center","background-size":"auto","background-attachment":"scroll","background-type":"","background-media":"","overlay-type":"","overlay-color":"","overlay-opacity":"","overlay-gradient":""},"tablet":{"background-color":"","background-image":"","background-repeat":"repeat","background-position":"center center","background-size":"auto","background-attachment":"scroll","background-type":"","background-media":"","overlay-type":"","overlay-color":"","overlay-opacity":"","overlay-gradient":""},"mobile":{"background-color":"","background-image":"","background-repeat":"repeat","background-position":"center center","background-size":"auto","background-attachment":"scroll","background-type":"","background-media":"","overlay-type":"","overlay-color":"","overlay-opacity":"","overlay-gradient":""}},"ast-content-background-meta":{"desktop":{"background-color":"var(--ast-global-color-5)","background-image":"","background-repeat":"repeat","background-position":"center center","background-size":"auto","background-attachment":"scroll","background-type":"","background-media":"","overlay-type":"","overlay-color":"","overlay-opacity":"","overlay-gradient":""},"tablet":{"background-color":"var(--ast-global-color-5)","background-image":"","background-repeat":"repeat","background-position":"center center","background-size":"auto","background-attachment":"scroll","background-type":"","background-media":"","overlay-type":"","overlay-color":"","overlay-opacity":"","overlay-gradient":""},"mobile":{"background-color":"var(--ast-global-color-5)","background-image":"","background-repeat":"repeat","background-position":"center center","background-size":"auto","background-attachment":"scroll","background-type":"","background-media":"","overlay-type":"","overlay-color":"","overlay-opacity":"","overlay-gradient":""}},"footnotes":""},"categories":[60,132],"tags":[],"class_list":["post-5035","post","type-post","status-publish","format-standard","has-post-thumbnail","hentry","category-ciclemitja","category-gep"],"post_mailing_queue_ids":[],"_links":{"self":[{"href":"https:\/\/agora.xtec.cat\/escgaspardeportola\/wp-json\/wp\/v2\/posts\/5035","targetHints":{"allow":["GET"]}}],"collection":[{"href":"https:\/\/agora.xtec.cat\/escgaspardeportola\/wp-json\/wp\/v2\/posts"}],"about":[{"href":"https:\/\/agora.xtec.cat\/escgaspardeportola\/wp-json\/wp\/v2\/types\/post"}],"author":[{"embeddable":true,"href":"https:\/\/agora.xtec.cat\/escgaspardeportola\/wp-json\/wp\/v2\/users\/1"}],"replies":[{"embeddable":true,"href":"https:\/\/agora.xtec.cat\/escgaspardeportola\/wp-json\/wp\/v2\/comments?post=5035"}],"version-history":[{"count":3,"href":"https:\/\/agora.xtec.cat\/escgaspardeportola\/wp-json\/wp\/v2\/posts\/5035\/revisions"}],"predecessor-version":[{"id":5045,"href":"https:\/\/agora.xtec.cat\/escgaspardeportola\/wp-json\/wp\/v2\/posts\/5035\/revisions\/5045"}],"wp:featuredmedia":[{"embeddable":true,"href":"https:\/\/agora.xtec.cat\/escgaspardeportola\/wp-json\/wp\/v2\/media\/5040"}],"wp:attachment":[{"href":"https:\/\/agora.xtec.cat\/escgaspardeportola\/wp-json\/wp\/v2\/media?parent=5035"}],"wp:term":[{"taxonomy":"category","embeddable":true,"href":"https:\/\/agora.xtec.cat\/escgaspardeportola\/wp-json\/wp\/v2\/categories?post=5035"},{"taxonomy":"post_tag","embeddable":true,"href":"https:\/\/agora.xtec.cat\/escgaspardeportola\/wp-json\/wp\/v2\/tags?post=5035"}],"curies":[{"name":"wp","href":"https:\/\/api.w.org\/{rel}","templated":true}]}}