{"id":5030,"date":"2020-03-08T11:19:38","date_gmt":"2020-03-08T10:19:38","guid":{"rendered":"http:\/\/agora.xtec.cat\/escgaspardeportola\/?p=5030"},"modified":"2020-03-08T11:20:11","modified_gmt":"2020-03-08T10:20:11","slug":"plantada-darbres-al-monestir-de-les-franqueses","status":"publish","type":"post","link":"https:\/\/agora.xtec.cat\/escgaspardeportola\/ciclemitja\/plantada-darbres-al-monestir-de-les-franqueses\/","title":{"rendered":"Plantada d&#8217;arbres al monestir de les Franqueses"},"content":{"rendered":"<p>Els alumnes de 4t vam fer la plantada d&#8217;arbres a la zona boscosa que envolta el monestir de les Franqueses.<\/p>\n<p>Va ser un mat\u00ed genial on tamb\u00e9 vam fer una gimcana per aprendre sobre la hist\u00f2ria del monestir i acabar descobrint un tresor!<\/p>\n<p><img loading=\"lazy\" decoding=\"async\" class=\"wp-image-5033 alignleft\" src=\"https:\/\/agora.xtec.cat\/escgaspardeportola\/wp-content\/uploads\/usu555\/2020\/03\/IMG-20200306-WA0059-1024x768.jpg\" alt=\"\" width=\"311\" height=\"234\" srcset=\"https:\/\/agora.xtec.cat\/escgaspardeportola\/wp-content\/uploads\/usu555\/2020\/03\/IMG-20200306-WA0059-1024x768.jpg 1024w, https:\/\/agora.xtec.cat\/escgaspardeportola\/wp-content\/uploads\/usu555\/2020\/03\/IMG-20200306-WA0059-300x225.jpg 300w, https:\/\/agora.xtec.cat\/escgaspardeportola\/wp-content\/uploads\/usu555\/2020\/03\/IMG-20200306-WA0059-768x576.jpg 768w, https:\/\/agora.xtec.cat\/escgaspardeportola\/wp-content\/uploads\/usu555\/2020\/03\/IMG-20200306-WA0059-200x150.jpg 200w, https:\/\/agora.xtec.cat\/escgaspardeportola\/wp-content\/uploads\/usu555\/2020\/03\/IMG-20200306-WA0059.jpg 1600w\" sizes=\"auto, (max-width: 311px) 100vw, 311px\" \/><img loading=\"lazy\" decoding=\"async\" class=\"wp-image-5032 alignleft\" src=\"https:\/\/agora.xtec.cat\/escgaspardeportola\/wp-content\/uploads\/usu555\/2020\/03\/IMG_8085-1024x768.jpeg\" alt=\"\" width=\"311\" height=\"233\" srcset=\"https:\/\/agora.xtec.cat\/escgaspardeportola\/wp-content\/uploads\/usu555\/2020\/03\/IMG_8085-1024x768.jpeg 1024w, https:\/\/agora.xtec.cat\/escgaspardeportola\/wp-content\/uploads\/usu555\/2020\/03\/IMG_8085-300x225.jpeg 300w, https:\/\/agora.xtec.cat\/escgaspardeportola\/wp-content\/uploads\/usu555\/2020\/03\/IMG_8085-768x576.jpeg 768w, https:\/\/agora.xtec.cat\/escgaspardeportola\/wp-content\/uploads\/usu555\/2020\/03\/IMG_8085-200x150.jpeg 200w, https:\/\/agora.xtec.cat\/escgaspardeportola\/wp-content\/uploads\/usu555\/2020\/03\/IMG_8085.jpeg 2048w\" sizes=\"auto, (max-width: 311px) 100vw, 311px\" \/><\/p>\n<p>Us deixem un recull d&#8217;imatges de la jornada.<\/p>\n<p><a href=\"https:\/\/photos.app.goo.gl\/oDwZghJiEii7cDuV9\">Plantada d&#8217;arbres 4t A- CM 19\/20<\/a><\/p>\n<p><a href=\"https:\/\/photos.app.goo.gl\/udBeKRWTt298zxP36\">Plantada d&#8217;arbres 4t B- CM 19\/20<\/a><\/p>\n","protected":false},"excerpt":{"rendered":"<p>Els alumnes de 4t vam fer la plantada d&#8217;arbres a la zona boscosa que envolta el monestir de les Franqueses. Va ser un mat\u00ed genial on tamb\u00e9 vam fer una gimcana per aprendre sobre la hist\u00f2ria del monestir i acabar descobrint un tresor! Us deixem un recull d&#8217;imatges de la jornada. Plantada d&#8217;arbres 4t A- [&hellip;]<\/p>\n","protected":false},"author":1,"featured_media":5031,"comment_status":"closed","ping_status":"closed","sticky":false,"template":"","format":"standard","meta":{"_bbp_topic_count":0,"_bbp_reply_count":0,"_bbp_total_topic_count":0,"_bbp_total_reply_count":0,"_bbp_voice_count":0,"_bbp_anonymous_reply_count":0,"_bbp_topic_count_hidden":0,"_bbp_reply_count_hidden":0,"_bbp_forum_subforum_count":0,"site-sidebar-layout":"default","site-content-layout":"","ast-site-content-layout":"","site-content-style":"default","site-sidebar-style":"default","ast-global-header-display":"","ast-banner-title-visibility":"","ast-main-header-display":"","ast-hfb-above-header-display":"","ast-hfb-below-header-display":"","ast-hfb-mobile-header-display":"","site-post-title":"","ast-breadcrumbs-content":"","ast-featured-img":"","footer-sml-layout":"","theme-transparent-header-meta":"","adv-header-id-meta":"","stick-header-meta":"","header-above-stick-meta":"","header-main-stick-meta":"","header-below-stick-meta":"","astra-migrate-meta-layouts":"default","ast-page-background-enabled":"default","ast-page-background-meta":{"desktop":{"background-color":"var(--ast-global-color-4)","background-image":"","background-repeat":"repeat","background-position":"center center","background-size":"auto","background-attachment":"scroll","background-type":"","background-media":"","overlay-type":"","overlay-color":"","overlay-opacity":"","overlay-gradient":""},"tablet":{"background-color":"","background-image":"","background-repeat":"repeat","background-position":"center center","background-size":"auto","background-attachment":"scroll","background-type":"","background-media":"","overlay-type":"","overlay-color":"","overlay-opacity":"","overlay-gradient":""},"mobile":{"background-color":"","background-image":"","background-repeat":"repeat","background-position":"center center","background-size":"auto","background-attachment":"scroll","background-type":"","background-media":"","overlay-type":"","overlay-color":"","overlay-opacity":"","overlay-gradient":""}},"ast-content-background-meta":{"desktop":{"background-color":"var(--ast-global-color-5)","background-image":"","background-repeat":"repeat","background-position":"center center","background-size":"auto","background-attachment":"scroll","background-type":"","background-media":"","overlay-type":"","overlay-color":"","overlay-opacity":"","overlay-gradient":""},"tablet":{"background-color":"var(--ast-global-color-5)","background-image":"","background-repeat":"repeat","background-position":"center center","background-size":"auto","background-attachment":"scroll","background-type":"","background-media":"","overlay-type":"","overlay-color":"","overlay-opacity":"","overlay-gradient":""},"mobile":{"background-color":"var(--ast-global-color-5)","background-image":"","background-repeat":"repeat","background-position":"center center","background-size":"auto","background-attachment":"scroll","background-type":"","background-media":"","overlay-type":"","overlay-color":"","overlay-opacity":"","overlay-gradient":""}},"footnotes":""},"categories":[60,110],"tags":[],"class_list":["post-5030","post","type-post","status-publish","format-standard","has-post-thumbnail","hentry","category-ciclemitja","category-escola-verda"],"post_mailing_queue_ids":[],"_links":{"self":[{"href":"https:\/\/agora.xtec.cat\/escgaspardeportola\/wp-json\/wp\/v2\/posts\/5030","targetHints":{"allow":["GET"]}}],"collection":[{"href":"https:\/\/agora.xtec.cat\/escgaspardeportola\/wp-json\/wp\/v2\/posts"}],"about":[{"href":"https:\/\/agora.xtec.cat\/escgaspardeportola\/wp-json\/wp\/v2\/types\/post"}],"author":[{"embeddable":true,"href":"https:\/\/agora.xtec.cat\/escgaspardeportola\/wp-json\/wp\/v2\/users\/1"}],"replies":[{"embeddable":true,"href":"https:\/\/agora.xtec.cat\/escgaspardeportola\/wp-json\/wp\/v2\/comments?post=5030"}],"version-history":[{"count":1,"href":"https:\/\/agora.xtec.cat\/escgaspardeportola\/wp-json\/wp\/v2\/posts\/5030\/revisions"}],"predecessor-version":[{"id":5034,"href":"https:\/\/agora.xtec.cat\/escgaspardeportola\/wp-json\/wp\/v2\/posts\/5030\/revisions\/5034"}],"wp:featuredmedia":[{"embeddable":true,"href":"https:\/\/agora.xtec.cat\/escgaspardeportola\/wp-json\/wp\/v2\/media\/5031"}],"wp:attachment":[{"href":"https:\/\/agora.xtec.cat\/escgaspardeportola\/wp-json\/wp\/v2\/media?parent=5030"}],"wp:term":[{"taxonomy":"category","embeddable":true,"href":"https:\/\/agora.xtec.cat\/escgaspardeportola\/wp-json\/wp\/v2\/categories?post=5030"},{"taxonomy":"post_tag","embeddable":true,"href":"https:\/\/agora.xtec.cat\/escgaspardeportola\/wp-json\/wp\/v2\/tags?post=5030"}],"curies":[{"name":"wp","href":"https:\/\/api.w.org\/{rel}","templated":true}]}}