{"id":5021,"date":"2020-03-05T13:59:30","date_gmt":"2020-03-05T12:59:30","guid":{"rendered":"http:\/\/agora.xtec.cat\/escgaspardeportola\/?p=5021"},"modified":"2020-03-05T13:59:30","modified_gmt":"2020-03-05T12:59:30","slug":"educacio-artistica-el-meu-nom","status":"publish","type":"post","link":"https:\/\/agora.xtec.cat\/escgaspardeportola\/ciclemitja\/educacio-artistica-el-meu-nom\/","title":{"rendered":"Educaci\u00f3 art\u00edstica: El meu nom"},"content":{"rendered":"<p>Els alumnes de 4t han dissenyat l\u2019escultura del seu nom, el meu jo i el que represento. Han pintat, dibuixat, retallat i empegat les lletres que el formen en forma d\u2019espiral.<\/p>\n<p><em><img loading=\"lazy\" decoding=\"async\" class=\"alignnone  wp-image-5022\" src=\"https:\/\/agora.xtec.cat\/escgaspardeportola\/wp-content\/uploads\/usu555\/2020\/03\/IMG_20200217_111040_opt.jpg\" alt=\"\" width=\"478\" height=\"269\" srcset=\"https:\/\/agora.xtec.cat\/escgaspardeportola\/wp-content\/uploads\/usu555\/2020\/03\/IMG_20200217_111040_opt.jpg 400w, https:\/\/agora.xtec.cat\/escgaspardeportola\/wp-content\/uploads\/usu555\/2020\/03\/IMG_20200217_111040_opt-300x169.jpg 300w\" sizes=\"auto, (max-width: 478px) 100vw, 478px\" \/><\/em> <img loading=\"lazy\" decoding=\"async\" class=\" wp-image-5023 alignleft\" src=\"https:\/\/agora.xtec.cat\/escgaspardeportola\/wp-content\/uploads\/usu555\/2020\/03\/IMG_20200217_111048_opt.jpg\" alt=\"\" width=\"455\" height=\"256\" srcset=\"https:\/\/agora.xtec.cat\/escgaspardeportola\/wp-content\/uploads\/usu555\/2020\/03\/IMG_20200217_111048_opt.jpg 400w, https:\/\/agora.xtec.cat\/escgaspardeportola\/wp-content\/uploads\/usu555\/2020\/03\/IMG_20200217_111048_opt-300x169.jpg 300w\" sizes=\"auto, (max-width: 455px) 100vw, 455px\" \/><\/p>\n<p>Ens agradaria compartir amb tots vosaltres un text de la Virg\u00ednia Satir.<\/p>\n<p style=\"text-align: center;padding-left: 40px\"><strong>JO SOM JO<\/strong><\/p>\n<h6 style=\"text-align: center;padding-left: 40px\">Al m\u00f3n no hi ha ning\u00fa igual, exactament igual, a mi. Hi ha persones que tenen aspectes meus, per\u00f2 de cap manera el mateix conjunt meu.<\/h6>\n<h6 style=\"text-align: center;padding-left: 40px\">Per tant, tot el que surt de mi \u00e9s aut\u00e8nticament meu, perqu\u00e8 jo sol\/la ho he triat.<\/h6>\n<h6 style=\"text-align: center;padding-left: 40px\">Tot el que \u00e9s meu em pertany, el meu cos i tot el que fa; la meva ment amb tots els seus pensaments i idees: els meus ulls, incloent-hi totes les imatges<\/h6>\n<h6 style=\"text-align: center;padding-left: 40px\">que perceben: els meus sentiments, qualssevol que siguin: ira, alegria, frustraci\u00f3, amor, decepci\u00f3, emoci\u00f3: la meva boca i totes les paraules que en surten,<\/h6>\n<h6 style=\"text-align: center;padding-left: 40px\">refinades, dolces, tallants, correctes o incorrectes; la meva veu, forta o suau, i totes les meves accions, siguin per a d\u2019altres o per a mi.<\/h6>\n<h6 style=\"text-align: center;padding-left: 40px\">Som amo\/madona de les meves fantasies, els meus somnis, les meves esperances, els meus temors.<\/h6>\n<h6 style=\"text-align: center;padding-left: 40px\">S\u00f3n els meus triomfs i els meus \u00e8xits, tots els meus fracassos i els errors.<\/h6>\n<h6 style=\"text-align: center;padding-left: 40px\">S\u00e9 que tenc aspectes que em desconcerten i altres que desconec.<\/h6>\n<h6 style=\"text-align: center;padding-left: 40px\">Per\u00f2 mentre jo m\u2019estimi i em valori, puc cercar amb valor i optimisme solucions per a les <span style=\"font-family: inherit;font-size: 1em\">inc\u00f2gnites i anar descobrint-me cada cop m\u00e9s.<\/span><\/h6>\n<h6 style=\"text-align: center;padding-left: 40px\">De qualsevol manera que sembli i soni, digui i faci el que sigui, pensi i senti en un moment donat, tot \u00e9s part del meu \u00e9sser.<\/h6>\n<h6 style=\"text-align: center;padding-left: 40px\">Aix\u00f2 \u00e9s real i representa el lloc que ocup en aquest moment del temps.<\/h6>\n<h6 style=\"text-align: center;padding-left: 40px\">Puc sentir, sentir, pensar, dir i fer. Tenc els mitjans per a sobreviure, per a acostar-me als altres, per a ser productiu\/iva i per a aconseguir<\/h6>\n<h6 style=\"text-align: center;padding-left: 40px\">donar sentit <span style=\"font-family: inherit;font-size: 1em\">i ordre al m\u00f3n de persones i coses que m\u2019envolten.<\/span><\/h6>\n<h6 style=\"text-align: center;padding-left: 40px\">Em pertany, i aix\u00ed puc estructurar-me.<\/h6>\n<h6><\/h6>\n<p>&nbsp;<\/p>\n<h5>\u00a0 \u00a0 \u00a0 \u00a0 \u00a0VIRGINIA SATIR.<\/h5>\n<h5>\u00a0 \u00a0 \u00a0 \u00a0 \u00a0Declaraci\u00f3 d\u2019autoestima.<\/h5>\n","protected":false},"excerpt":{"rendered":"<p>Els alumnes de 4t han dissenyat l\u2019escultura del seu nom, el meu jo i el que represento. Han pintat, dibuixat, retallat i empegat les lletres que el formen en forma d\u2019espiral. Ens agradaria compartir amb tots vosaltres un text de la Virg\u00ednia Satir. JO SOM JO Al m\u00f3n no hi ha ning\u00fa igual, exactament igual, [&hellip;]<\/p>\n","protected":false},"author":1,"featured_media":5023,"comment_status":"closed","ping_status":"closed","sticky":false,"template":"","format":"standard","meta":{"_bbp_topic_count":0,"_bbp_reply_count":0,"_bbp_total_topic_count":0,"_bbp_total_reply_count":0,"_bbp_voice_count":0,"_bbp_anonymous_reply_count":0,"_bbp_topic_count_hidden":0,"_bbp_reply_count_hidden":0,"_bbp_forum_subforum_count":0,"site-sidebar-layout":"default","site-content-layout":"","ast-site-content-layout":"","site-content-style":"default","site-sidebar-style":"default","ast-global-header-display":"","ast-banner-title-visibility":"","ast-main-header-display":"","ast-hfb-above-header-display":"","ast-hfb-below-header-display":"","ast-hfb-mobile-header-display":"","site-post-title":"","ast-breadcrumbs-content":"","ast-featured-img":"","footer-sml-layout":"","theme-transparent-header-meta":"","adv-header-id-meta":"","stick-header-meta":"","header-above-stick-meta":"","header-main-stick-meta":"","header-below-stick-meta":"","astra-migrate-meta-layouts":"default","ast-page-background-enabled":"default","ast-page-background-meta":{"desktop":{"background-color":"var(--ast-global-color-4)","background-image":"","background-repeat":"repeat","background-position":"center center","background-size":"auto","background-attachment":"scroll","background-type":"","background-media":"","overlay-type":"","overlay-color":"","overlay-opacity":"","overlay-gradient":""},"tablet":{"background-color":"","background-image":"","background-repeat":"repeat","background-position":"center center","background-size":"auto","background-attachment":"scroll","background-type":"","background-media":"","overlay-type":"","overlay-color":"","overlay-opacity":"","overlay-gradient":""},"mobile":{"background-color":"","background-image":"","background-repeat":"repeat","background-position":"center center","background-size":"auto","background-attachment":"scroll","background-type":"","background-media":"","overlay-type":"","overlay-color":"","overlay-opacity":"","overlay-gradient":""}},"ast-content-background-meta":{"desktop":{"background-color":"var(--ast-global-color-5)","background-image":"","background-repeat":"repeat","background-position":"center center","background-size":"auto","background-attachment":"scroll","background-type":"","background-media":"","overlay-type":"","overlay-color":"","overlay-opacity":"","overlay-gradient":""},"tablet":{"background-color":"var(--ast-global-color-5)","background-image":"","background-repeat":"repeat","background-position":"center center","background-size":"auto","background-attachment":"scroll","background-type":"","background-media":"","overlay-type":"","overlay-color":"","overlay-opacity":"","overlay-gradient":""},"mobile":{"background-color":"var(--ast-global-color-5)","background-image":"","background-repeat":"repeat","background-position":"center center","background-size":"auto","background-attachment":"scroll","background-type":"","background-media":"","overlay-type":"","overlay-color":"","overlay-opacity":"","overlay-gradient":""}},"footnotes":""},"categories":[60,321],"tags":[],"class_list":["post-5021","post","type-post","status-publish","format-standard","has-post-thumbnail","hentry","category-ciclemitja","category-gaspartschool"],"post_mailing_queue_ids":[],"_links":{"self":[{"href":"https:\/\/agora.xtec.cat\/escgaspardeportola\/wp-json\/wp\/v2\/posts\/5021","targetHints":{"allow":["GET"]}}],"collection":[{"href":"https:\/\/agora.xtec.cat\/escgaspardeportola\/wp-json\/wp\/v2\/posts"}],"about":[{"href":"https:\/\/agora.xtec.cat\/escgaspardeportola\/wp-json\/wp\/v2\/types\/post"}],"author":[{"embeddable":true,"href":"https:\/\/agora.xtec.cat\/escgaspardeportola\/wp-json\/wp\/v2\/users\/1"}],"replies":[{"embeddable":true,"href":"https:\/\/agora.xtec.cat\/escgaspardeportola\/wp-json\/wp\/v2\/comments?post=5021"}],"version-history":[{"count":3,"href":"https:\/\/agora.xtec.cat\/escgaspardeportola\/wp-json\/wp\/v2\/posts\/5021\/revisions"}],"predecessor-version":[{"id":5027,"href":"https:\/\/agora.xtec.cat\/escgaspardeportola\/wp-json\/wp\/v2\/posts\/5021\/revisions\/5027"}],"wp:featuredmedia":[{"embeddable":true,"href":"https:\/\/agora.xtec.cat\/escgaspardeportola\/wp-json\/wp\/v2\/media\/5023"}],"wp:attachment":[{"href":"https:\/\/agora.xtec.cat\/escgaspardeportola\/wp-json\/wp\/v2\/media?parent=5021"}],"wp:term":[{"taxonomy":"category","embeddable":true,"href":"https:\/\/agora.xtec.cat\/escgaspardeportola\/wp-json\/wp\/v2\/categories?post=5021"},{"taxonomy":"post_tag","embeddable":true,"href":"https:\/\/agora.xtec.cat\/escgaspardeportola\/wp-json\/wp\/v2\/tags?post=5021"}],"curies":[{"name":"wp","href":"https:\/\/api.w.org\/{rel}","templated":true}]}}