{"id":4922,"date":"2020-02-11T19:56:50","date_gmt":"2020-02-11T18:56:50","guid":{"rendered":"http:\/\/agora.xtec.cat\/escgaspardeportola\/?p=4922"},"modified":"2020-02-11T19:58:36","modified_gmt":"2020-02-11T18:58:36","slug":"reciclem-be","status":"publish","type":"post","link":"https:\/\/agora.xtec.cat\/escgaspardeportola\/cicle-superior\/reciclem-be\/","title":{"rendered":"RECICLEM B\u00c9?"},"content":{"rendered":"<header><\/header>\n<div id=\"content-core\" class=\"clearfix\">\n<div id=\"parent-fieldname-text\" class=\"\">\n<p>Els dies 10 i 11 de febrer de 2020 els i les alumnes de cicle superior de l&#8217;Escola Gaspar de Portol\u00e0 hem visitat l&#8217;abocador comarcal prop de Balaguer.<\/p>\n<p>All\u00e0 hem pogut con\u00e8ixer de primera m\u00e0, com es gestionen els residus i la import\u00e0ncia de reciclar. Aquesta visita ajuden que els nens i les nenes prenguin consci\u00e8ncia del reciclatge i la cura al medi ambient.<\/p>\n<p>Aquesta activitat est\u00e0 emmarcada dins el Pla de din\u00e0mica educativa de Balaguer i Comarca. Us en deixem unes imatges de la nostra experi\u00e8ncia.<\/p>\n<\/div>\n<\/div>\n<p>&nbsp;<\/p>\n<p><a href=\"https:\/\/photos.app.goo.gl\/fGJ9LbpAnDRfvRDfA\"><img loading=\"lazy\" decoding=\"async\" class=\"aligncenter wp-image-4924 size-full\" src=\"https:\/\/agora.xtec.cat\/escgaspardeportola\/wp-content\/uploads\/usu555\/2020\/02\/20200210_094937.jpg\" alt=\"\" width=\"640\" height=\"311\" srcset=\"https:\/\/agora.xtec.cat\/escgaspardeportola\/wp-content\/uploads\/usu555\/2020\/02\/20200210_094937.jpg 640w, https:\/\/agora.xtec.cat\/escgaspardeportola\/wp-content\/uploads\/usu555\/2020\/02\/20200210_094937-300x146.jpg 300w\" sizes=\"auto, (max-width: 640px) 100vw, 640px\" \/><\/a><\/p>\n<p style=\"text-align: center;\">Feu clic a sobre de la imatge per veure les fotos de la sortida<\/p>\n<p>&nbsp;<\/p>\n<p>&nbsp;<\/p>\n<p>&nbsp;<\/p>\n","protected":false},"excerpt":{"rendered":"<p>Els dies 10 i 11 de febrer de 2020 els i les alumnes de cicle superior de l&#8217;Escola Gaspar de Portol\u00e0 hem visitat l&#8217;abocador comarcal prop de Balaguer. All\u00e0 hem pogut con\u00e8ixer de primera m\u00e0, com es gestionen els residus i la import\u00e0ncia de reciclar. Aquesta visita ajuden que els nens i les nenes prenguin [&hellip;]<\/p>\n","protected":false},"author":24,"featured_media":0,"comment_status":"closed","ping_status":"closed","sticky":false,"template":"","format":"standard","meta":{"_bbp_topic_count":0,"_bbp_reply_count":0,"_bbp_total_topic_count":0,"_bbp_total_reply_count":0,"_bbp_voice_count":0,"_bbp_anonymous_reply_count":0,"_bbp_topic_count_hidden":0,"_bbp_reply_count_hidden":0,"_bbp_forum_subforum_count":0,"site-sidebar-layout":"default","site-content-layout":"","ast-site-content-layout":"","site-content-style":"default","site-sidebar-style":"default","ast-global-header-display":"","ast-banner-title-visibility":"","ast-main-header-display":"","ast-hfb-above-header-display":"","ast-hfb-below-header-display":"","ast-hfb-mobile-header-display":"","site-post-title":"","ast-breadcrumbs-content":"","ast-featured-img":"","footer-sml-layout":"","theme-transparent-header-meta":"","adv-header-id-meta":"","stick-header-meta":"","header-above-stick-meta":"","header-main-stick-meta":"","header-below-stick-meta":"","astra-migrate-meta-layouts":"default","ast-page-background-enabled":"default","ast-page-background-meta":{"desktop":{"background-color":"var(--ast-global-color-4)","background-image":"","background-repeat":"repeat","background-position":"center center","background-size":"auto","background-attachment":"scroll","background-type":"","background-media":"","overlay-type":"","overlay-color":"","overlay-opacity":"","overlay-gradient":""},"tablet":{"background-color":"","background-image":"","background-repeat":"repeat","background-position":"center center","background-size":"auto","background-attachment":"scroll","background-type":"","background-media":"","overlay-type":"","overlay-color":"","overlay-opacity":"","overlay-gradient":""},"mobile":{"background-color":"","background-image":"","background-repeat":"repeat","background-position":"center center","background-size":"auto","background-attachment":"scroll","background-type":"","background-media":"","overlay-type":"","overlay-color":"","overlay-opacity":"","overlay-gradient":""}},"ast-content-background-meta":{"desktop":{"background-color":"var(--ast-global-color-5)","background-image":"","background-repeat":"repeat","background-position":"center center","background-size":"auto","background-attachment":"scroll","background-type":"","background-media":"","overlay-type":"","overlay-color":"","overlay-opacity":"","overlay-gradient":""},"tablet":{"background-color":"var(--ast-global-color-5)","background-image":"","background-repeat":"repeat","background-position":"center center","background-size":"auto","background-attachment":"scroll","background-type":"","background-media":"","overlay-type":"","overlay-color":"","overlay-opacity":"","overlay-gradient":""},"mobile":{"background-color":"var(--ast-global-color-5)","background-image":"","background-repeat":"repeat","background-position":"center center","background-size":"auto","background-attachment":"scroll","background-type":"","background-media":"","overlay-type":"","overlay-color":"","overlay-opacity":"","overlay-gradient":""}},"footnotes":""},"categories":[290],"tags":[],"class_list":["post-4922","post","type-post","status-publish","format-standard","hentry","category-cicle-superior"],"post_mailing_queue_ids":[],"_links":{"self":[{"href":"https:\/\/agora.xtec.cat\/escgaspardeportola\/wp-json\/wp\/v2\/posts\/4922","targetHints":{"allow":["GET"]}}],"collection":[{"href":"https:\/\/agora.xtec.cat\/escgaspardeportola\/wp-json\/wp\/v2\/posts"}],"about":[{"href":"https:\/\/agora.xtec.cat\/escgaspardeportola\/wp-json\/wp\/v2\/types\/post"}],"author":[{"embeddable":true,"href":"https:\/\/agora.xtec.cat\/escgaspardeportola\/wp-json\/wp\/v2\/users\/24"}],"replies":[{"embeddable":true,"href":"https:\/\/agora.xtec.cat\/escgaspardeportola\/wp-json\/wp\/v2\/comments?post=4922"}],"version-history":[{"count":3,"href":"https:\/\/agora.xtec.cat\/escgaspardeportola\/wp-json\/wp\/v2\/posts\/4922\/revisions"}],"predecessor-version":[{"id":4926,"href":"https:\/\/agora.xtec.cat\/escgaspardeportola\/wp-json\/wp\/v2\/posts\/4922\/revisions\/4926"}],"wp:attachment":[{"href":"https:\/\/agora.xtec.cat\/escgaspardeportola\/wp-json\/wp\/v2\/media?parent=4922"}],"wp:term":[{"taxonomy":"category","embeddable":true,"href":"https:\/\/agora.xtec.cat\/escgaspardeportola\/wp-json\/wp\/v2\/categories?post=4922"},{"taxonomy":"post_tag","embeddable":true,"href":"https:\/\/agora.xtec.cat\/escgaspardeportola\/wp-json\/wp\/v2\/tags?post=4922"}],"curies":[{"name":"wp","href":"https:\/\/api.w.org\/{rel}","templated":true}]}}