{"id":4888,"date":"2020-02-03T22:11:43","date_gmt":"2020-02-03T21:11:43","guid":{"rendered":"http:\/\/agora.xtec.cat\/escgaspardeportola\/?p=4888"},"modified":"2020-02-03T22:11:43","modified_gmt":"2020-02-03T21:11:43","slug":"mondrian-a-p5","status":"publish","type":"post","link":"https:\/\/agora.xtec.cat\/escgaspardeportola\/educacioinfantil\/mondrian-a-p5\/","title":{"rendered":"Mondrian a P5"},"content":{"rendered":"<p style=\"text-align: justify\">Durant aquest segon trimestre els nens i nenes de <span style=\"color: #800080\"><strong>P5<\/strong><\/span> han comen\u00e7at a treballar un artista nou en les sessions de pl\u00e0stica, es tracta de <span style=\"color: #0000ff\"><strong>Piet Mondrian<\/strong><\/span>. Un pintor <strong>holand\u00e8s<\/strong> que va comen\u00e7ar pintant paisatges, autoretrats i arbres i despr\u00e9s de viatjar a Par\u00eds i Nova York, va canviar la seva manera de pintar i va acabar fent composicions amb formes b\u00e0siques i colors primaris.<\/p>\n<p style=\"text-align: justify\">Els alumnes de P5 van comen\u00e7ar dibuixant i pintant amb aquarel\u00b7les un<a href=\"https:\/\/photos.app.goo.gl\/qxGES84bLmodMLU69\"><span style=\"color: #008000\"><strong> paisatge<\/strong><\/span><\/a> i despr\u00e9s li van posar t\u00edtol.<\/p>\n<p style=\"text-align: justify\">Despr\u00e9s van dibuixar <a href=\"https:\/\/photos.app.goo.gl\/dErDEupKzGLGgE8G9\"><span style=\"color: #800000\"><strong>arbres<\/strong><\/span><\/a> i els pintaven segons el color primari elegit.<\/p>\n<p style=\"text-align: justify\">En la tercera sessi\u00f3 han comen\u00e7at a dibuixar l\u00ednies negres per a plagiar la seva <a href=\"https:\/\/photos.app.goo.gl\/PnabxnfJJY6mqSK6A\"><span style=\"color: #ff0000\"><strong>composici\u00f3<\/strong><\/span><\/a> i van emplenar els buits amb ceres toves.<\/p>\n","protected":false},"excerpt":{"rendered":"<p>Durant aquest segon trimestre els nens i nenes de P5 han comen\u00e7at a treballar un artista nou en les sessions de pl\u00e0stica, es tracta de Piet Mondrian. Un pintor holand\u00e8s que va comen\u00e7ar pintant paisatges, autoretrats i arbres i despr\u00e9s de viatjar a Par\u00eds i Nova York, va canviar la seva manera de pintar i [&hellip;]<\/p>\n","protected":false},"author":1,"featured_media":0,"comment_status":"closed","ping_status":"closed","sticky":false,"template":"","format":"standard","meta":{"_bbp_topic_count":0,"_bbp_reply_count":0,"_bbp_total_topic_count":0,"_bbp_total_reply_count":0,"_bbp_voice_count":0,"_bbp_anonymous_reply_count":0,"_bbp_topic_count_hidden":0,"_bbp_reply_count_hidden":0,"_bbp_forum_subforum_count":0,"site-sidebar-layout":"default","site-content-layout":"","ast-site-content-layout":"","site-content-style":"default","site-sidebar-style":"default","ast-global-header-display":"","ast-banner-title-visibility":"","ast-main-header-display":"","ast-hfb-above-header-display":"","ast-hfb-below-header-display":"","ast-hfb-mobile-header-display":"","site-post-title":"","ast-breadcrumbs-content":"","ast-featured-img":"","footer-sml-layout":"","theme-transparent-header-meta":"","adv-header-id-meta":"","stick-header-meta":"","header-above-stick-meta":"","header-main-stick-meta":"","header-below-stick-meta":"","astra-migrate-meta-layouts":"default","ast-page-background-enabled":"default","ast-page-background-meta":{"desktop":{"background-color":"var(--ast-global-color-4)","background-image":"","background-repeat":"repeat","background-position":"center center","background-size":"auto","background-attachment":"scroll","background-type":"","background-media":"","overlay-type":"","overlay-color":"","overlay-opacity":"","overlay-gradient":""},"tablet":{"background-color":"","background-image":"","background-repeat":"repeat","background-position":"center center","background-size":"auto","background-attachment":"scroll","background-type":"","background-media":"","overlay-type":"","overlay-color":"","overlay-opacity":"","overlay-gradient":""},"mobile":{"background-color":"","background-image":"","background-repeat":"repeat","background-position":"center center","background-size":"auto","background-attachment":"scroll","background-type":"","background-media":"","overlay-type":"","overlay-color":"","overlay-opacity":"","overlay-gradient":""}},"ast-content-background-meta":{"desktop":{"background-color":"var(--ast-global-color-5)","background-image":"","background-repeat":"repeat","background-position":"center center","background-size":"auto","background-attachment":"scroll","background-type":"","background-media":"","overlay-type":"","overlay-color":"","overlay-opacity":"","overlay-gradient":""},"tablet":{"background-color":"var(--ast-global-color-5)","background-image":"","background-repeat":"repeat","background-position":"center center","background-size":"auto","background-attachment":"scroll","background-type":"","background-media":"","overlay-type":"","overlay-color":"","overlay-opacity":"","overlay-gradient":""},"mobile":{"background-color":"var(--ast-global-color-5)","background-image":"","background-repeat":"repeat","background-position":"center center","background-size":"auto","background-attachment":"scroll","background-type":"","background-media":"","overlay-type":"","overlay-color":"","overlay-opacity":"","overlay-gradient":""}},"footnotes":""},"categories":[64],"tags":[330,107,17],"class_list":["post-4888","post","type-post","status-publish","format-standard","hentry","category-educacioinfantil","tag-mondrian","tag-p5","tag-plastica"],"post_mailing_queue_ids":[],"_links":{"self":[{"href":"https:\/\/agora.xtec.cat\/escgaspardeportola\/wp-json\/wp\/v2\/posts\/4888","targetHints":{"allow":["GET"]}}],"collection":[{"href":"https:\/\/agora.xtec.cat\/escgaspardeportola\/wp-json\/wp\/v2\/posts"}],"about":[{"href":"https:\/\/agora.xtec.cat\/escgaspardeportola\/wp-json\/wp\/v2\/types\/post"}],"author":[{"embeddable":true,"href":"https:\/\/agora.xtec.cat\/escgaspardeportola\/wp-json\/wp\/v2\/users\/1"}],"replies":[{"embeddable":true,"href":"https:\/\/agora.xtec.cat\/escgaspardeportola\/wp-json\/wp\/v2\/comments?post=4888"}],"version-history":[{"count":2,"href":"https:\/\/agora.xtec.cat\/escgaspardeportola\/wp-json\/wp\/v2\/posts\/4888\/revisions"}],"predecessor-version":[{"id":4891,"href":"https:\/\/agora.xtec.cat\/escgaspardeportola\/wp-json\/wp\/v2\/posts\/4888\/revisions\/4891"}],"wp:attachment":[{"href":"https:\/\/agora.xtec.cat\/escgaspardeportola\/wp-json\/wp\/v2\/media?parent=4888"}],"wp:term":[{"taxonomy":"category","embeddable":true,"href":"https:\/\/agora.xtec.cat\/escgaspardeportola\/wp-json\/wp\/v2\/categories?post=4888"},{"taxonomy":"post_tag","embeddable":true,"href":"https:\/\/agora.xtec.cat\/escgaspardeportola\/wp-json\/wp\/v2\/tags?post=4888"}],"curies":[{"name":"wp","href":"https:\/\/api.w.org\/{rel}","templated":true}]}}