{"id":4881,"date":"2020-01-31T00:08:30","date_gmt":"2020-01-30T23:08:30","guid":{"rendered":"http:\/\/agora.xtec.cat\/escgaspardeportola\/?p=4881"},"modified":"2020-01-31T00:08:30","modified_gmt":"2020-01-30T23:08:30","slug":"un-cor-molt-gran","status":"publish","type":"post","link":"https:\/\/agora.xtec.cat\/escgaspardeportola\/portada\/un-cor-molt-gran\/","title":{"rendered":"Un cor molt gran!"},"content":{"rendered":"<p>El proper agost \u00e9s el 75 aniversari de la bomba d\u2019Hiroshima i Nagasaki. Durant aquesta setmana a l\u2019escola, hem treballat aquest tema amb els nostres alumnes per a commemorar el dia escolar de la no viol\u00e8ncia i la Pau.<\/p>\n<p>Avui al mat\u00ed, 30 de gener, representants de cada classe ha explicat el que han treballat i ho han exposat a tots els seus companys. Moltes felicitats a tots, perqu\u00e8 ha estat un gran treball i reflexi\u00f3.<\/p>\n<p>Els alumnes de P3, P4 i P5 a partir del llibre il\u00b7lustrat per Joan Turu, \u201c<a href=\"https:\/\/www.youtube.com\/watch?v=O3VrOLJm014\">Un cor molt gran<\/a>\u201d, han treballat diversos aspectes sobre la pau. Despr\u00e9s han escrit i dibuixat missatges dins d\u2019una fulla de l\u2019arbre FIRMIANA SIMPLEX. L\u2019arbre que va sobreviure als atacs d\u2019Hiroshima. A m\u00e9s, com a escola verda que som, \u00e9s l\u2019arbre que tenen apadrinat aquest curs a l\u2019arbor\u00e8tum de Lleida.<\/p>\n<p>Els alumnes de 1r, 2n i 3r han treballat a partir de la \u201c<a href=\"https:\/\/www.youtube.com\/watch?v=7HaZeUQQzrw\">Sadako i les grues de paper<\/a>\u201d com els nens i nenes van patir en aquesta guerra. Ells tamb\u00e9 han volgut col\u00b7laborar amb les grues i hi han escrit diversos missatges.<\/p>\n<p>Els nens i nenes i 4t, 5\u00e8 i 6\u00e8 a partir de la can\u00e7\u00f3 de la D\u00e0maris Gelabert \u201c<a href=\"https:\/\/www.youtube.com\/watch?v=-ISx80tGzgg\">La festa de la Pau<\/a>\u201d han treballat la injust\u00edcia, la pobresa i la guerra i ho han relacionat amb els fotomuntatges de l\u2019artista Turc <a href=\"https:\/\/www.saatchiart.com\/ugurgallen\">Ugur Gallen<\/a> anomenat \u201cMons paral\u00b7lels\u201d. Cada classe ha elegit una imatge i ha escrit un missatge reflexionant sobre el tema. Tamb\u00e9 s\u2019ha fet una adaptaci\u00f3 de la lletra de la can\u00e7\u00f3.<\/p>\n<p>Finalment els nens i nenes de sis\u00e8 han fet gaudir i ballar a tota l\u2019escola per la Pau, han estat moltes coreografies preparades pels mateixos alumnes a l\u2019hora d\u2019Educaci\u00f3 F\u00edsica.<\/p>\n<p><a href=\"https:\/\/photos.google.com\/share\/AF1QipOsC1NLafx9O6ZIEpSB8cwZGlpwWgUjiNTi8zoVLTZbbxOcyjhk_-KvS_7ur6W9VA?key=RjFiY3ppekVqTVRpMHBLRUp5RDdiX0U2eml1RWZ3\"><img loading=\"lazy\" decoding=\"async\" class=\"alignnone size-large\" src=\"https:\/\/lh3.googleusercontent.com\/l1ST-IGCepttfBUpvZ7vI7rp-QVhbtvhZdPJPVn0mpAq3ImDeikpoulxnW3YlMVeJTaaV9fagLJWxA6UPLny_84fCtmMiXrNDLm47ugKbtt609TgWBoS-Q18jCgOViQBy7QDQ6mc1doesYTAMJ88IevtHYLqHFvl8t4ge3C16ondP9hWIgSO9_sebcMYgel0fUDpYe_CDB5zKRw6yr7XU8_F8EAiBIc9u9CG4mvIMe6PPBLW8U0XyLSJc9eZnNLiim-Zri667g95_JC3wD01J6YUBW0TKq4v2qkQqDtcvfO2P66Yz205yvToi40RFQLLK9Ew4d2fgWBie07mRLuWsq-pNHRYJaNLWEo7LxfbzOLBojgsFogi5H6YFdTABG4uLwcD4ot9ext3IId8C6r4TnNPEWEB1zoRtClox9dKgVFSL-87hwMOT0uUAkIYPWS6HgNU1HftBMRTnt53FYMlzoGS19lXGuBRkyOM8WskcDn0T1gVcfZwVvgi6MyhoIniLCJV-0CziZPl4Vj03dDTipIoxAqdihjEy-sGR_2wZw0BlNcTkCA9uGdezMDs_5gJ3daaB9hftjEsAZsPbx5Zlw3pVQ6k1PB3EyhUAJy_54MSXflPFMCjoIS7hS4s68qXv3aHgXf_Z4kVGCAXp5-yLys7urNrJLQ5oNx0l3_hWwPLBItwCs20c9A8MtiskHeYmVhbkjY-YJ6JOuw-NaNyAcudpkp6k4p8r4qaPEFpFi3ugWaZ=w1205-h904-no\" width=\"1205\" height=\"904\" \/><\/a><\/p>\n<p><a href=\"https:\/\/www.balaguer.tv\/lescola-gaspar-de-portola-celebra-el-dia-escolar-de-la-no-violencia-i-la-pau\/\">REPORTATGE BALAGUER TV<\/a><\/p>\n","protected":false},"excerpt":{"rendered":"<p>El proper agost \u00e9s el 75 aniversari de la bomba d\u2019Hiroshima i Nagasaki. Durant aquesta setmana a l\u2019escola, hem treballat aquest tema amb els nostres alumnes per a commemorar el dia escolar de la no viol\u00e8ncia i la Pau. Avui al mat\u00ed, 30 de gener, representants de cada classe ha explicat el que han treballat [&hellip;]<\/p>\n","protected":false},"author":1,"featured_media":4882,"comment_status":"closed","ping_status":"closed","sticky":false,"template":"","format":"standard","meta":{"_bbp_topic_count":0,"_bbp_reply_count":0,"_bbp_total_topic_count":0,"_bbp_total_reply_count":0,"_bbp_voice_count":0,"_bbp_anonymous_reply_count":0,"_bbp_topic_count_hidden":0,"_bbp_reply_count_hidden":0,"_bbp_forum_subforum_count":0,"site-sidebar-layout":"default","site-content-layout":"","ast-site-content-layout":"","site-content-style":"default","site-sidebar-style":"default","ast-global-header-display":"","ast-banner-title-visibility":"","ast-main-header-display":"","ast-hfb-above-header-display":"","ast-hfb-below-header-display":"","ast-hfb-mobile-header-display":"","site-post-title":"","ast-breadcrumbs-content":"","ast-featured-img":"","footer-sml-layout":"","theme-transparent-header-meta":"","adv-header-id-meta":"","stick-header-meta":"","header-above-stick-meta":"","header-main-stick-meta":"","header-below-stick-meta":"","astra-migrate-meta-layouts":"default","ast-page-background-enabled":"default","ast-page-background-meta":{"desktop":{"background-color":"var(--ast-global-color-4)","background-image":"","background-repeat":"repeat","background-position":"center center","background-size":"auto","background-attachment":"scroll","background-type":"","background-media":"","overlay-type":"","overlay-color":"","overlay-opacity":"","overlay-gradient":""},"tablet":{"background-color":"","background-image":"","background-repeat":"repeat","background-position":"center center","background-size":"auto","background-attachment":"scroll","background-type":"","background-media":"","overlay-type":"","overlay-color":"","overlay-opacity":"","overlay-gradient":""},"mobile":{"background-color":"","background-image":"","background-repeat":"repeat","background-position":"center center","background-size":"auto","background-attachment":"scroll","background-type":"","background-media":"","overlay-type":"","overlay-color":"","overlay-opacity":"","overlay-gradient":""}},"ast-content-background-meta":{"desktop":{"background-color":"var(--ast-global-color-5)","background-image":"","background-repeat":"repeat","background-position":"center center","background-size":"auto","background-attachment":"scroll","background-type":"","background-media":"","overlay-type":"","overlay-color":"","overlay-opacity":"","overlay-gradient":""},"tablet":{"background-color":"var(--ast-global-color-5)","background-image":"","background-repeat":"repeat","background-position":"center center","background-size":"auto","background-attachment":"scroll","background-type":"","background-media":"","overlay-type":"","overlay-color":"","overlay-opacity":"","overlay-gradient":""},"mobile":{"background-color":"var(--ast-global-color-5)","background-image":"","background-repeat":"repeat","background-position":"center center","background-size":"auto","background-attachment":"scroll","background-type":"","background-media":"","overlay-type":"","overlay-color":"","overlay-opacity":"","overlay-gradient":""}},"footnotes":""},"categories":[4],"tags":[],"class_list":["post-4881","post","type-post","status-publish","format-standard","has-post-thumbnail","hentry","category-portada"],"post_mailing_queue_ids":[],"_links":{"self":[{"href":"https:\/\/agora.xtec.cat\/escgaspardeportola\/wp-json\/wp\/v2\/posts\/4881","targetHints":{"allow":["GET"]}}],"collection":[{"href":"https:\/\/agora.xtec.cat\/escgaspardeportola\/wp-json\/wp\/v2\/posts"}],"about":[{"href":"https:\/\/agora.xtec.cat\/escgaspardeportola\/wp-json\/wp\/v2\/types\/post"}],"author":[{"embeddable":true,"href":"https:\/\/agora.xtec.cat\/escgaspardeportola\/wp-json\/wp\/v2\/users\/1"}],"replies":[{"embeddable":true,"href":"https:\/\/agora.xtec.cat\/escgaspardeportola\/wp-json\/wp\/v2\/comments?post=4881"}],"version-history":[{"count":1,"href":"https:\/\/agora.xtec.cat\/escgaspardeportola\/wp-json\/wp\/v2\/posts\/4881\/revisions"}],"predecessor-version":[{"id":4883,"href":"https:\/\/agora.xtec.cat\/escgaspardeportola\/wp-json\/wp\/v2\/posts\/4881\/revisions\/4883"}],"wp:featuredmedia":[{"embeddable":true,"href":"https:\/\/agora.xtec.cat\/escgaspardeportola\/wp-json\/wp\/v2\/media\/4882"}],"wp:attachment":[{"href":"https:\/\/agora.xtec.cat\/escgaspardeportola\/wp-json\/wp\/v2\/media?parent=4881"}],"wp:term":[{"taxonomy":"category","embeddable":true,"href":"https:\/\/agora.xtec.cat\/escgaspardeportola\/wp-json\/wp\/v2\/categories?post=4881"},{"taxonomy":"post_tag","embeddable":true,"href":"https:\/\/agora.xtec.cat\/escgaspardeportola\/wp-json\/wp\/v2\/tags?post=4881"}],"curies":[{"name":"wp","href":"https:\/\/api.w.org\/{rel}","templated":true}]}}