{"id":4782,"date":"2020-01-19T13:40:50","date_gmt":"2020-01-19T12:40:50","guid":{"rendered":"http:\/\/agora.xtec.cat\/escgaspardeportola\/?p=4782"},"modified":"2020-01-19T13:40:50","modified_gmt":"2020-01-19T12:40:50","slug":"missio-apilo","status":"publish","type":"post","link":"https:\/\/agora.xtec.cat\/escgaspardeportola\/portada\/missio-apilo\/","title":{"rendered":"Missi\u00f3 APILO"},"content":{"rendered":"<p>Bon dia fam\u00edlies,<\/p>\n<p>Els nens i nenes de l&#8217;escola s&#8217;han convertit amb agents APILO amb una missi\u00f3 molt important a realitzar.<\/p>\n<p><em>Estem envoltats d\u2019aparells de tot tipus que utilitzen piles com a font d\u2019energia: el rellotge, el m\u00f2bil, els comandaments a dist\u00e0ncia, les joguines\u2026 Les piles i bateries s\u00f3n dispositius que contenen subst\u00e0ncies qu\u00edmiques que reaccionen entre elles i transformen l\u2019energia d\u2019aquesta reacci\u00f3 en electricitat. Quan estan esgotades, aquestes subst\u00e0ncies qu\u00edmiques i materials poden fer malb\u00e9 el medi ambient. Si les reciclem, el protegirem i tamb\u00e9 estalviarem molts recursos.<\/em><\/p>\n<p>Per aquest motiu l&#8217;escola participa en el sis\u00e8 concurs APILO i cal recollir el m\u00e0xim possible de piles. Les naus espacials del Planeta Reciclatge ja estan preparades per recollir totes les piles esgotades que trobeu. Com a Agents Apilo, teniu la missi\u00f3 de localitzar-les i dipositar-les al coet contenidor que tenim a l&#8217;escola.<\/p>\n<p>Us esperem amb for\u00e7a piles!!!<\/p>\n<p><a href=\"http:\/\/www.apilo.cat\/a-casa\/\">M\u00e9s informaci\u00f3 del concurs<\/a><\/p>\n<p><img loading=\"lazy\" decoding=\"async\" class=\"alignleft size-full wp-image-4783\" src=\"https:\/\/agora.xtec.cat\/escgaspardeportola\/wp-content\/uploads\/usu555\/2020\/01\/apilo.jpg\" alt=\"\" width=\"720\" height=\"960\" srcset=\"https:\/\/agora.xtec.cat\/escgaspardeportola\/wp-content\/uploads\/usu555\/2020\/01\/apilo.jpg 720w, https:\/\/agora.xtec.cat\/escgaspardeportola\/wp-content\/uploads\/usu555\/2020\/01\/apilo-225x300.jpg 225w\" sizes=\"auto, (max-width: 720px) 100vw, 720px\" \/><\/p>\n","protected":false},"excerpt":{"rendered":"<p>Bon dia fam\u00edlies, Els nens i nenes de l&#8217;escola s&#8217;han convertit amb agents APILO amb una missi\u00f3 molt important a realitzar. Estem envoltats d\u2019aparells de tot tipus que utilitzen piles com a font d\u2019energia: el rellotge, el m\u00f2bil, els comandaments a dist\u00e0ncia, les joguines\u2026 Les piles i bateries s\u00f3n dispositius que contenen subst\u00e0ncies qu\u00edmiques que [&hellip;]<\/p>\n","protected":false},"author":1,"featured_media":0,"comment_status":"closed","ping_status":"closed","sticky":false,"template":"","format":"standard","meta":{"_bbp_topic_count":0,"_bbp_reply_count":0,"_bbp_total_topic_count":0,"_bbp_total_reply_count":0,"_bbp_voice_count":0,"_bbp_anonymous_reply_count":0,"_bbp_topic_count_hidden":0,"_bbp_reply_count_hidden":0,"_bbp_forum_subforum_count":0,"site-sidebar-layout":"default","site-content-layout":"","ast-site-content-layout":"","site-content-style":"default","site-sidebar-style":"default","ast-global-header-display":"","ast-banner-title-visibility":"","ast-main-header-display":"","ast-hfb-above-header-display":"","ast-hfb-below-header-display":"","ast-hfb-mobile-header-display":"","site-post-title":"","ast-breadcrumbs-content":"","ast-featured-img":"","footer-sml-layout":"","theme-transparent-header-meta":"","adv-header-id-meta":"","stick-header-meta":"","header-above-stick-meta":"","header-main-stick-meta":"","header-below-stick-meta":"","astra-migrate-meta-layouts":"default","ast-page-background-enabled":"default","ast-page-background-meta":{"desktop":{"background-color":"var(--ast-global-color-4)","background-image":"","background-repeat":"repeat","background-position":"center center","background-size":"auto","background-attachment":"scroll","background-type":"","background-media":"","overlay-type":"","overlay-color":"","overlay-opacity":"","overlay-gradient":""},"tablet":{"background-color":"","background-image":"","background-repeat":"repeat","background-position":"center center","background-size":"auto","background-attachment":"scroll","background-type":"","background-media":"","overlay-type":"","overlay-color":"","overlay-opacity":"","overlay-gradient":""},"mobile":{"background-color":"","background-image":"","background-repeat":"repeat","background-position":"center center","background-size":"auto","background-attachment":"scroll","background-type":"","background-media":"","overlay-type":"","overlay-color":"","overlay-opacity":"","overlay-gradient":""}},"ast-content-background-meta":{"desktop":{"background-color":"var(--ast-global-color-5)","background-image":"","background-repeat":"repeat","background-position":"center center","background-size":"auto","background-attachment":"scroll","background-type":"","background-media":"","overlay-type":"","overlay-color":"","overlay-opacity":"","overlay-gradient":""},"tablet":{"background-color":"var(--ast-global-color-5)","background-image":"","background-repeat":"repeat","background-position":"center center","background-size":"auto","background-attachment":"scroll","background-type":"","background-media":"","overlay-type":"","overlay-color":"","overlay-opacity":"","overlay-gradient":""},"mobile":{"background-color":"var(--ast-global-color-5)","background-image":"","background-repeat":"repeat","background-position":"center center","background-size":"auto","background-attachment":"scroll","background-type":"","background-media":"","overlay-type":"","overlay-color":"","overlay-opacity":"","overlay-gradient":""}},"footnotes":""},"categories":[110,4],"tags":[],"class_list":["post-4782","post","type-post","status-publish","format-standard","hentry","category-escola-verda","category-portada"],"post_mailing_queue_ids":[],"_links":{"self":[{"href":"https:\/\/agora.xtec.cat\/escgaspardeportola\/wp-json\/wp\/v2\/posts\/4782","targetHints":{"allow":["GET"]}}],"collection":[{"href":"https:\/\/agora.xtec.cat\/escgaspardeportola\/wp-json\/wp\/v2\/posts"}],"about":[{"href":"https:\/\/agora.xtec.cat\/escgaspardeportola\/wp-json\/wp\/v2\/types\/post"}],"author":[{"embeddable":true,"href":"https:\/\/agora.xtec.cat\/escgaspardeportola\/wp-json\/wp\/v2\/users\/1"}],"replies":[{"embeddable":true,"href":"https:\/\/agora.xtec.cat\/escgaspardeportola\/wp-json\/wp\/v2\/comments?post=4782"}],"version-history":[{"count":1,"href":"https:\/\/agora.xtec.cat\/escgaspardeportola\/wp-json\/wp\/v2\/posts\/4782\/revisions"}],"predecessor-version":[{"id":4784,"href":"https:\/\/agora.xtec.cat\/escgaspardeportola\/wp-json\/wp\/v2\/posts\/4782\/revisions\/4784"}],"wp:attachment":[{"href":"https:\/\/agora.xtec.cat\/escgaspardeportola\/wp-json\/wp\/v2\/media?parent=4782"}],"wp:term":[{"taxonomy":"category","embeddable":true,"href":"https:\/\/agora.xtec.cat\/escgaspardeportola\/wp-json\/wp\/v2\/categories?post=4782"},{"taxonomy":"post_tag","embeddable":true,"href":"https:\/\/agora.xtec.cat\/escgaspardeportola\/wp-json\/wp\/v2\/tags?post=4782"}],"curies":[{"name":"wp","href":"https:\/\/api.w.org\/{rel}","templated":true}]}}