{"id":4689,"date":"2019-12-15T16:59:19","date_gmt":"2019-12-15T15:59:19","guid":{"rendered":"http:\/\/agora.xtec.cat\/escgaspardeportola\/?p=4689"},"modified":"2019-12-15T16:59:19","modified_gmt":"2019-12-15T15:59:19","slug":"lescola-de-gaspar-per-la-marato-de-tv3","status":"publish","type":"post","link":"https:\/\/agora.xtec.cat\/escgaspardeportola\/portada\/lescola-de-gaspar-per-la-marato-de-tv3\/","title":{"rendered":"L\u2019escola de Gaspar per la Marat\u00f3 de Tv3"},"content":{"rendered":"<p><span style=\"font-weight: 400;\">Ahir la tarda l\u2019AMPA la va tornar a fer grossa per aconseguir una gran quantitat de diners per la Marat\u00f3 de Tv3. Aquest any la marat\u00f3 va destinada per la investigaci\u00f3 de malalties minorit\u00e0ries, es va obtenir <\/span><b>865 \u20ac<\/b><span style=\"font-weight: 400;\"> gr\u00e0cies a tota la gent que va venir a l\u2019escala en hi fi i va participar al Bingo solidari.\u00a0<\/span><\/p>\n<p><span style=\"font-weight: 400;\">Es va realitzar 6 actuacions entre nens, nenes, mares, pares, mestres i una banda amb molta marxa.<\/span><\/p>\n<ul>\n<li><span style=\"font-weight: 400;\">P3 Fam\u00edlies Els pirates<\/span><\/li>\n<li><span style=\"font-weight: 400;\">P5 nens i nenes El rock de la Formiga<\/span><\/li>\n<li><span style=\"font-weight: 400;\">P5 mares Remix Mamma mia &#8211; Rosalia<\/span><\/li>\n<li><span style=\"font-weight: 400;\">Mestres All I want for Christmas is you<\/span><\/li>\n<li><span style=\"font-weight: 400;\">AMPA Madre Tierra\u00a0<\/span><\/li>\n<li><span style=\"font-weight: 400;\">Banda Juvenil de Sant Feliu de Llobregat. Varis.\u00a0<\/span><\/li>\n<\/ul>\n<p><span style=\"font-weight: 400;\">Es\u00a0 van sortejar 7 lots de Bingo i 7 l\u00ednies gr\u00e0cies a totes les aportacions que molts comer\u00e7os ens van oferir.\u00a0<\/span><\/p>\n<p><span style=\"font-weight: 400;\">Farm\u00e0cia March &#8211; Busquets &#8211; Xarcuteria Paris &#8211; Cal marxant &#8211; Carnisseria Salvador &#8211; Grup MIBEC &#8211; Els sentits &#8211; Delsams &#8211; Perruqueria N\u00faria Armengol &#8211; Torrons alemany &#8211; Ferreteria Viola &#8211; Novetats Urgell &#8211; Logigr\u00e0fic &#8211; peixateria Sol\u00e9 &#8211; Miquel Espona &#8211; Fruites Comelles &#8211; Perruqueria Gemma &#8211; Beauty Syle &#8211; Floristeria La Ginesta &#8211; Farm\u00e0cia Dolset &#8211; Sole\u2019s Moda per la llar &#8211; Perruqueria Nicole &#8211; La Dolceta &#8211; Maite Montardit &#8211; Green ambient &#8211; Inalba &#8211; Hotel Zenit &#8211; Fruites Baldom\u00e0 &#8211; Floristeria Castells &#8211; Compsa Online &#8211; Llibreria Urgell<\/span><\/p>\n<p><span style=\"font-weight: 400;\">Entre tots un cop m\u00e9s hem fet un bon equip!<\/span><\/p>\n<p><a href=\"https:\/\/photos.app.goo.gl\/5WQAs7Uz5LQkBsTz6\"><img loading=\"lazy\" decoding=\"async\" class=\"alignnone size-large\" src=\"https:\/\/lh3.googleusercontent.com\/qAUlXcXEHqPaBB5gUAh2hzVeYAz1HMbbD-BEJ1w347qZT9i9pkxbcXaVtq0pfuRLeW-B1y90OXYhiR5ioqurUXq3cvb75IVDS9ClM0rmSfGW3PdPyvcWDDt4NQvqwP5w11EhWoX8Wd_gYvmuw7jw-yjUEZzO4RoIkr_s0V2MR_FgSPbYpkBbIRY-xVheXJOyMrJ3egA6Ki6cNGFEZBoVmJ9C1cLjbuwA6WNUzX267KcPgqdshJ6PxsPBqkVc7FaZvBGxg7yWoayehJ61_6sKtpF947eZGmAOi5xAw9zg8AQ0d1VlKQhQBVCkbPXyYz-vDQRtQljPptpj3nlzgbD9t5w3xpKMz126cgOMQLrz5kqIqe4oGkaB-pki6uEX6nvtY1E-b0FbpUQa501o0vL99YpG00wgBbv8KokBz_YGhb8A_7KhiemqN_rZiSwCO4jzEUFJLOzwK0o_Rhkv-1vCFF473XTOsNDvWNMsFdP6vSIvkTylwWAdiCUrOpse5H-0uNh3fT-tsLImfrliAopTEEHgciQnIhGf5O0sy5hl5_ldRgTHO9XFaHFbo8jZdtXnMeh23UwFbAUFY4oRfLSaA7eOEpvjSNzC6KRM1lalhSpgSyETJv4Q_-cSSAwUHswRI2ih4eEOXEe3wKxKrOtTo2UrTP1ynRduFq1jaXoF0iNhKLpV5z0aPuqfZpxAx2oMPwxFhzQnuDA1flqGxRvHQCVH5tSIRNXKpistTKHqSt9ilGw=w1920-h859-no\" width=\"1920\" height=\"859\" \/><\/a><\/p>\n<p>Fes clic per a veure m\u00e9s imatges<\/p>\n","protected":false},"excerpt":{"rendered":"<p>Ahir la tarda l\u2019AMPA la va tornar a fer grossa per aconseguir una gran quantitat de diners per la Marat\u00f3 de Tv3. Aquest any la marat\u00f3 va destinada per la investigaci\u00f3 de malalties minorit\u00e0ries, es va obtenir 865 \u20ac gr\u00e0cies a tota la gent que va venir a l\u2019escala en hi fi i va participar [&hellip;]<\/p>\n","protected":false},"author":1,"featured_media":0,"comment_status":"closed","ping_status":"closed","sticky":false,"template":"","format":"standard","meta":{"_bbp_topic_count":0,"_bbp_reply_count":0,"_bbp_total_topic_count":0,"_bbp_total_reply_count":0,"_bbp_voice_count":0,"_bbp_anonymous_reply_count":0,"_bbp_topic_count_hidden":0,"_bbp_reply_count_hidden":0,"_bbp_forum_subforum_count":0,"site-sidebar-layout":"default","site-content-layout":"","ast-site-content-layout":"","site-content-style":"default","site-sidebar-style":"default","ast-global-header-display":"","ast-banner-title-visibility":"","ast-main-header-display":"","ast-hfb-above-header-display":"","ast-hfb-below-header-display":"","ast-hfb-mobile-header-display":"","site-post-title":"","ast-breadcrumbs-content":"","ast-featured-img":"","footer-sml-layout":"","theme-transparent-header-meta":"","adv-header-id-meta":"","stick-header-meta":"","header-above-stick-meta":"","header-main-stick-meta":"","header-below-stick-meta":"","astra-migrate-meta-layouts":"default","ast-page-background-enabled":"default","ast-page-background-meta":{"desktop":{"background-color":"var(--ast-global-color-4)","background-image":"","background-repeat":"repeat","background-position":"center center","background-size":"auto","background-attachment":"scroll","background-type":"","background-media":"","overlay-type":"","overlay-color":"","overlay-opacity":"","overlay-gradient":""},"tablet":{"background-color":"","background-image":"","background-repeat":"repeat","background-position":"center center","background-size":"auto","background-attachment":"scroll","background-type":"","background-media":"","overlay-type":"","overlay-color":"","overlay-opacity":"","overlay-gradient":""},"mobile":{"background-color":"","background-image":"","background-repeat":"repeat","background-position":"center center","background-size":"auto","background-attachment":"scroll","background-type":"","background-media":"","overlay-type":"","overlay-color":"","overlay-opacity":"","overlay-gradient":""}},"ast-content-background-meta":{"desktop":{"background-color":"var(--ast-global-color-5)","background-image":"","background-repeat":"repeat","background-position":"center center","background-size":"auto","background-attachment":"scroll","background-type":"","background-media":"","overlay-type":"","overlay-color":"","overlay-opacity":"","overlay-gradient":""},"tablet":{"background-color":"var(--ast-global-color-5)","background-image":"","background-repeat":"repeat","background-position":"center center","background-size":"auto","background-attachment":"scroll","background-type":"","background-media":"","overlay-type":"","overlay-color":"","overlay-opacity":"","overlay-gradient":""},"mobile":{"background-color":"var(--ast-global-color-5)","background-image":"","background-repeat":"repeat","background-position":"center center","background-size":"auto","background-attachment":"scroll","background-type":"","background-media":"","overlay-type":"","overlay-color":"","overlay-opacity":"","overlay-gradient":""}},"footnotes":""},"categories":[266,4],"tags":[],"class_list":["post-4689","post","type-post","status-publish","format-standard","hentry","category-afa","category-portada"],"post_mailing_queue_ids":[],"_links":{"self":[{"href":"https:\/\/agora.xtec.cat\/escgaspardeportola\/wp-json\/wp\/v2\/posts\/4689","targetHints":{"allow":["GET"]}}],"collection":[{"href":"https:\/\/agora.xtec.cat\/escgaspardeportola\/wp-json\/wp\/v2\/posts"}],"about":[{"href":"https:\/\/agora.xtec.cat\/escgaspardeportola\/wp-json\/wp\/v2\/types\/post"}],"author":[{"embeddable":true,"href":"https:\/\/agora.xtec.cat\/escgaspardeportola\/wp-json\/wp\/v2\/users\/1"}],"replies":[{"embeddable":true,"href":"https:\/\/agora.xtec.cat\/escgaspardeportola\/wp-json\/wp\/v2\/comments?post=4689"}],"version-history":[{"count":1,"href":"https:\/\/agora.xtec.cat\/escgaspardeportola\/wp-json\/wp\/v2\/posts\/4689\/revisions"}],"predecessor-version":[{"id":4690,"href":"https:\/\/agora.xtec.cat\/escgaspardeportola\/wp-json\/wp\/v2\/posts\/4689\/revisions\/4690"}],"wp:attachment":[{"href":"https:\/\/agora.xtec.cat\/escgaspardeportola\/wp-json\/wp\/v2\/media?parent=4689"}],"wp:term":[{"taxonomy":"category","embeddable":true,"href":"https:\/\/agora.xtec.cat\/escgaspardeportola\/wp-json\/wp\/v2\/categories?post=4689"},{"taxonomy":"post_tag","embeddable":true,"href":"https:\/\/agora.xtec.cat\/escgaspardeportola\/wp-json\/wp\/v2\/tags?post=4689"}],"curies":[{"name":"wp","href":"https:\/\/api.w.org\/{rel}","templated":true}]}}