{"id":4671,"date":"2019-12-06T12:40:59","date_gmt":"2019-12-06T11:40:59","guid":{"rendered":"http:\/\/agora.xtec.cat\/escgaspardeportola\/?p=4671"},"modified":"2019-12-06T12:40:59","modified_gmt":"2019-12-06T11:40:59","slug":"ja-tenim-el-sorral-interactiu","status":"publish","type":"post","link":"https:\/\/agora.xtec.cat\/escgaspardeportola\/portada\/ja-tenim-el-sorral-interactiu\/","title":{"rendered":"Ja tenim el sorral interactiu!"},"content":{"rendered":"<p>L\u2019Anna i la Judit practicants de gestions creatives de la universitat de Lleida, dimarts van inaugurar i ens van oferir a tota la comunitat educativa el resultat del seu projecte, el sorral interactiu.<\/p>\n<p>Despr\u00e9s d\u2019un llarg proc\u00e9s i d\u2019un fant\u00e0stic resultat, tots els nens i nenes, no nom\u00e9s d\u2019educaci\u00f3 infantil sin\u00f3 de prim\u00e0ria, hi van participar. I es que el canvi que ha dut a terme el sorral es totalment impressionant.<\/p>\n<p>A partir de les 15:00 h els nens i nenes de tots els cursos el van anar a visitar, l\u2019Anna i la Judit els hi van anar explicant tot el proc\u00e9s i donant les gr\u00e0cies de la seva col\u00b7laboraci\u00f3. Ni els m\u00e9s grans no se\u2019n van poder estar de jugar-hi. Tot i que els m\u00e9s il\u00b7lusionats eren els m\u00e9s petits, que a partir d\u2019ara en podran gaudir cada dia a l\u2019hora del pati.<\/p>\n<p>A part dels alumnes tamb\u00e9 van venir algunes fam\u00edlies i representants de l\u2019AMPA que van valorar l\u2019oferiment d\u2019obrir les portes i participar a la inauguraci\u00f3.<\/p>\n<p>Finalment les noies van donar les gr\u00e0cies a Jonatan Arrar\u00e1s, il\u00b7lustrador i pare de l\u2019escola, pel seu mural i al pare Hector Corral que va aconseguir que l\u2019empressa Gespasa\u00a0 ens regales material pel sorral. Tamb\u00e9 l\u2019ajuntament\u00a0 que ens va canviar la sorra que hi havia per un altra m\u00e9s adient i que no embruta tant. I al Sr. Joaquim que com sempre va ajudar i ser-hi present en tot moment.<\/p>\n<p>Us deixem les fotografies on mostra la inauguraci\u00f3 del sorrat dut a terme per l\u2019Anna i la Judit guiades per les seves tutores Carmina i N\u00faria.<\/p>\n<p>M\u00e9s endavant us explicarem el proc\u00e9s del projecte i les experi\u00e8ncies de les dues practicants.<\/p>\n<p><a href=\"https:\/\/photos.google.com\/u\/1\/share\/AF1QipP5M1V6ILS4kAzuBqvxZOUL4FSprdWUQKwaEbI2cH9KCIzZuoJZaCHstQRgL_bKgQ?key=d1R3SjNXeEh1aEF1UXF2UEV1TjRGSHBpMTc4Y1pR\"><img loading=\"lazy\" decoding=\"async\" class=\"alignnone \" src=\"https:\/\/lh3.googleusercontent.com\/sY8nuwjVCIPmT78C_COTaB62iiN1ARy94XwuGeHsgYzC7PombdbV0SC4GB5CNGT5kPgYA8yeEZHSK0pKo51puOmb1OeFEEBCiL94q36fVvJn8RPuPdk2ioQk_Ep_wHQGZArAUbd22NZ4azDPxLzlyXEUz_NDbi7sMkl2yltl3QOdGQLWikouuay8yCjx42TsYm83BPCMmWVT9hOJVmGbL4IXA9aXO9HbnKHC7XIJVK0q6fnHMy3Qz-Ebo1Eq-xN0U-Dp_70RrnR53k3KiqO3IIQGK4DTDeWPnzJWgF8UL-mc90ORU4tRfIK3ZvEMaikliYoBDH4KtOEAIg_j8KVcJtFw0vRJA_lpqHfan6SvYpQmpEaCohT6UpoAzwrYzUXfL5T8VcQonChThhqRM33iMcxDvFXk7mTnCG7biMzrSOd7k13QBD85FJBK8dOAZHHPe78LG3ExqpdsXW9-0gxDDRslDOU9IdVxM8aP8O4YQ1f9jlJ70vmFjgCAatzMl7SZUcmn5wr_QlD_mGuMryX5fZIiFJqcr-914VpS-jNrYpJyMs3NJ6By9kGCy3FhZeFtnvnZ8gFE6y7yo2jL3d6duDS44L4xvd_WO2JGQvFHD5O8VqI-DPMZrj5-BjHMaYtCSLs7FsCOLpyo85Kbt1cuQMIm_BiGlEFRaUU50SY0WS6VHKYvmP_PW0LrHYJ6U_WbqXoEab4kYjT8bCNEm3Ju-HnRHbC7CzHuKlCSmJNsugRs924=w1124-h843-no\" width=\"756\" height=\"567\" \/><\/a><\/p>\n<p>Fes clic a la imatge per a veure m\u00e9s fotografies.<\/p>\n","protected":false},"excerpt":{"rendered":"<p>L\u2019Anna i la Judit practicants de gestions creatives de la universitat de Lleida, dimarts van inaugurar i ens van oferir a tota la comunitat educativa el resultat del seu projecte, el sorral interactiu. Despr\u00e9s d\u2019un llarg proc\u00e9s i d\u2019un fant\u00e0stic resultat, tots els nens i nenes, no nom\u00e9s d\u2019educaci\u00f3 infantil sin\u00f3 de prim\u00e0ria, hi van [&hellip;]<\/p>\n","protected":false},"author":1,"featured_media":0,"comment_status":"closed","ping_status":"closed","sticky":false,"template":"","format":"standard","meta":{"_bbp_topic_count":0,"_bbp_reply_count":0,"_bbp_total_topic_count":0,"_bbp_total_reply_count":0,"_bbp_voice_count":0,"_bbp_anonymous_reply_count":0,"_bbp_topic_count_hidden":0,"_bbp_reply_count_hidden":0,"_bbp_forum_subforum_count":0,"site-sidebar-layout":"default","site-content-layout":"","ast-site-content-layout":"","site-content-style":"default","site-sidebar-style":"default","ast-global-header-display":"","ast-banner-title-visibility":"","ast-main-header-display":"","ast-hfb-above-header-display":"","ast-hfb-below-header-display":"","ast-hfb-mobile-header-display":"","site-post-title":"","ast-breadcrumbs-content":"","ast-featured-img":"","footer-sml-layout":"","theme-transparent-header-meta":"","adv-header-id-meta":"","stick-header-meta":"","header-above-stick-meta":"","header-main-stick-meta":"","header-below-stick-meta":"","astra-migrate-meta-layouts":"default","ast-page-background-enabled":"default","ast-page-background-meta":{"desktop":{"background-color":"var(--ast-global-color-4)","background-image":"","background-repeat":"repeat","background-position":"center center","background-size":"auto","background-attachment":"scroll","background-type":"","background-media":"","overlay-type":"","overlay-color":"","overlay-opacity":"","overlay-gradient":""},"tablet":{"background-color":"","background-image":"","background-repeat":"repeat","background-position":"center center","background-size":"auto","background-attachment":"scroll","background-type":"","background-media":"","overlay-type":"","overlay-color":"","overlay-opacity":"","overlay-gradient":""},"mobile":{"background-color":"","background-image":"","background-repeat":"repeat","background-position":"center center","background-size":"auto","background-attachment":"scroll","background-type":"","background-media":"","overlay-type":"","overlay-color":"","overlay-opacity":"","overlay-gradient":""}},"ast-content-background-meta":{"desktop":{"background-color":"var(--ast-global-color-5)","background-image":"","background-repeat":"repeat","background-position":"center center","background-size":"auto","background-attachment":"scroll","background-type":"","background-media":"","overlay-type":"","overlay-color":"","overlay-opacity":"","overlay-gradient":""},"tablet":{"background-color":"var(--ast-global-color-5)","background-image":"","background-repeat":"repeat","background-position":"center center","background-size":"auto","background-attachment":"scroll","background-type":"","background-media":"","overlay-type":"","overlay-color":"","overlay-opacity":"","overlay-gradient":""},"mobile":{"background-color":"var(--ast-global-color-5)","background-image":"","background-repeat":"repeat","background-position":"center center","background-size":"auto","background-attachment":"scroll","background-type":"","background-media":"","overlay-type":"","overlay-color":"","overlay-opacity":"","overlay-gradient":""}},"footnotes":""},"categories":[64,4],"tags":[],"class_list":["post-4671","post","type-post","status-publish","format-standard","hentry","category-educacioinfantil","category-portada"],"post_mailing_queue_ids":[],"_links":{"self":[{"href":"https:\/\/agora.xtec.cat\/escgaspardeportola\/wp-json\/wp\/v2\/posts\/4671","targetHints":{"allow":["GET"]}}],"collection":[{"href":"https:\/\/agora.xtec.cat\/escgaspardeportola\/wp-json\/wp\/v2\/posts"}],"about":[{"href":"https:\/\/agora.xtec.cat\/escgaspardeportola\/wp-json\/wp\/v2\/types\/post"}],"author":[{"embeddable":true,"href":"https:\/\/agora.xtec.cat\/escgaspardeportola\/wp-json\/wp\/v2\/users\/1"}],"replies":[{"embeddable":true,"href":"https:\/\/agora.xtec.cat\/escgaspardeportola\/wp-json\/wp\/v2\/comments?post=4671"}],"version-history":[{"count":1,"href":"https:\/\/agora.xtec.cat\/escgaspardeportola\/wp-json\/wp\/v2\/posts\/4671\/revisions"}],"predecessor-version":[{"id":4672,"href":"https:\/\/agora.xtec.cat\/escgaspardeportola\/wp-json\/wp\/v2\/posts\/4671\/revisions\/4672"}],"wp:attachment":[{"href":"https:\/\/agora.xtec.cat\/escgaspardeportola\/wp-json\/wp\/v2\/media?parent=4671"}],"wp:term":[{"taxonomy":"category","embeddable":true,"href":"https:\/\/agora.xtec.cat\/escgaspardeportola\/wp-json\/wp\/v2\/categories?post=4671"},{"taxonomy":"post_tag","embeddable":true,"href":"https:\/\/agora.xtec.cat\/escgaspardeportola\/wp-json\/wp\/v2\/tags?post=4671"}],"curies":[{"name":"wp","href":"https:\/\/api.w.org\/{rel}","templated":true}]}}