{"id":4521,"date":"2019-10-28T20:28:34","date_gmt":"2019-10-28T19:28:34","guid":{"rendered":"http:\/\/agora.xtec.cat\/escgaspardeportola\/?p=4521"},"modified":"2019-10-28T20:30:02","modified_gmt":"2019-10-28T19:30:02","slug":"les-infermeres-a-p-4","status":"publish","type":"post","link":"https:\/\/agora.xtec.cat\/escgaspardeportola\/educacioinfantil\/les-infermeres-a-p-4\/","title":{"rendered":"Les INFERMERES a P-4."},"content":{"rendered":"<p>&nbsp;<\/p>\n<p style=\"text-align: justify;\">El <span style=\"color: #3366ff;\">dijous, 24<\/span> ens van visitar unes <span style=\"color: #ff00ff;\">INFERMERES<\/span>, \u00a0per tal d&#8217;aprofundir i tenir nous coneixements del Projecte que estem portant a terme.<\/p>\n<p style=\"text-align: justify;\">La <span style=\"color: #ff6600;\">KEYKO <span style=\"color: #000000;\">i la<\/span> MONTSE<\/span> van venir equipades amb les seves eines\u00a0 Ens van portar uns <span style=\"color: #339966;\"><span style=\"color: #99cc00;\">gorrets<\/span><span style=\"color: #000000;\"> i<\/span><span style=\"color: #99cc00;\"> mascaretes<\/span><\/span> per a tots, ens van medir, ens van ensenyar com curar i fer una bona revisi\u00f3. Nosaltres, ens hi vam sentir molt a gust, vam aprendre moltes coses noves i els volem donar les gr\u00e0cies perque ens van deixar materials pel nostre rac\u00f3 dels metges.<\/p>\n<p style=\"text-align: center;\">Moltes gr\u00e0cies infermeres KEYKO i MONTSE!.<\/p>\n<p style=\"text-align: center;\"><a href=\"https:\/\/photos.google.com\/u\/2\/share\/AF1QipN3NN2o4VsxRXwaD_I9v3ULO7dFpkg_x2HMUTeGkHtYusRKQ7h2GHNAlfeLrocsRw?key=UV96WFZCcEZnMzRUUGZOdzFrT05uLXlLM2NKM3hR\">Aqui ens\u00a0 podeu veure !<\/a><\/p>\n","protected":false},"excerpt":{"rendered":"<p>&nbsp; El dijous, 24 ens van visitar unes INFERMERES, \u00a0per tal d&#8217;aprofundir i tenir nous coneixements del Projecte que estem portant a terme. La KEYKO i la MONTSE van venir equipades amb les seves eines\u00a0 Ens van portar uns gorrets i mascaretes per a tots, ens van medir, ens van ensenyar com curar i fer [&hellip;]<\/p>\n","protected":false},"author":1,"featured_media":0,"comment_status":"closed","ping_status":"closed","sticky":false,"template":"","format":"standard","meta":{"_bbp_topic_count":0,"_bbp_reply_count":0,"_bbp_total_topic_count":0,"_bbp_total_reply_count":0,"_bbp_voice_count":0,"_bbp_anonymous_reply_count":0,"_bbp_topic_count_hidden":0,"_bbp_reply_count_hidden":0,"_bbp_forum_subforum_count":0,"site-sidebar-layout":"default","site-content-layout":"","ast-site-content-layout":"","site-content-style":"default","site-sidebar-style":"default","ast-global-header-display":"","ast-banner-title-visibility":"","ast-main-header-display":"","ast-hfb-above-header-display":"","ast-hfb-below-header-display":"","ast-hfb-mobile-header-display":"","site-post-title":"","ast-breadcrumbs-content":"","ast-featured-img":"","footer-sml-layout":"","theme-transparent-header-meta":"","adv-header-id-meta":"","stick-header-meta":"","header-above-stick-meta":"","header-main-stick-meta":"","header-below-stick-meta":"","astra-migrate-meta-layouts":"default","ast-page-background-enabled":"default","ast-page-background-meta":{"desktop":{"background-color":"var(--ast-global-color-4)","background-image":"","background-repeat":"repeat","background-position":"center center","background-size":"auto","background-attachment":"scroll","background-type":"","background-media":"","overlay-type":"","overlay-color":"","overlay-opacity":"","overlay-gradient":""},"tablet":{"background-color":"","background-image":"","background-repeat":"repeat","background-position":"center center","background-size":"auto","background-attachment":"scroll","background-type":"","background-media":"","overlay-type":"","overlay-color":"","overlay-opacity":"","overlay-gradient":""},"mobile":{"background-color":"","background-image":"","background-repeat":"repeat","background-position":"center center","background-size":"auto","background-attachment":"scroll","background-type":"","background-media":"","overlay-type":"","overlay-color":"","overlay-opacity":"","overlay-gradient":""}},"ast-content-background-meta":{"desktop":{"background-color":"var(--ast-global-color-5)","background-image":"","background-repeat":"repeat","background-position":"center center","background-size":"auto","background-attachment":"scroll","background-type":"","background-media":"","overlay-type":"","overlay-color":"","overlay-opacity":"","overlay-gradient":""},"tablet":{"background-color":"var(--ast-global-color-5)","background-image":"","background-repeat":"repeat","background-position":"center center","background-size":"auto","background-attachment":"scroll","background-type":"","background-media":"","overlay-type":"","overlay-color":"","overlay-opacity":"","overlay-gradient":""},"mobile":{"background-color":"var(--ast-global-color-5)","background-image":"","background-repeat":"repeat","background-position":"center center","background-size":"auto","background-attachment":"scroll","background-type":"","background-media":"","overlay-type":"","overlay-color":"","overlay-opacity":"","overlay-gradient":""}},"footnotes":""},"categories":[64],"tags":[323],"class_list":["post-4521","post","type-post","status-publish","format-standard","hentry","category-educacioinfantil","tag-p-4"],"post_mailing_queue_ids":[],"_links":{"self":[{"href":"https:\/\/agora.xtec.cat\/escgaspardeportola\/wp-json\/wp\/v2\/posts\/4521","targetHints":{"allow":["GET"]}}],"collection":[{"href":"https:\/\/agora.xtec.cat\/escgaspardeportola\/wp-json\/wp\/v2\/posts"}],"about":[{"href":"https:\/\/agora.xtec.cat\/escgaspardeportola\/wp-json\/wp\/v2\/types\/post"}],"author":[{"embeddable":true,"href":"https:\/\/agora.xtec.cat\/escgaspardeportola\/wp-json\/wp\/v2\/users\/1"}],"replies":[{"embeddable":true,"href":"https:\/\/agora.xtec.cat\/escgaspardeportola\/wp-json\/wp\/v2\/comments?post=4521"}],"version-history":[{"count":2,"href":"https:\/\/agora.xtec.cat\/escgaspardeportola\/wp-json\/wp\/v2\/posts\/4521\/revisions"}],"predecessor-version":[{"id":4524,"href":"https:\/\/agora.xtec.cat\/escgaspardeportola\/wp-json\/wp\/v2\/posts\/4521\/revisions\/4524"}],"wp:attachment":[{"href":"https:\/\/agora.xtec.cat\/escgaspardeportola\/wp-json\/wp\/v2\/media?parent=4521"}],"wp:term":[{"taxonomy":"category","embeddable":true,"href":"https:\/\/agora.xtec.cat\/escgaspardeportola\/wp-json\/wp\/v2\/categories?post=4521"},{"taxonomy":"post_tag","embeddable":true,"href":"https:\/\/agora.xtec.cat\/escgaspardeportola\/wp-json\/wp\/v2\/tags?post=4521"}],"curies":[{"name":"wp","href":"https:\/\/api.w.org\/{rel}","templated":true}]}}