{"id":4397,"date":"2019-10-17T10:19:09","date_gmt":"2019-10-17T08:19:09","guid":{"rendered":"http:\/\/agora.xtec.cat\/escgaspardeportola\/?p=4397"},"modified":"2019-10-17T10:19:09","modified_gmt":"2019-10-17T08:19:09","slug":"reunio-informativa-del-menjador-escolar","status":"publish","type":"post","link":"https:\/\/agora.xtec.cat\/escgaspardeportola\/portada\/reunio-informativa-del-menjador-escolar\/","title":{"rendered":"Reuni\u00f3 informativa del menjador escolar"},"content":{"rendered":"<p>Dimecres a la tarda s\u2019ha dut a terme la reuni\u00f3 informativa sobre el menjador escolar, a c\u00e0rrec de la Neus, coordinadora de Comertel a la comarca de La Noguera, l\u2019 \u00c0ngels coordinadora del menjador i la Miracle, la cuinera.<\/p>\n<p>Ens han explicat el funcionament i la din\u00e0mica del menjador: els nens entren per torns al menjador, comen\u00e7ant pels m\u00e9s petits, donat que hi ha\u00a0 molts nens que es queden a dinar (dos dies a la setmana son prop de 200 nens). A l\u2019hora de jugar al pati, hi ha un planning que en funci\u00f3 del\u00a0 curs i dia de la setmana, juguen en un lloc o altre. Que a cada trimestre, hi ha una jornada gastron\u00f2mica referent a un lloc del m\u00f3n. Tamb\u00e9 per la Castanyada, per Nadal, etc.. es fan manualitats i es decora el menjador.<\/p>\n<p>Pel que fa a les r\u00e0tios, que venen marcades per la normativa, ells tenen a infantil un monitor per cada 17 nens de P3, un monitor per cada 22 nens de P4 i P5, i\u00a0 Prim\u00e0ria un monitor cada 33 nens.<\/p>\n<p>Pel que fa al menjar, tot es cuina aqu\u00ed a l\u2019Escola. No hi ha res pre-cuinat.<\/p>\n<p>Des de Comertel, han posat de manifest les dificultats que tenen per tal de que els nens es mengin el peix i la fruita. Per\u00f2 si que fan que tots els nens provin tots els aliments, encara que en mengin poca quantitat.<\/p>\n<p>Tamb\u00e9 han explicat els diferents avisos que es fan, en cas d\u2019incid\u00e8ncia amb l\u2019alumne: un primer avis, es fa mitjan\u00e7ant nota en paper que els pares han de tornar signada, el segon av\u00eds es cita als pares, i al tercer av\u00eds es expulsi\u00f3 de l\u2019alumne uns dies, per\u00f2 que aquest extrem es dona molt pocs cops.<\/p>\n<p>Per part dels pares, s\u2019ha proposat la possibilitat d\u2019instaurar la rutina de rentar les dents despr\u00e9s de dinar (ara es decisi\u00f3 de cada nen), i segurament s\u2019intentar\u00e0 fer.<\/p>\n<p>Gr\u00e0cies a les tres representants de COMERTEL pel vostre temps, i a l\u2019assist\u00e8ncia de totes les fam\u00edlies interessades.<\/p>\n<p><img loading=\"lazy\" decoding=\"async\" class=\"alignleft  wp-image-4400\" src=\"https:\/\/agora.xtec.cat\/escgaspardeportola\/wp-content\/uploads\/usu555\/2019\/10\/logo.jpg\" alt=\"\" width=\"314\" height=\"100\" srcset=\"https:\/\/agora.xtec.cat\/escgaspardeportola\/wp-content\/uploads\/usu555\/2019\/10\/logo.jpg 975w, https:\/\/agora.xtec.cat\/escgaspardeportola\/wp-content\/uploads\/usu555\/2019\/10\/logo-300x96.jpg 300w, https:\/\/agora.xtec.cat\/escgaspardeportola\/wp-content\/uploads\/usu555\/2019\/10\/logo-768x245.jpg 768w\" sizes=\"auto, (max-width: 314px) 100vw, 314px\" \/><\/p>\n<p><img loading=\"lazy\" decoding=\"async\" class=\"alignleft size-large wp-image-4399\" src=\"https:\/\/agora.xtec.cat\/escgaspardeportola\/wp-content\/uploads\/usu555\/2019\/10\/IMG_9619-1024x768.jpg\" alt=\"\" width=\"1024\" height=\"768\" srcset=\"https:\/\/agora.xtec.cat\/escgaspardeportola\/wp-content\/uploads\/usu555\/2019\/10\/IMG_9619-1024x768.jpg 1024w, https:\/\/agora.xtec.cat\/escgaspardeportola\/wp-content\/uploads\/usu555\/2019\/10\/IMG_9619-300x225.jpg 300w, https:\/\/agora.xtec.cat\/escgaspardeportola\/wp-content\/uploads\/usu555\/2019\/10\/IMG_9619-768x576.jpg 768w, https:\/\/agora.xtec.cat\/escgaspardeportola\/wp-content\/uploads\/usu555\/2019\/10\/IMG_9619-200x150.jpg 200w, https:\/\/agora.xtec.cat\/escgaspardeportola\/wp-content\/uploads\/usu555\/2019\/10\/IMG_9619.jpg 2016w\" sizes=\"auto, (max-width: 1024px) 100vw, 1024px\" \/><\/p>\n","protected":false},"excerpt":{"rendered":"<p>Dimecres a la tarda s\u2019ha dut a terme la reuni\u00f3 informativa sobre el menjador escolar, a c\u00e0rrec de la Neus, coordinadora de Comertel a la comarca de La Noguera, l\u2019 \u00c0ngels coordinadora del menjador i la Miracle, la cuinera. Ens han explicat el funcionament i la din\u00e0mica del menjador: els nens entren per torns al [&hellip;]<\/p>\n","protected":false},"author":1,"featured_media":0,"comment_status":"closed","ping_status":"closed","sticky":false,"template":"","format":"standard","meta":{"_bbp_topic_count":0,"_bbp_reply_count":0,"_bbp_total_topic_count":0,"_bbp_total_reply_count":0,"_bbp_voice_count":0,"_bbp_anonymous_reply_count":0,"_bbp_topic_count_hidden":0,"_bbp_reply_count_hidden":0,"_bbp_forum_subforum_count":0,"site-sidebar-layout":"default","site-content-layout":"","ast-site-content-layout":"","site-content-style":"default","site-sidebar-style":"default","ast-global-header-display":"","ast-banner-title-visibility":"","ast-main-header-display":"","ast-hfb-above-header-display":"","ast-hfb-below-header-display":"","ast-hfb-mobile-header-display":"","site-post-title":"","ast-breadcrumbs-content":"","ast-featured-img":"","footer-sml-layout":"","theme-transparent-header-meta":"","adv-header-id-meta":"","stick-header-meta":"","header-above-stick-meta":"","header-main-stick-meta":"","header-below-stick-meta":"","astra-migrate-meta-layouts":"default","ast-page-background-enabled":"default","ast-page-background-meta":{"desktop":{"background-color":"var(--ast-global-color-4)","background-image":"","background-repeat":"repeat","background-position":"center center","background-size":"auto","background-attachment":"scroll","background-type":"","background-media":"","overlay-type":"","overlay-color":"","overlay-opacity":"","overlay-gradient":""},"tablet":{"background-color":"","background-image":"","background-repeat":"repeat","background-position":"center center","background-size":"auto","background-attachment":"scroll","background-type":"","background-media":"","overlay-type":"","overlay-color":"","overlay-opacity":"","overlay-gradient":""},"mobile":{"background-color":"","background-image":"","background-repeat":"repeat","background-position":"center center","background-size":"auto","background-attachment":"scroll","background-type":"","background-media":"","overlay-type":"","overlay-color":"","overlay-opacity":"","overlay-gradient":""}},"ast-content-background-meta":{"desktop":{"background-color":"var(--ast-global-color-5)","background-image":"","background-repeat":"repeat","background-position":"center center","background-size":"auto","background-attachment":"scroll","background-type":"","background-media":"","overlay-type":"","overlay-color":"","overlay-opacity":"","overlay-gradient":""},"tablet":{"background-color":"var(--ast-global-color-5)","background-image":"","background-repeat":"repeat","background-position":"center center","background-size":"auto","background-attachment":"scroll","background-type":"","background-media":"","overlay-type":"","overlay-color":"","overlay-opacity":"","overlay-gradient":""},"mobile":{"background-color":"var(--ast-global-color-5)","background-image":"","background-repeat":"repeat","background-position":"center center","background-size":"auto","background-attachment":"scroll","background-type":"","background-media":"","overlay-type":"","overlay-color":"","overlay-opacity":"","overlay-gradient":""}},"footnotes":""},"categories":[266,4],"tags":[],"class_list":["post-4397","post","type-post","status-publish","format-standard","hentry","category-afa","category-portada"],"post_mailing_queue_ids":[],"_links":{"self":[{"href":"https:\/\/agora.xtec.cat\/escgaspardeportola\/wp-json\/wp\/v2\/posts\/4397","targetHints":{"allow":["GET"]}}],"collection":[{"href":"https:\/\/agora.xtec.cat\/escgaspardeportola\/wp-json\/wp\/v2\/posts"}],"about":[{"href":"https:\/\/agora.xtec.cat\/escgaspardeportola\/wp-json\/wp\/v2\/types\/post"}],"author":[{"embeddable":true,"href":"https:\/\/agora.xtec.cat\/escgaspardeportola\/wp-json\/wp\/v2\/users\/1"}],"replies":[{"embeddable":true,"href":"https:\/\/agora.xtec.cat\/escgaspardeportola\/wp-json\/wp\/v2\/comments?post=4397"}],"version-history":[{"count":1,"href":"https:\/\/agora.xtec.cat\/escgaspardeportola\/wp-json\/wp\/v2\/posts\/4397\/revisions"}],"predecessor-version":[{"id":4401,"href":"https:\/\/agora.xtec.cat\/escgaspardeportola\/wp-json\/wp\/v2\/posts\/4397\/revisions\/4401"}],"wp:attachment":[{"href":"https:\/\/agora.xtec.cat\/escgaspardeportola\/wp-json\/wp\/v2\/media?parent=4397"}],"wp:term":[{"taxonomy":"category","embeddable":true,"href":"https:\/\/agora.xtec.cat\/escgaspardeportola\/wp-json\/wp\/v2\/categories?post=4397"},{"taxonomy":"post_tag","embeddable":true,"href":"https:\/\/agora.xtec.cat\/escgaspardeportola\/wp-json\/wp\/v2\/tags?post=4397"}],"curies":[{"name":"wp","href":"https:\/\/api.w.org\/{rel}","templated":true}]}}