{"id":4282,"date":"2019-09-22T13:34:07","date_gmt":"2019-09-22T11:34:07","guid":{"rendered":"http:\/\/agora.xtec.cat\/escgaspardeportola\/?p=4282"},"modified":"2019-09-22T13:34:07","modified_gmt":"2019-09-22T11:34:07","slug":"reunions-dinici-de-curs","status":"publish","type":"post","link":"https:\/\/agora.xtec.cat\/escgaspardeportola\/portada\/reunions-dinici-de-curs\/","title":{"rendered":"Reunions d&#8217;inici de curs"},"content":{"rendered":"<p>Benvolgudes fam\u00edlies,<\/p>\n<p>Un cop iniciat el curs escolar, \u00e9s un bon moment per trobar-nos i fer una reuni\u00f3 tots plegats.\u00a0 Us convidem a les reunions d\u2019inici de curs de pares i mares a fi de tenir un primer contacte i informar-vos de la din\u00e0mica i funcionament dels diferents nivells per part de l\u2019equip de mestres de cada cicle i dels projectes previstos d\u2019aplicar aquest curs. Donada la import\u00e0ncia de la vostra col\u00b7laboraci\u00f3 en els nostres projectes d\u2019aula i escola esperem la vostra assist\u00e8ncia.<\/p>\n<p>Gr\u00e0cies,<\/p>\n<p><strong><u>Reunions d\u2019inici de curs<\/u><\/strong><strong>:<\/strong><\/p>\n<ul>\n<li><strong>P4-P5:\u00a0<\/strong>dia 25\/09\/19 a les\u00a0 16:45 h. Aules de P4A i P5A<\/li>\n<li><strong>1r i 2n: <\/strong>dia 3\/10\/19\u00a0 a les\u00a0 16:45 h. Aules de 1r i 2n<\/li>\n<li><strong>3r i 4rt: <\/strong>dia 24\/09\/19 a les\u00a0 16:45 h. Aules de 3B i 4A<\/li>\n<li><strong>5\u00e8 i 6\u00e8: <\/strong>dia 1\/10\/19\u00a0 a les \u00a016:45 h Aula de ci\u00e8ncies.<\/li>\n<\/ul>\n<p><img loading=\"lazy\" decoding=\"async\" class=\"size-full wp-image-4283 aligncenter\" src=\"https:\/\/agora.xtec.cat\/escgaspardeportola\/wp-content\/uploads\/usu555\/2019\/09\/reunio.png\" alt=\"\" width=\"610\" height=\"279\" srcset=\"https:\/\/agora.xtec.cat\/escgaspardeportola\/wp-content\/uploads\/usu555\/2019\/09\/reunio.png 610w, https:\/\/agora.xtec.cat\/escgaspardeportola\/wp-content\/uploads\/usu555\/2019\/09\/reunio-300x137.png 300w\" sizes=\"auto, (max-width: 610px) 100vw, 610px\" \/><\/p>\n","protected":false},"excerpt":{"rendered":"<p>Benvolgudes fam\u00edlies, Un cop iniciat el curs escolar, \u00e9s un bon moment per trobar-nos i fer una reuni\u00f3 tots plegats.\u00a0 Us convidem a les reunions d\u2019inici de curs de pares i mares a fi de tenir un primer contacte i informar-vos de la din\u00e0mica i funcionament dels diferents nivells per part de l\u2019equip de mestres [&hellip;]<\/p>\n","protected":false},"author":1,"featured_media":0,"comment_status":"closed","ping_status":"closed","sticky":false,"template":"","format":"standard","meta":{"_bbp_topic_count":0,"_bbp_reply_count":0,"_bbp_total_topic_count":0,"_bbp_total_reply_count":0,"_bbp_voice_count":0,"_bbp_anonymous_reply_count":0,"_bbp_topic_count_hidden":0,"_bbp_reply_count_hidden":0,"_bbp_forum_subforum_count":0,"site-sidebar-layout":"default","site-content-layout":"","ast-site-content-layout":"","site-content-style":"default","site-sidebar-style":"default","ast-global-header-display":"","ast-banner-title-visibility":"","ast-main-header-display":"","ast-hfb-above-header-display":"","ast-hfb-below-header-display":"","ast-hfb-mobile-header-display":"","site-post-title":"","ast-breadcrumbs-content":"","ast-featured-img":"","footer-sml-layout":"","theme-transparent-header-meta":"","adv-header-id-meta":"","stick-header-meta":"","header-above-stick-meta":"","header-main-stick-meta":"","header-below-stick-meta":"","astra-migrate-meta-layouts":"default","ast-page-background-enabled":"default","ast-page-background-meta":{"desktop":{"background-color":"var(--ast-global-color-4)","background-image":"","background-repeat":"repeat","background-position":"center center","background-size":"auto","background-attachment":"scroll","background-type":"","background-media":"","overlay-type":"","overlay-color":"","overlay-opacity":"","overlay-gradient":""},"tablet":{"background-color":"","background-image":"","background-repeat":"repeat","background-position":"center center","background-size":"auto","background-attachment":"scroll","background-type":"","background-media":"","overlay-type":"","overlay-color":"","overlay-opacity":"","overlay-gradient":""},"mobile":{"background-color":"","background-image":"","background-repeat":"repeat","background-position":"center center","background-size":"auto","background-attachment":"scroll","background-type":"","background-media":"","overlay-type":"","overlay-color":"","overlay-opacity":"","overlay-gradient":""}},"ast-content-background-meta":{"desktop":{"background-color":"var(--ast-global-color-5)","background-image":"","background-repeat":"repeat","background-position":"center center","background-size":"auto","background-attachment":"scroll","background-type":"","background-media":"","overlay-type":"","overlay-color":"","overlay-opacity":"","overlay-gradient":""},"tablet":{"background-color":"var(--ast-global-color-5)","background-image":"","background-repeat":"repeat","background-position":"center center","background-size":"auto","background-attachment":"scroll","background-type":"","background-media":"","overlay-type":"","overlay-color":"","overlay-opacity":"","overlay-gradient":""},"mobile":{"background-color":"var(--ast-global-color-5)","background-image":"","background-repeat":"repeat","background-position":"center center","background-size":"auto","background-attachment":"scroll","background-type":"","background-media":"","overlay-type":"","overlay-color":"","overlay-opacity":"","overlay-gradient":""}},"footnotes":""},"categories":[4],"tags":[],"class_list":["post-4282","post","type-post","status-publish","format-standard","hentry","category-portada"],"post_mailing_queue_ids":[],"_links":{"self":[{"href":"https:\/\/agora.xtec.cat\/escgaspardeportola\/wp-json\/wp\/v2\/posts\/4282","targetHints":{"allow":["GET"]}}],"collection":[{"href":"https:\/\/agora.xtec.cat\/escgaspardeportola\/wp-json\/wp\/v2\/posts"}],"about":[{"href":"https:\/\/agora.xtec.cat\/escgaspardeportola\/wp-json\/wp\/v2\/types\/post"}],"author":[{"embeddable":true,"href":"https:\/\/agora.xtec.cat\/escgaspardeportola\/wp-json\/wp\/v2\/users\/1"}],"replies":[{"embeddable":true,"href":"https:\/\/agora.xtec.cat\/escgaspardeportola\/wp-json\/wp\/v2\/comments?post=4282"}],"version-history":[{"count":1,"href":"https:\/\/agora.xtec.cat\/escgaspardeportola\/wp-json\/wp\/v2\/posts\/4282\/revisions"}],"predecessor-version":[{"id":4284,"href":"https:\/\/agora.xtec.cat\/escgaspardeportola\/wp-json\/wp\/v2\/posts\/4282\/revisions\/4284"}],"wp:attachment":[{"href":"https:\/\/agora.xtec.cat\/escgaspardeportola\/wp-json\/wp\/v2\/media?parent=4282"}],"wp:term":[{"taxonomy":"category","embeddable":true,"href":"https:\/\/agora.xtec.cat\/escgaspardeportola\/wp-json\/wp\/v2\/categories?post=4282"},{"taxonomy":"post_tag","embeddable":true,"href":"https:\/\/agora.xtec.cat\/escgaspardeportola\/wp-json\/wp\/v2\/tags?post=4282"}],"curies":[{"name":"wp","href":"https:\/\/api.w.org\/{rel}","templated":true}]}}