{"id":4223,"date":"2019-06-28T09:42:54","date_gmt":"2019-06-28T07:42:54","guid":{"rendered":"http:\/\/agora.xtec.cat\/escgaspardeportola\/?p=4223"},"modified":"2019-07-18T15:55:54","modified_gmt":"2019-07-18T13:55:54","slug":"jubilacio-antoni-balasch-i-teresa-farre","status":"publish","type":"post","link":"https:\/\/agora.xtec.cat\/escgaspardeportola\/general\/jubilacio-antoni-balasch-i-teresa-farre\/","title":{"rendered":"Jubilaci\u00f3 Antoni Balasch i Teresa Farr\u00e9"},"content":{"rendered":"<p>El divendres tamb\u00e9 vam dir ad\u00e9u, aquest cop, a dos mestres que durant molts anys han estat a l\u2019escola. La Sra. Teresa Farr\u00e9 i el Sr. Antoni Balasch. Amb l\u2019espectacle \u201cFer de mestre\u201d els nens i nenes de P5, 2n, 4t i 5\u00e8 van obsequiar-los amb diferents actuacions finalitzant els propis mestres el popular ball de bastons.<\/p>\n<p>En la jornada ens va acompanyar el Sr. Paer en cap Jordi Ignasi Vidal, la regidora d\u2019Educaci\u00f3 Gemma Vilarasau, representants de l\u2019AMPA i la presidenta dels serveis educatius Merc\u00e8 Plens. Gr\u00e0cies a tots i als exprofessors i familiars que ens vau acompanyar.<\/p>\n<p><a href=\"https:\/\/photos.google.com\/u\/1\/share\/AF1QipM1UjfBN4D_LsojE49OmxvkiHT7WBQXd-7WIBIgotIwOSL2_kCtVp-cexgumRyCwg?key=T2R6TkszTi16WU5ZN0tDOVpkT2dQcHU4VlAxaWRB\"><img loading=\"lazy\" decoding=\"async\" class=\"alignnone size-large\" src=\"https:\/\/lh3.googleusercontent.com\/wwngXrI2VVHCAvcUYoYVQ27DozqcWnxSdvrnE_y0_xGp3vfFNKl5zjWuwZrAuvT--3LuoLXoKG6a7TAAoNlQbcEiHk2izPOHjYYjI40HFvog662C3nFDQpYGCr_MdouOzkp4jFkQb1GwB8w_9U26P_oc_znoArbCdQ9So2UcYL3DTjYASJYCdy4URu9vKkBppwKDnth-OaYeZHvg442fshXO8N2lObDTZUbu_i-N72kfLN30MpVh0O7zbzZ9LQGb7VDhwh282zADQZIII9qzUKtg1D5U6gevITy0UN76EEJr5OSolyWl4bH3hsatzL1bjJZoQ8e5gC-p5Diw6eUYeTHFNtdzZd2dz87wUCzJGTGu7knfbmiEdjAvlj9DSj3WHKMLnLdCvb-DW-98zfQvAiKMy1CGr33wfMlnMvXdyDZ5qffOpTO5CbftGInox1NTUeWnBouPfDrgmYFMwtfdbID1sW03mpbXAf6CxosUNwqxCZy6A_uAUrzfgkJAVYKrT8wORAgbasDttwDy0DBA7wfmls0F8QZAGJE1wFIB9uoFTWVaDXU13j5zRvRwJr5MD8EmLVCIUtGNHqwnMkCugrTuvJWVaGXM_sbXL7bTqsSIZbNwZlJmxvCQ-a3ZKnLWeBG5JtuIf9uuoZQL60Zb0-xHWJoUKCI=w1002-h751-no\" width=\"1001\" height=\"751\" \/><\/a><\/p>\n<p>Feu clic per a veure les imatges<\/p>\n","protected":false},"excerpt":{"rendered":"<p>El divendres tamb\u00e9 vam dir ad\u00e9u, aquest cop, a dos mestres que durant molts anys han estat a l\u2019escola. La Sra. Teresa Farr\u00e9 i el Sr. Antoni Balasch. Amb l\u2019espectacle \u201cFer de mestre\u201d els nens i nenes de P5, 2n, 4t i 5\u00e8 van obsequiar-los amb diferents actuacions finalitzant els propis mestres el popular ball [&hellip;]<\/p>\n","protected":false},"author":1,"featured_media":0,"comment_status":"closed","ping_status":"closed","sticky":false,"template":"","format":"standard","meta":{"_bbp_topic_count":0,"_bbp_reply_count":0,"_bbp_total_topic_count":0,"_bbp_total_reply_count":0,"_bbp_voice_count":0,"_bbp_anonymous_reply_count":0,"_bbp_topic_count_hidden":0,"_bbp_reply_count_hidden":0,"_bbp_forum_subforum_count":0,"site-sidebar-layout":"default","site-content-layout":"","ast-site-content-layout":"","site-content-style":"default","site-sidebar-style":"default","ast-global-header-display":"","ast-banner-title-visibility":"","ast-main-header-display":"","ast-hfb-above-header-display":"","ast-hfb-below-header-display":"","ast-hfb-mobile-header-display":"","site-post-title":"","ast-breadcrumbs-content":"","ast-featured-img":"","footer-sml-layout":"","theme-transparent-header-meta":"","adv-header-id-meta":"","stick-header-meta":"","header-above-stick-meta":"","header-main-stick-meta":"","header-below-stick-meta":"","astra-migrate-meta-layouts":"default","ast-page-background-enabled":"default","ast-page-background-meta":{"desktop":{"background-color":"var(--ast-global-color-4)","background-image":"","background-repeat":"repeat","background-position":"center center","background-size":"auto","background-attachment":"scroll","background-type":"","background-media":"","overlay-type":"","overlay-color":"","overlay-opacity":"","overlay-gradient":""},"tablet":{"background-color":"","background-image":"","background-repeat":"repeat","background-position":"center center","background-size":"auto","background-attachment":"scroll","background-type":"","background-media":"","overlay-type":"","overlay-color":"","overlay-opacity":"","overlay-gradient":""},"mobile":{"background-color":"","background-image":"","background-repeat":"repeat","background-position":"center center","background-size":"auto","background-attachment":"scroll","background-type":"","background-media":"","overlay-type":"","overlay-color":"","overlay-opacity":"","overlay-gradient":""}},"ast-content-background-meta":{"desktop":{"background-color":"var(--ast-global-color-5)","background-image":"","background-repeat":"repeat","background-position":"center center","background-size":"auto","background-attachment":"scroll","background-type":"","background-media":"","overlay-type":"","overlay-color":"","overlay-opacity":"","overlay-gradient":""},"tablet":{"background-color":"var(--ast-global-color-5)","background-image":"","background-repeat":"repeat","background-position":"center center","background-size":"auto","background-attachment":"scroll","background-type":"","background-media":"","overlay-type":"","overlay-color":"","overlay-opacity":"","overlay-gradient":""},"mobile":{"background-color":"var(--ast-global-color-5)","background-image":"","background-repeat":"repeat","background-position":"center center","background-size":"auto","background-attachment":"scroll","background-type":"","background-media":"","overlay-type":"","overlay-color":"","overlay-opacity":"","overlay-gradient":""}},"footnotes":""},"categories":[1,4],"tags":[],"class_list":["post-4223","post","type-post","status-publish","format-standard","hentry","category-general","category-portada"],"post_mailing_queue_ids":[],"_links":{"self":[{"href":"https:\/\/agora.xtec.cat\/escgaspardeportola\/wp-json\/wp\/v2\/posts\/4223","targetHints":{"allow":["GET"]}}],"collection":[{"href":"https:\/\/agora.xtec.cat\/escgaspardeportola\/wp-json\/wp\/v2\/posts"}],"about":[{"href":"https:\/\/agora.xtec.cat\/escgaspardeportola\/wp-json\/wp\/v2\/types\/post"}],"author":[{"embeddable":true,"href":"https:\/\/agora.xtec.cat\/escgaspardeportola\/wp-json\/wp\/v2\/users\/1"}],"replies":[{"embeddable":true,"href":"https:\/\/agora.xtec.cat\/escgaspardeportola\/wp-json\/wp\/v2\/comments?post=4223"}],"version-history":[{"count":2,"href":"https:\/\/agora.xtec.cat\/escgaspardeportola\/wp-json\/wp\/v2\/posts\/4223\/revisions"}],"predecessor-version":[{"id":4235,"href":"https:\/\/agora.xtec.cat\/escgaspardeportola\/wp-json\/wp\/v2\/posts\/4223\/revisions\/4235"}],"wp:attachment":[{"href":"https:\/\/agora.xtec.cat\/escgaspardeportola\/wp-json\/wp\/v2\/media?parent=4223"}],"wp:term":[{"taxonomy":"category","embeddable":true,"href":"https:\/\/agora.xtec.cat\/escgaspardeportola\/wp-json\/wp\/v2\/categories?post=4223"},{"taxonomy":"post_tag","embeddable":true,"href":"https:\/\/agora.xtec.cat\/escgaspardeportola\/wp-json\/wp\/v2\/tags?post=4223"}],"curies":[{"name":"wp","href":"https:\/\/api.w.org\/{rel}","templated":true}]}}