{"id":4188,"date":"2019-06-15T16:40:22","date_gmt":"2019-06-15T14:40:22","guid":{"rendered":"http:\/\/agora.xtec.cat\/escgaspardeportola\/?p=4188"},"modified":"2019-06-15T16:40:22","modified_gmt":"2019-06-15T14:40:22","slug":"festa-major-escola-1a-part","status":"publish","type":"post","link":"https:\/\/agora.xtec.cat\/escgaspardeportola\/portada\/festa-major-escola-1a-part\/","title":{"rendered":"Festa Major escola! 1a part!"},"content":{"rendered":"<p>Aquest mat\u00ed hem celebrat la primera part de la festa major de l\u2019escola. Han estat molts els preparatius d\u2019\u00faltima hora i estem molt contents de la vostra pres\u00e8ncia durant aquest mat\u00ed. A les 11:00 h s&#8217;han iniciat els jocs preparats per les monitores de l\u2019esplai, moltes gr\u00e0cies \u00a0pels vostres jocs! A les 12:30h finalment ha arribat la gran diversi\u00f3 amb l&#8217;escuma!!!<\/p>\n<p>Us esperem aquesta tarda, a partir de les 18:30h estar\u00e0 oberta l\u2019exposici\u00f3 de manualitats fins al tard i a les 19:00 h gaudirem de l\u2019espectacle Big van ci\u00e8ncia, seguirem amb el sopar, ball i el sorteig de regals!!!!<\/p>\n<p>Bona Festa Major Gaspar 2019!<\/p>\n<p>Junta de l\u2019AMPA<\/p>\n<p><a href=\"https:\/\/photos.google.com\/u\/4\/share\/AF1QipNkfXu-7qQ79kjxkj3YizatN5s3j0XKWPPhuG2lr1Y9xQ3dXY4Iazb_2wUle_jpWw?key=ekxUUFE1aGxzdjBKYzNwR2RDajI0UHFUc0pDbEp3\"><img loading=\"lazy\" decoding=\"async\" class=\"alignnone size-large\" src=\"https:\/\/lh3.googleusercontent.com\/TkjAviL-476gGi0CUblua_jmnOWn_oZ5Stw4if2JZkwPiH5d7DD8UXCY-omH7XRQtOXhOdBdpHjXgOHsNAH9GM3lqXkk3tNkYb0w1oiKob4Ymyj3sSdOQOzW1Csw3xD-i5VgtM9K77SogsUr9EYJW1ioZz6WBCFOzCRGdHFcveoVQFAPAy54ubAWXlMAmm61-P81Z4h4UANKf3X6RBGpD3MZJjhzyu70NkOuTEbBFSfxNuusbih8iGgZNK8FM-P1KzP55KL3Yqgw_KbkGHCFEIHJuhYyZ1sVd7xByGqSJdy-4yDQJDpHzDaD_hsUq-jMJIRmYC0Kk4wAnb9MPuVYCT7P5vHmEoYEu1s3k19zOqhgsTKmpAsUfS3C6_UtjfMvLPL5HZsihDTJJh5LaDveNEhPGVxDk7GJhXXc_IRbRD_hQIQ7r7F52G_e3KUoSEsL0BdLMY6YK4DolFmylcs5QTUbQh9uAEh1QVH0o29fMnaZxxwYDIlwtjHwZdm8AucQdxb9bjDKEAjgSEqjhzUK0gWwZqcA1VozmSVB5tw0hbeS4NMPnRMKaurMb-7mmnEZ2J3J_Gocfqp-ghU2uPoggVNegkDX4y6USU5wnjxiio7kHR14m4r3WxQF2AX7s7uLPJUrSAh0_h0jQqkgb9iwxs-XBZmjsh8FDTOhkm0CJ0jAIAJF_Vbr59uZ_-vz6bzLcq1Y9VqcOS3aiVYoD8Gao7hD=w1002-h751-no\" width=\"1001\" height=\"751\" \/><\/a><\/p>\n<p>Feu clic a la imatge per a veure m\u00e9s fotografies<\/p>\n","protected":false},"excerpt":{"rendered":"<p>Aquest mat\u00ed hem celebrat la primera part de la festa major de l\u2019escola. Han estat molts els preparatius d\u2019\u00faltima hora i estem molt contents de la vostra pres\u00e8ncia durant aquest mat\u00ed. A les 11:00 h s&#8217;han iniciat els jocs preparats per les monitores de l\u2019esplai, moltes gr\u00e0cies \u00a0pels vostres jocs! A les 12:30h finalment ha [&hellip;]<\/p>\n","protected":false},"author":1,"featured_media":0,"comment_status":"closed","ping_status":"closed","sticky":false,"template":"","format":"standard","meta":{"_bbp_topic_count":0,"_bbp_reply_count":0,"_bbp_total_topic_count":0,"_bbp_total_reply_count":0,"_bbp_voice_count":0,"_bbp_anonymous_reply_count":0,"_bbp_topic_count_hidden":0,"_bbp_reply_count_hidden":0,"_bbp_forum_subforum_count":0,"site-sidebar-layout":"default","site-content-layout":"","ast-site-content-layout":"","site-content-style":"default","site-sidebar-style":"default","ast-global-header-display":"","ast-banner-title-visibility":"","ast-main-header-display":"","ast-hfb-above-header-display":"","ast-hfb-below-header-display":"","ast-hfb-mobile-header-display":"","site-post-title":"","ast-breadcrumbs-content":"","ast-featured-img":"","footer-sml-layout":"","theme-transparent-header-meta":"","adv-header-id-meta":"","stick-header-meta":"","header-above-stick-meta":"","header-main-stick-meta":"","header-below-stick-meta":"","astra-migrate-meta-layouts":"default","ast-page-background-enabled":"default","ast-page-background-meta":{"desktop":{"background-color":"var(--ast-global-color-4)","background-image":"","background-repeat":"repeat","background-position":"center center","background-size":"auto","background-attachment":"scroll","background-type":"","background-media":"","overlay-type":"","overlay-color":"","overlay-opacity":"","overlay-gradient":""},"tablet":{"background-color":"","background-image":"","background-repeat":"repeat","background-position":"center center","background-size":"auto","background-attachment":"scroll","background-type":"","background-media":"","overlay-type":"","overlay-color":"","overlay-opacity":"","overlay-gradient":""},"mobile":{"background-color":"","background-image":"","background-repeat":"repeat","background-position":"center center","background-size":"auto","background-attachment":"scroll","background-type":"","background-media":"","overlay-type":"","overlay-color":"","overlay-opacity":"","overlay-gradient":""}},"ast-content-background-meta":{"desktop":{"background-color":"var(--ast-global-color-5)","background-image":"","background-repeat":"repeat","background-position":"center center","background-size":"auto","background-attachment":"scroll","background-type":"","background-media":"","overlay-type":"","overlay-color":"","overlay-opacity":"","overlay-gradient":""},"tablet":{"background-color":"var(--ast-global-color-5)","background-image":"","background-repeat":"repeat","background-position":"center center","background-size":"auto","background-attachment":"scroll","background-type":"","background-media":"","overlay-type":"","overlay-color":"","overlay-opacity":"","overlay-gradient":""},"mobile":{"background-color":"var(--ast-global-color-5)","background-image":"","background-repeat":"repeat","background-position":"center center","background-size":"auto","background-attachment":"scroll","background-type":"","background-media":"","overlay-type":"","overlay-color":"","overlay-opacity":"","overlay-gradient":""}},"footnotes":""},"categories":[266,4],"tags":[],"class_list":["post-4188","post","type-post","status-publish","format-standard","hentry","category-afa","category-portada"],"post_mailing_queue_ids":[],"_links":{"self":[{"href":"https:\/\/agora.xtec.cat\/escgaspardeportola\/wp-json\/wp\/v2\/posts\/4188","targetHints":{"allow":["GET"]}}],"collection":[{"href":"https:\/\/agora.xtec.cat\/escgaspardeportola\/wp-json\/wp\/v2\/posts"}],"about":[{"href":"https:\/\/agora.xtec.cat\/escgaspardeportola\/wp-json\/wp\/v2\/types\/post"}],"author":[{"embeddable":true,"href":"https:\/\/agora.xtec.cat\/escgaspardeportola\/wp-json\/wp\/v2\/users\/1"}],"replies":[{"embeddable":true,"href":"https:\/\/agora.xtec.cat\/escgaspardeportola\/wp-json\/wp\/v2\/comments?post=4188"}],"version-history":[{"count":1,"href":"https:\/\/agora.xtec.cat\/escgaspardeportola\/wp-json\/wp\/v2\/posts\/4188\/revisions"}],"predecessor-version":[{"id":4189,"href":"https:\/\/agora.xtec.cat\/escgaspardeportola\/wp-json\/wp\/v2\/posts\/4188\/revisions\/4189"}],"wp:attachment":[{"href":"https:\/\/agora.xtec.cat\/escgaspardeportola\/wp-json\/wp\/v2\/media?parent=4188"}],"wp:term":[{"taxonomy":"category","embeddable":true,"href":"https:\/\/agora.xtec.cat\/escgaspardeportola\/wp-json\/wp\/v2\/categories?post=4188"},{"taxonomy":"post_tag","embeddable":true,"href":"https:\/\/agora.xtec.cat\/escgaspardeportola\/wp-json\/wp\/v2\/tags?post=4188"}],"curies":[{"name":"wp","href":"https:\/\/api.w.org\/{rel}","templated":true}]}}