{"id":4001,"date":"2019-05-12T15:55:25","date_gmt":"2019-05-12T13:55:25","guid":{"rendered":"http:\/\/agora.xtec.cat\/escgaspardeportola\/?p=4001"},"modified":"2019-05-13T19:10:05","modified_gmt":"2019-05-13T17:10:05","slug":"els-de-p-5-visitem-el-projecte-planta","status":"publish","type":"post","link":"https:\/\/agora.xtec.cat\/escgaspardeportola\/general\/els-de-p-5-visitem-el-projecte-planta\/","title":{"rendered":"Els de P-5 VISITEM el PROJECTE PLANTA."},"content":{"rendered":"<p style=\"text-align: center;\"><span style=\"color: #3366ff;\"><strong>P-5 \u00a0\u00a0VISITEM \u00a0\u00a0EL \u00a0\u00a0PROJECTE \u00a0\u00a0PLANTA .<\/strong><\/span><\/p>\n<p style=\"text-align: justify;\">Dimecres passat,\u00a0 els alumnes de P-5 vam\u00a0 anar fins a Menarguens, per\u00a0 visitar\u00a0 la instal.laci\u00f3\u00a0 <span style=\"color: #0000ff;\">\u201c<strong>Double Bind\u201d<\/strong><\/span>, de l\u2019artista <span style=\"color: #3366ff;\"><strong>JUAN MU\u00d1OZ<\/strong><\/span> (1953-2001) al\u00a0 <strong><span style=\"color: #339966;\">Projecte PLANTA<\/span><\/strong>, impulsat per la<span style=\"color: #ff9900;\">\u00a0<strong>FUNDACI\u00d3<\/strong>\u00a0<strong>SORIGU\u00c9.<\/strong><\/span><\/p>\n<p style=\"text-align: justify;\">Vam\u00a0 estar en un espai nou, ample, modern i desconegut per nosaltres\u00a0 on el <strong>Nigel, el nostre gu\u00eda<\/strong>, ens ho ha explicat d\u2019all\u00f2 m\u00e9s b\u00e9 \u00a0i ens va fer reflexionar sobre aquesta obra contempor\u00e0nea i innovadora que tenim aqu\u00ed al costat de casa.<\/p>\n<p style=\"text-align: center;\">Si voleu veure les fotos , cliqueu <a href=\"https:\/\/photos.google.com\/u\/2\/share\/AF1QipMkE8Jz6ct0rkW--SsLmX1HtfODJygx_7aj0kAkkLGJT8SOFzTy9hKoL544P2vTjA?key=V2xnMk91NjNFS2FLZ0x1OXM1NDQ3YmVmZXN4Q1JR\"><span style=\"color: #ff00ff;\">AQUI.<\/span><\/a><\/p>\n","protected":false},"excerpt":{"rendered":"<p>P-5 \u00a0\u00a0VISITEM \u00a0\u00a0EL \u00a0\u00a0PROJECTE \u00a0\u00a0PLANTA . Dimecres passat,\u00a0 els alumnes de P-5 vam\u00a0 anar fins a Menarguens, per\u00a0 visitar\u00a0 la instal.laci\u00f3\u00a0 \u201cDouble Bind\u201d, de l\u2019artista JUAN MU\u00d1OZ (1953-2001) al\u00a0 Projecte PLANTA, impulsat per la\u00a0FUNDACI\u00d3\u00a0SORIGU\u00c9. Vam\u00a0 estar en un espai nou, ample, modern i desconegut per nosaltres\u00a0 on el Nigel, el nostre gu\u00eda, ens ho ha [&hellip;]<\/p>\n","protected":false},"author":1,"featured_media":0,"comment_status":"closed","ping_status":"closed","sticky":false,"template":"","format":"standard","meta":{"_bbp_topic_count":0,"_bbp_reply_count":0,"_bbp_total_topic_count":0,"_bbp_total_reply_count":0,"_bbp_voice_count":0,"_bbp_anonymous_reply_count":0,"_bbp_topic_count_hidden":0,"_bbp_reply_count_hidden":0,"_bbp_forum_subforum_count":0,"site-sidebar-layout":"default","site-content-layout":"","ast-site-content-layout":"","site-content-style":"default","site-sidebar-style":"default","ast-global-header-display":"","ast-banner-title-visibility":"","ast-main-header-display":"","ast-hfb-above-header-display":"","ast-hfb-below-header-display":"","ast-hfb-mobile-header-display":"","site-post-title":"","ast-breadcrumbs-content":"","ast-featured-img":"","footer-sml-layout":"","theme-transparent-header-meta":"","adv-header-id-meta":"","stick-header-meta":"","header-above-stick-meta":"","header-main-stick-meta":"","header-below-stick-meta":"","astra-migrate-meta-layouts":"default","ast-page-background-enabled":"default","ast-page-background-meta":{"desktop":{"background-color":"var(--ast-global-color-4)","background-image":"","background-repeat":"repeat","background-position":"center center","background-size":"auto","background-attachment":"scroll","background-type":"","background-media":"","overlay-type":"","overlay-color":"","overlay-opacity":"","overlay-gradient":""},"tablet":{"background-color":"","background-image":"","background-repeat":"repeat","background-position":"center center","background-size":"auto","background-attachment":"scroll","background-type":"","background-media":"","overlay-type":"","overlay-color":"","overlay-opacity":"","overlay-gradient":""},"mobile":{"background-color":"","background-image":"","background-repeat":"repeat","background-position":"center center","background-size":"auto","background-attachment":"scroll","background-type":"","background-media":"","overlay-type":"","overlay-color":"","overlay-opacity":"","overlay-gradient":""}},"ast-content-background-meta":{"desktop":{"background-color":"var(--ast-global-color-5)","background-image":"","background-repeat":"repeat","background-position":"center center","background-size":"auto","background-attachment":"scroll","background-type":"","background-media":"","overlay-type":"","overlay-color":"","overlay-opacity":"","overlay-gradient":""},"tablet":{"background-color":"var(--ast-global-color-5)","background-image":"","background-repeat":"repeat","background-position":"center center","background-size":"auto","background-attachment":"scroll","background-type":"","background-media":"","overlay-type":"","overlay-color":"","overlay-opacity":"","overlay-gradient":""},"mobile":{"background-color":"var(--ast-global-color-5)","background-image":"","background-repeat":"repeat","background-position":"center center","background-size":"auto","background-attachment":"scroll","background-type":"","background-media":"","overlay-type":"","overlay-color":"","overlay-opacity":"","overlay-gradient":""}},"footnotes":""},"categories":[64,1],"tags":[271],"class_list":["post-4001","post","type-post","status-publish","format-standard","hentry","category-educacioinfantil","category-general","tag-p-5"],"post_mailing_queue_ids":[],"_links":{"self":[{"href":"https:\/\/agora.xtec.cat\/escgaspardeportola\/wp-json\/wp\/v2\/posts\/4001","targetHints":{"allow":["GET"]}}],"collection":[{"href":"https:\/\/agora.xtec.cat\/escgaspardeportola\/wp-json\/wp\/v2\/posts"}],"about":[{"href":"https:\/\/agora.xtec.cat\/escgaspardeportola\/wp-json\/wp\/v2\/types\/post"}],"author":[{"embeddable":true,"href":"https:\/\/agora.xtec.cat\/escgaspardeportola\/wp-json\/wp\/v2\/users\/1"}],"replies":[{"embeddable":true,"href":"https:\/\/agora.xtec.cat\/escgaspardeportola\/wp-json\/wp\/v2\/comments?post=4001"}],"version-history":[{"count":3,"href":"https:\/\/agora.xtec.cat\/escgaspardeportola\/wp-json\/wp\/v2\/posts\/4001\/revisions"}],"predecessor-version":[{"id":4006,"href":"https:\/\/agora.xtec.cat\/escgaspardeportola\/wp-json\/wp\/v2\/posts\/4001\/revisions\/4006"}],"wp:attachment":[{"href":"https:\/\/agora.xtec.cat\/escgaspardeportola\/wp-json\/wp\/v2\/media?parent=4001"}],"wp:term":[{"taxonomy":"category","embeddable":true,"href":"https:\/\/agora.xtec.cat\/escgaspardeportola\/wp-json\/wp\/v2\/categories?post=4001"},{"taxonomy":"post_tag","embeddable":true,"href":"https:\/\/agora.xtec.cat\/escgaspardeportola\/wp-json\/wp\/v2\/tags?post=4001"}],"curies":[{"name":"wp","href":"https:\/\/api.w.org\/{rel}","templated":true}]}}