{"id":3994,"date":"2019-05-10T16:07:02","date_gmt":"2019-05-10T14:07:02","guid":{"rendered":"http:\/\/agora.xtec.cat\/escgaspardeportola\/?p=3994"},"modified":"2019-05-10T16:07:02","modified_gmt":"2019-05-10T14:07:02","slug":"colonies-can-bajona","status":"publish","type":"post","link":"https:\/\/agora.xtec.cat\/escgaspardeportola\/cicleinicial\/colonies-can-bajona\/","title":{"rendered":"Col\u00f2nies Can Bajona"},"content":{"rendered":"<p>Els dies 6 i 7 de maig els nens i nenes de Cicle Inicial vam anar de col\u00f2nies a Cal Bajona a Clariana del Cardener .<\/p>\n<p>All\u00ed vam gaudir d\u2019uns dies genials i d\u2019un Centre d\u2019Inter\u00e8s molt divertit \u201cFem d\u2019indis\u201d.<\/p>\n<p>Acompanyats\u00a0 per uns descendents dels indis Bajonawes, vam con\u00e8ixer els animals de la granja i la import\u00e0ncia de cuidar-los, vam donar un tomb en carruatge. Tamb\u00e9 vam fer una excursi\u00f3 per l\u2019entorn\u00a0 i vam poder veure una mina de coure.<\/p>\n<p>Va ser despr\u00e9s de sopar, quan fent el joc de nit, vam trobar la pipa de la pau que busc\u00e0vem des de la tarda.<\/p>\n<p>Per celebrar-ho, hi va haver sessi\u00f3 de discoteca.<\/p>\n<p>Ens ho hem passat molt b\u00e9.<\/p>\n<p>&nbsp;<\/p>\n<p><a href=\"https:\/\/photos.google.com\/share\/AF1QipMl8QncuV3j-aPk-io7h1tuFvz5b1qLg5zcj7Mi10WnYuhfW4MvGhWchN6X9qihkQ?key=UXlmR0Z0djdzSUpwZGZNZUlCQmE5Q1ktWU45TkVB\"><img loading=\"lazy\" decoding=\"async\" class=\"alignnone size-large\" src=\"https:\/\/lh3.googleusercontent.com\/qbKv-2TGn3O9_oetdNaeHz6mjmVgRXx-8TmGXvkX_bZARv1QMuvkwCpQGTl2-qoihFk3yPYUJcInyoJln3V74OMfLTS6QSMLuZFRoii_nx142nhsu12xXJJPC9gbpeHb11FYIr9-HXRM7iVJrUG2UF2VW-w5EzT1ciZECMx39R6y0rWjTsKO2x0e9DwFXCU2KidPHnXcsbUI1l7gEjSTTN65SIBXh6-syvFu1Hp_IeydcWLriPEMck_5kHOrrY1qxlYiDaa27lcY9gfSPXCZq1DjluQN-fQg0c7Z0jx2AHMhRXbpDhj9uRXhvOTlAEXF8cvP0EOKek7hxLjXHS71ewrGVteTQgUYfqAxp6V0L5MqQJbBzbB5xM2Vk_6Y62qu7R3GIG10cPsXjDyufYBSuicvtbeGfwlrB3WLlDiIqvuFaSC4s90qG7W3WjK_Yco6h7Waxoiu1RNhb8PtT7VcOQLFVDbGQt3rR7jKnCYCGs9CMx330Rvzk38XfDKQ0OoHQgBOXb_nkCb6AszLwZesEjtBeweFs6r7x2_Xrr1HYpyoj_fYifwXb7mZl-RJmAz_bpW5urqp0HWNgceimftc7dMH13feXZ7VqLRYnuYCn_u0-GZV_p0qeft7O-2HFUFhoOI9uNYeHsRB5JXAZ7gzA1W1kpnH70WxiNI0fPeFp73WQ-t9KQVAU2A7z2pazjd1HvS-yfXXnm802l3fQmY7Wv8S=w847-h635-no\" width=\"847\" height=\"635\" \/><\/a>Fes clic a la imatge per a veure m\u00e9s fotografies.<\/p>\n","protected":false},"excerpt":{"rendered":"<p>Els dies 6 i 7 de maig els nens i nenes de Cicle Inicial vam anar de col\u00f2nies a Cal Bajona a Clariana del Cardener . All\u00ed vam gaudir d\u2019uns dies genials i d\u2019un Centre d\u2019Inter\u00e8s molt divertit \u201cFem d\u2019indis\u201d. Acompanyats\u00a0 per uns descendents dels indis Bajonawes, vam con\u00e8ixer els animals de la granja i [&hellip;]<\/p>\n","protected":false},"author":17,"featured_media":0,"comment_status":"closed","ping_status":"closed","sticky":false,"template":"","format":"standard","meta":{"_bbp_topic_count":0,"_bbp_reply_count":0,"_bbp_total_topic_count":0,"_bbp_total_reply_count":0,"_bbp_voice_count":0,"_bbp_anonymous_reply_count":0,"_bbp_topic_count_hidden":0,"_bbp_reply_count_hidden":0,"_bbp_forum_subforum_count":0,"site-sidebar-layout":"default","site-content-layout":"","ast-site-content-layout":"","site-content-style":"default","site-sidebar-style":"default","ast-global-header-display":"","ast-banner-title-visibility":"","ast-main-header-display":"","ast-hfb-above-header-display":"","ast-hfb-below-header-display":"","ast-hfb-mobile-header-display":"","site-post-title":"","ast-breadcrumbs-content":"","ast-featured-img":"","footer-sml-layout":"","theme-transparent-header-meta":"","adv-header-id-meta":"","stick-header-meta":"","header-above-stick-meta":"","header-main-stick-meta":"","header-below-stick-meta":"","astra-migrate-meta-layouts":"default","ast-page-background-enabled":"default","ast-page-background-meta":{"desktop":{"background-color":"var(--ast-global-color-4)","background-image":"","background-repeat":"repeat","background-position":"center center","background-size":"auto","background-attachment":"scroll","background-type":"","background-media":"","overlay-type":"","overlay-color":"","overlay-opacity":"","overlay-gradient":""},"tablet":{"background-color":"","background-image":"","background-repeat":"repeat","background-position":"center center","background-size":"auto","background-attachment":"scroll","background-type":"","background-media":"","overlay-type":"","overlay-color":"","overlay-opacity":"","overlay-gradient":""},"mobile":{"background-color":"","background-image":"","background-repeat":"repeat","background-position":"center center","background-size":"auto","background-attachment":"scroll","background-type":"","background-media":"","overlay-type":"","overlay-color":"","overlay-opacity":"","overlay-gradient":""}},"ast-content-background-meta":{"desktop":{"background-color":"var(--ast-global-color-5)","background-image":"","background-repeat":"repeat","background-position":"center center","background-size":"auto","background-attachment":"scroll","background-type":"","background-media":"","overlay-type":"","overlay-color":"","overlay-opacity":"","overlay-gradient":""},"tablet":{"background-color":"var(--ast-global-color-5)","background-image":"","background-repeat":"repeat","background-position":"center center","background-size":"auto","background-attachment":"scroll","background-type":"","background-media":"","overlay-type":"","overlay-color":"","overlay-opacity":"","overlay-gradient":""},"mobile":{"background-color":"var(--ast-global-color-5)","background-image":"","background-repeat":"repeat","background-position":"center center","background-size":"auto","background-attachment":"scroll","background-type":"","background-media":"","overlay-type":"","overlay-color":"","overlay-opacity":"","overlay-gradient":""}},"footnotes":""},"categories":[63],"tags":[318,74,247],"class_list":["post-3994","post","type-post","status-publish","format-standard","hentry","category-cicleinicial","tag-can-bajona","tag-cicle-inicial","tag-colonies"],"post_mailing_queue_ids":[],"_links":{"self":[{"href":"https:\/\/agora.xtec.cat\/escgaspardeportola\/wp-json\/wp\/v2\/posts\/3994","targetHints":{"allow":["GET"]}}],"collection":[{"href":"https:\/\/agora.xtec.cat\/escgaspardeportola\/wp-json\/wp\/v2\/posts"}],"about":[{"href":"https:\/\/agora.xtec.cat\/escgaspardeportola\/wp-json\/wp\/v2\/types\/post"}],"author":[{"embeddable":true,"href":"https:\/\/agora.xtec.cat\/escgaspardeportola\/wp-json\/wp\/v2\/users\/17"}],"replies":[{"embeddable":true,"href":"https:\/\/agora.xtec.cat\/escgaspardeportola\/wp-json\/wp\/v2\/comments?post=3994"}],"version-history":[{"count":1,"href":"https:\/\/agora.xtec.cat\/escgaspardeportola\/wp-json\/wp\/v2\/posts\/3994\/revisions"}],"predecessor-version":[{"id":3995,"href":"https:\/\/agora.xtec.cat\/escgaspardeportola\/wp-json\/wp\/v2\/posts\/3994\/revisions\/3995"}],"wp:attachment":[{"href":"https:\/\/agora.xtec.cat\/escgaspardeportola\/wp-json\/wp\/v2\/media?parent=3994"}],"wp:term":[{"taxonomy":"category","embeddable":true,"href":"https:\/\/agora.xtec.cat\/escgaspardeportola\/wp-json\/wp\/v2\/categories?post=3994"},{"taxonomy":"post_tag","embeddable":true,"href":"https:\/\/agora.xtec.cat\/escgaspardeportola\/wp-json\/wp\/v2\/tags?post=3994"}],"curies":[{"name":"wp","href":"https:\/\/api.w.org\/{rel}","templated":true}]}}