{"id":3974,"date":"2019-05-02T22:51:57","date_gmt":"2019-05-02T20:51:57","guid":{"rendered":"http:\/\/agora.xtec.cat\/escgaspardeportola\/?p=3974"},"modified":"2019-05-02T22:51:57","modified_gmt":"2019-05-02T20:51:57","slug":"dijous-medieval-a-can-joval","status":"publish","type":"post","link":"https:\/\/agora.xtec.cat\/escgaspardeportola\/ciclemitja\/dijous-medieval-a-can-joval\/","title":{"rendered":"Dijous medieval a Can Joval"},"content":{"rendered":"<p>A la vall del Cardener enmig del Bosc, en una masia catalana, ens han rebut amb els bra\u00e7os oberts uns personatges de l\u2019edat medieval. Hem fet jocs de coneixement de l\u2019entorn, hem constru\u00eft cabanes i hem ballat i escenificat \u00a0la can\u00e7\u00f3 del comte local.<\/p>\n<p>El sopar ha sigut un \u00e8xit total. Hem comen\u00e7at pel postre, hem menjant el pollastre amb les mans, la sopa amb un vas i l&#8217;aigua amb un c\u00e0ntir.<\/p>\n<p>Per finalitzar amb l\u2019ajuda de les llanternes, hem cercat la roba del trobador que cantant can\u00e7ons animadament far\u00e0 que anem a dormir molt contents i satisfets<\/p>\n<p>Fins dem\u00e0 fam\u00edlies!<\/p>\n<p><a href=\"https:\/\/photos.google.com\/u\/3\/share\/AF1QipOggihQop0NOACeyKp9TNAO193lawAMsJOhOlnfdKhLm8B4SMNypPpTATfp0zdzIA?key=WEVuenQySXdTZXNURUJzN2tKd3c1U0RYNzVVNGFB\"><img loading=\"lazy\" decoding=\"async\" class=\"alignnone size-large\" src=\"https:\/\/lh3.googleusercontent.com\/A5vSByoWkfptvBFt-6av_AKUaXWfsk7ltSmV6vnqHvtsglR8qOTxeCHQ3AUMp89FzqHH5Me2DwP8BkWmx3l0WuBcxTFAPyxW4Oj1a8PPqmkaw2GNPPjaJbev_pvq1bQP7WCQvH6ujWAHqYct5OcxS4Gzyw6dK-p7yyDB6TdKvdUnFYPHsBTXuIQMRRNiT_eLHekTAc0L30KGjFlLtIahnCfQZA9SQOXTSBJS_Nn2G3EFjvXDCGkndWZi7D-DhzQ279NPYaAAglSphrlIYu6Oj8HKguCi1VvK54pkpOFHv6l1WuG05XnXbTcjBRWuRBTbZDuBt77vctvJ9Tb8LOyJnDkSk2pmI5O5uIYb-DjM4ffoR4-VgeeXSA5JAMfQ6fgZPREvuh2tlArxrkyxgYCIjfpdrysONl-SAEfVwOEgiVp5cS6ZM7ShcbnEo6XaNyumP3FnKoZwQgiGGBFBTZdwTqk75A-86MPql_o5NENNF03ke7cL0-Z5JmvZfBJGwGSOXN6ZixKS4Gb_wDzi0UAgdOsfKGDQd4t5qZKlRrQMoifF29U7GpGHXblXRHzke_cOrX30McYve5UGD6ig0EwH2T5ggROxZ76TVZszJ3jjYXYGLsqsHK5-evEiInuax-phgrAnyji7ZHzqrrMkExeeivC0OtIaTZE=w1116-h837-no\" width=\"1116\" height=\"837\" \/><\/a><\/p>\n<p>Feu clic a la imatge per a veure m\u00e9s fotografies<\/p>\n<p>&nbsp;<\/p>\n","protected":false},"excerpt":{"rendered":"<p>A la vall del Cardener enmig del Bosc, en una masia catalana, ens han rebut amb els bra\u00e7os oberts uns personatges de l\u2019edat medieval. Hem fet jocs de coneixement de l\u2019entorn, hem constru\u00eft cabanes i hem ballat i escenificat \u00a0la can\u00e7\u00f3 del comte local. El sopar ha sigut un \u00e8xit total. Hem comen\u00e7at pel postre, [&hellip;]<\/p>\n","protected":false},"author":1,"featured_media":0,"comment_status":"closed","ping_status":"closed","sticky":false,"template":"","format":"standard","meta":{"_bbp_topic_count":0,"_bbp_reply_count":0,"_bbp_total_topic_count":0,"_bbp_total_reply_count":0,"_bbp_voice_count":0,"_bbp_anonymous_reply_count":0,"_bbp_topic_count_hidden":0,"_bbp_reply_count_hidden":0,"_bbp_forum_subforum_count":0,"site-sidebar-layout":"default","site-content-layout":"","ast-site-content-layout":"","site-content-style":"default","site-sidebar-style":"default","ast-global-header-display":"","ast-banner-title-visibility":"","ast-main-header-display":"","ast-hfb-above-header-display":"","ast-hfb-below-header-display":"","ast-hfb-mobile-header-display":"","site-post-title":"","ast-breadcrumbs-content":"","ast-featured-img":"","footer-sml-layout":"","theme-transparent-header-meta":"","adv-header-id-meta":"","stick-header-meta":"","header-above-stick-meta":"","header-main-stick-meta":"","header-below-stick-meta":"","astra-migrate-meta-layouts":"default","ast-page-background-enabled":"default","ast-page-background-meta":{"desktop":{"background-color":"var(--ast-global-color-4)","background-image":"","background-repeat":"repeat","background-position":"center center","background-size":"auto","background-attachment":"scroll","background-type":"","background-media":"","overlay-type":"","overlay-color":"","overlay-opacity":"","overlay-gradient":""},"tablet":{"background-color":"","background-image":"","background-repeat":"repeat","background-position":"center center","background-size":"auto","background-attachment":"scroll","background-type":"","background-media":"","overlay-type":"","overlay-color":"","overlay-opacity":"","overlay-gradient":""},"mobile":{"background-color":"","background-image":"","background-repeat":"repeat","background-position":"center center","background-size":"auto","background-attachment":"scroll","background-type":"","background-media":"","overlay-type":"","overlay-color":"","overlay-opacity":"","overlay-gradient":""}},"ast-content-background-meta":{"desktop":{"background-color":"var(--ast-global-color-5)","background-image":"","background-repeat":"repeat","background-position":"center center","background-size":"auto","background-attachment":"scroll","background-type":"","background-media":"","overlay-type":"","overlay-color":"","overlay-opacity":"","overlay-gradient":""},"tablet":{"background-color":"var(--ast-global-color-5)","background-image":"","background-repeat":"repeat","background-position":"center center","background-size":"auto","background-attachment":"scroll","background-type":"","background-media":"","overlay-type":"","overlay-color":"","overlay-opacity":"","overlay-gradient":""},"mobile":{"background-color":"var(--ast-global-color-5)","background-image":"","background-repeat":"repeat","background-position":"center center","background-size":"auto","background-attachment":"scroll","background-type":"","background-media":"","overlay-type":"","overlay-color":"","overlay-opacity":"","overlay-gradient":""}},"footnotes":""},"categories":[60],"tags":[],"class_list":["post-3974","post","type-post","status-publish","format-standard","hentry","category-ciclemitja"],"post_mailing_queue_ids":[],"_links":{"self":[{"href":"https:\/\/agora.xtec.cat\/escgaspardeportola\/wp-json\/wp\/v2\/posts\/3974","targetHints":{"allow":["GET"]}}],"collection":[{"href":"https:\/\/agora.xtec.cat\/escgaspardeportola\/wp-json\/wp\/v2\/posts"}],"about":[{"href":"https:\/\/agora.xtec.cat\/escgaspardeportola\/wp-json\/wp\/v2\/types\/post"}],"author":[{"embeddable":true,"href":"https:\/\/agora.xtec.cat\/escgaspardeportola\/wp-json\/wp\/v2\/users\/1"}],"replies":[{"embeddable":true,"href":"https:\/\/agora.xtec.cat\/escgaspardeportola\/wp-json\/wp\/v2\/comments?post=3974"}],"version-history":[{"count":1,"href":"https:\/\/agora.xtec.cat\/escgaspardeportola\/wp-json\/wp\/v2\/posts\/3974\/revisions"}],"predecessor-version":[{"id":3975,"href":"https:\/\/agora.xtec.cat\/escgaspardeportola\/wp-json\/wp\/v2\/posts\/3974\/revisions\/3975"}],"wp:attachment":[{"href":"https:\/\/agora.xtec.cat\/escgaspardeportola\/wp-json\/wp\/v2\/media?parent=3974"}],"wp:term":[{"taxonomy":"category","embeddable":true,"href":"https:\/\/agora.xtec.cat\/escgaspardeportola\/wp-json\/wp\/v2\/categories?post=3974"},{"taxonomy":"post_tag","embeddable":true,"href":"https:\/\/agora.xtec.cat\/escgaspardeportola\/wp-json\/wp\/v2\/tags?post=3974"}],"curies":[{"name":"wp","href":"https:\/\/api.w.org\/{rel}","templated":true}]}}