{"id":3875,"date":"2019-04-11T22:30:48","date_gmt":"2019-04-11T20:30:48","guid":{"rendered":"http:\/\/agora.xtec.cat\/escgaspardeportola\/?p=3875"},"modified":"2019-04-11T22:30:48","modified_gmt":"2019-04-11T20:30:48","slug":"compartim-les-nostres-inquietuds-amb-lescriptor-miquel-pujado","status":"publish","type":"post","link":"https:\/\/agora.xtec.cat\/escgaspardeportola\/general\/compartim-les-nostres-inquietuds-amb-lescriptor-miquel-pujado\/","title":{"rendered":"Compartim les nostres inquietuds amb l\u2019escriptor Miquel Pujad\u00f3"},"content":{"rendered":"<p style=\"text-align: justify;\"><strong>L\u2019autor del llibre \u201cEl genial oncle Anastasi\u201d ens visita a l\u2019escola Gaspar de Portol\u00e0.<\/strong><\/p>\n<figure style=\"width: 296px\" class=\"wp-caption alignleft\"><a href=\"https:\/\/photos.app.goo.gl\/mPmk68ZizBQ6XK7A7\" target=\"_blank\" rel=\"https:\/\/photos.app.goo.gl\/mPmk68ZizBQ6XK7A7 noopener\"><img loading=\"lazy\" decoding=\"async\" class=\"\" title=\"Clica per veure totes les imatges\" src=\"https:\/\/lh3.googleusercontent.com\/BOFYycN3aL6OtQLU7nqaWjov8NvO2IvKSZktfnhyKPKuFe-w_H0T_1KxjgiOU9z04oifYmJCg2fo5S_WA4kw3qr916YOYMvMeydlGloUN2Idrs6TcYPQPLK_L4tG8Kq4KihhVmHqzHaAw7LDwVsAG8bwfrwnZ-paMmAmG2k2eZtxfWOXWJorUYBQkaWBOrxn2HfLP6QoguMglQ5zV12CHq--3xYCiCDY4iS7Y71y6yFY_F2XyocPuAWOfjJd0542EVZZt2X7ylEXHsfm78rZ_MIHJxj5_0ufS8bybFOGrxxhxqApdz7Op127HHD4hqfM8XqZHBJ3gnZdRjRgC_LL47UWK3W9lyjuoVesUJoJc3Lg5aw8Tvt3MUCj7jsZHIxEQRdOTxnF0IHT91PlAz2r1O_avJK-1JL01YTfSHxC4edFAjUh2HpH9ZkUgcJJ_s2RLX266h_4C4kao7xNbnPPyp07yWebhsLxLCD6cyaYU1stf4C2MUea5YST9-wx8q3bmrnoxEjMSBmuz6rEGsAIgnJZpQnGdAk1dMtT37DGZdAYhAD7jAoNsrs0awMDUkGyiwR03kNqwCm-pNy5hgDYCNHLq3f-gIuX_t8BcQ0KFCS6ygGm6c6l1jgGy1VUakexAdhGDq5iG61oa6nPxoyMoIPydtUAWmsiB1gyo3NAsmA5d1LYfo76rfycxlpWzmih1w-2ug65-JL5ZxEnmSYaE6qK=w480-h640-no\" alt=\"\" width=\"296\" height=\"394\" \/><\/a><figcaption class=\"wp-caption-text\">En Miquel Pujad\u00f3 en un moment de la xerrada.<\/figcaption><\/figure>\n<p>El foment de la lectura \u00e9s un dels objectius de tot Pla lector d\u2019una escola; una de les accions que anem duent a terme any rere any a la nostra escola \u00e9s convidar els autors dels llibres que llegim durant el curs a compartir amb ells els nostres dubtes i les nostres inquietuds liter\u00e0ries.<br \/>\nEl proppassat 9 d\u2019abril, va estar amb nosaltres l\u2019autor d\u2019un dels llibres que hem llegit, els alumnes de 5\u00e8, durant aquesta part de curs.<br \/>\nAl llarg del primer trimestre, ens ho vam passar d\u2019all\u00f2 m\u00e9s b\u00e9 llegint les aventures de l\u2019Anastasi, extravagant i sorprenent cient\u00edfic, oncle d\u2019en Gerard, el protagonista del llibre.<br \/>\nEl senyor Pujad\u00f3 va venir a explicar-nos el seu ofici i la seva vida professional com escriptor de llibres. No obstant, ens va sorprendre amb la seva vessant d\u2019autor i int\u00e8rpret de can\u00e7ons, fent-nos gaudir, en directe, amb una can\u00e7\u00f3 que va compondre als seus 14 anys i inspirada en un poema franc\u00e8s al voltant de dos caragols que anaven al funeral d\u2019una fulla !<br \/>\nEntre can\u00e7ons i dibuixos, que anava fent a la pissarra, ens va anar narrant la seva vida professional dirigida per algunes an\u00e8cdotes, com els seus principis d\u2019escriptor gr\u00e0cies al fet de posar-se malalt (va contraure la varicel\u00b7la) i no poder sortir de casa durant un temps. Tamb\u00e9 ens va parlar de les seves m\u00faltiples influ\u00e8ncies, sobretot d\u2019artistes i escriptors francesos, en la seva obra.<br \/>\nTamb\u00e9 ens va explicar el proc\u00e9s de creaci\u00f3 del llibre que hav\u00edem llegit, del per qu\u00e8 dels seus personatges i, amablement, va respondre totes les nostres preguntes i aclarir tots els dubtes que li vam plantejar al voltant del llibre i de l\u2019ofici d\u2019escriptor.<br \/>\nFinalment, i amb molta paci\u00e8ncia, ens va dedicar i signar, un per un, els nostres exemplars del seu llibre.<\/p>\n","protected":false},"excerpt":{"rendered":"<p>L\u2019autor del llibre \u201cEl genial oncle Anastasi\u201d ens visita a l\u2019escola Gaspar de Portol\u00e0. El foment de la lectura \u00e9s un dels objectius de tot Pla lector d\u2019una escola; una de les accions que anem duent a terme any rere any a la nostra escola \u00e9s convidar els autors dels llibres que llegim durant el [&hellip;]<\/p>\n","protected":false},"author":27,"featured_media":0,"comment_status":"closed","ping_status":"closed","sticky":false,"template":"","format":"standard","meta":{"_bbp_topic_count":0,"_bbp_reply_count":0,"_bbp_total_topic_count":0,"_bbp_total_reply_count":0,"_bbp_voice_count":0,"_bbp_anonymous_reply_count":0,"_bbp_topic_count_hidden":0,"_bbp_reply_count_hidden":0,"_bbp_forum_subforum_count":0,"site-sidebar-layout":"default","site-content-layout":"","ast-site-content-layout":"","site-content-style":"default","site-sidebar-style":"default","ast-global-header-display":"","ast-banner-title-visibility":"","ast-main-header-display":"","ast-hfb-above-header-display":"","ast-hfb-below-header-display":"","ast-hfb-mobile-header-display":"","site-post-title":"","ast-breadcrumbs-content":"","ast-featured-img":"","footer-sml-layout":"","theme-transparent-header-meta":"","adv-header-id-meta":"","stick-header-meta":"","header-above-stick-meta":"","header-main-stick-meta":"","header-below-stick-meta":"","astra-migrate-meta-layouts":"default","ast-page-background-enabled":"default","ast-page-background-meta":{"desktop":{"background-color":"var(--ast-global-color-4)","background-image":"","background-repeat":"repeat","background-position":"center center","background-size":"auto","background-attachment":"scroll","background-type":"","background-media":"","overlay-type":"","overlay-color":"","overlay-opacity":"","overlay-gradient":""},"tablet":{"background-color":"","background-image":"","background-repeat":"repeat","background-position":"center center","background-size":"auto","background-attachment":"scroll","background-type":"","background-media":"","overlay-type":"","overlay-color":"","overlay-opacity":"","overlay-gradient":""},"mobile":{"background-color":"","background-image":"","background-repeat":"repeat","background-position":"center center","background-size":"auto","background-attachment":"scroll","background-type":"","background-media":"","overlay-type":"","overlay-color":"","overlay-opacity":"","overlay-gradient":""}},"ast-content-background-meta":{"desktop":{"background-color":"var(--ast-global-color-5)","background-image":"","background-repeat":"repeat","background-position":"center center","background-size":"auto","background-attachment":"scroll","background-type":"","background-media":"","overlay-type":"","overlay-color":"","overlay-opacity":"","overlay-gradient":""},"tablet":{"background-color":"var(--ast-global-color-5)","background-image":"","background-repeat":"repeat","background-position":"center center","background-size":"auto","background-attachment":"scroll","background-type":"","background-media":"","overlay-type":"","overlay-color":"","overlay-opacity":"","overlay-gradient":""},"mobile":{"background-color":"var(--ast-global-color-5)","background-image":"","background-repeat":"repeat","background-position":"center center","background-size":"auto","background-attachment":"scroll","background-type":"","background-media":"","overlay-type":"","overlay-color":"","overlay-opacity":"","overlay-gradient":""}},"footnotes":""},"categories":[290,1],"tags":[316,105,315],"class_list":["post-3875","post","type-post","status-publish","format-standard","hentry","category-cicle-superior","category-general","tag-autors-a-laula","tag-cicle-superior","tag-revista"],"post_mailing_queue_ids":[],"_links":{"self":[{"href":"https:\/\/agora.xtec.cat\/escgaspardeportola\/wp-json\/wp\/v2\/posts\/3875","targetHints":{"allow":["GET"]}}],"collection":[{"href":"https:\/\/agora.xtec.cat\/escgaspardeportola\/wp-json\/wp\/v2\/posts"}],"about":[{"href":"https:\/\/agora.xtec.cat\/escgaspardeportola\/wp-json\/wp\/v2\/types\/post"}],"author":[{"embeddable":true,"href":"https:\/\/agora.xtec.cat\/escgaspardeportola\/wp-json\/wp\/v2\/users\/27"}],"replies":[{"embeddable":true,"href":"https:\/\/agora.xtec.cat\/escgaspardeportola\/wp-json\/wp\/v2\/comments?post=3875"}],"version-history":[{"count":3,"href":"https:\/\/agora.xtec.cat\/escgaspardeportola\/wp-json\/wp\/v2\/posts\/3875\/revisions"}],"predecessor-version":[{"id":3898,"href":"https:\/\/agora.xtec.cat\/escgaspardeportola\/wp-json\/wp\/v2\/posts\/3875\/revisions\/3898"}],"wp:attachment":[{"href":"https:\/\/agora.xtec.cat\/escgaspardeportola\/wp-json\/wp\/v2\/media?parent=3875"}],"wp:term":[{"taxonomy":"category","embeddable":true,"href":"https:\/\/agora.xtec.cat\/escgaspardeportola\/wp-json\/wp\/v2\/categories?post=3875"},{"taxonomy":"post_tag","embeddable":true,"href":"https:\/\/agora.xtec.cat\/escgaspardeportola\/wp-json\/wp\/v2\/tags?post=3875"}],"curies":[{"name":"wp","href":"https:\/\/api.w.org\/{rel}","templated":true}]}}