{"id":3844,"date":"2019-04-05T20:32:16","date_gmt":"2019-04-05T18:32:16","guid":{"rendered":"http:\/\/agora.xtec.cat\/escgaspardeportola\/?p=3844"},"modified":"2019-04-05T20:32:16","modified_gmt":"2019-04-05T18:32:16","slug":"sortida-de-p4-a-la-pista-datletisme","status":"publish","type":"post","link":"https:\/\/agora.xtec.cat\/escgaspardeportola\/educacioinfantil\/sortida-de-p4-a-la-pista-datletisme\/","title":{"rendered":"Sortida de P4 a la pista d&#8217;atletisme"},"content":{"rendered":"<p style=\"text-align: justify\">Avui els nens i nenes de P4 han realitzat la \u00faltima sortida del projecte &#8220;<strong>Els esports<\/strong>&#8221; on han visitat la <span style=\"color: #339966\"><strong>pista municipal d&#8217;atletisme<\/strong> <\/span>(Bases d&#8217;Alpicat).<\/p>\n<p style=\"text-align: justify\">All\u00e0 han esmorzat, han fet una cursa, han vist el magatzem on hi tenen tot el material (perxa, javelina, martell, disc, bola&#8230;), l&#8217;han pogut agafar i notar el seu pes i saber la for\u00e7a que han de tenir els atletes; i tamb\u00e9 han practicat llan\u00e7aments i salts!<\/p>\n<p style=\"text-align: justify\">Tot seguit han anat a la <span style=\"color: #3366ff\"><strong>botiga Decatlhon<\/strong><\/span> de Lleida on gr\u00e0cies a la Sandra i a l&#8217;Edurne han vist que hi ha botigues especialitzades en esports i que aquestes estan dividides en seccions per a cada esport en concret. Els han explicat molt b\u00e9 el perqu\u00e8 de cada material per a cada esport i que hi ha accessoris que es poden utilitzar per a dos o m\u00e9s esports.<\/p>\n<p>I finalment, han pogut dinar i tenir joc lliure al <strong><span style=\"color: #ff6600\">Parc de la Mitjana<\/span><\/strong> (el temps, ens ha acompanyat).<\/p>\n<p><a href=\"https:\/\/photos.app.goo.gl\/uRzYXPYmEjE9S97g8\"><strong>Aqu\u00ed<\/strong><\/a> teniu el recull de fotografies!<\/p>\n<p style=\"text-align: justify\">**Volem agra\u00efr el temps i dedicaci\u00f3 a l&#8217;equip Decatlhon de Lleida i en especial a la Sandra i l&#8217;Edurne. Moltes gr\u00e0cies.<\/p>\n<p>** Tamb\u00e9 volem agra\u00efr la col\u00b7laboraci\u00f3 a la Regidoria d&#8217;Esports de l&#8217;Ajuntament de Lleida per a facilitar-nos la visita a les instal\u00b7lacions.<\/p>\n","protected":false},"excerpt":{"rendered":"<p>Avui els nens i nenes de P4 han realitzat la \u00faltima sortida del projecte &#8220;Els esports&#8221; on han visitat la pista municipal d&#8217;atletisme (Bases d&#8217;Alpicat). All\u00e0 han esmorzat, han fet una cursa, han vist el magatzem on hi tenen tot el material (perxa, javelina, martell, disc, bola&#8230;), l&#8217;han pogut agafar i notar el seu pes [&hellip;]<\/p>\n","protected":false},"author":1,"featured_media":0,"comment_status":"closed","ping_status":"closed","sticky":false,"template":"","format":"standard","meta":{"_bbp_topic_count":0,"_bbp_reply_count":0,"_bbp_total_topic_count":0,"_bbp_total_reply_count":0,"_bbp_voice_count":0,"_bbp_anonymous_reply_count":0,"_bbp_topic_count_hidden":0,"_bbp_reply_count_hidden":0,"_bbp_forum_subforum_count":0,"site-sidebar-layout":"default","site-content-layout":"","ast-site-content-layout":"","site-content-style":"default","site-sidebar-style":"default","ast-global-header-display":"","ast-banner-title-visibility":"","ast-main-header-display":"","ast-hfb-above-header-display":"","ast-hfb-below-header-display":"","ast-hfb-mobile-header-display":"","site-post-title":"","ast-breadcrumbs-content":"","ast-featured-img":"","footer-sml-layout":"","theme-transparent-header-meta":"","adv-header-id-meta":"","stick-header-meta":"","header-above-stick-meta":"","header-main-stick-meta":"","header-below-stick-meta":"","astra-migrate-meta-layouts":"default","ast-page-background-enabled":"default","ast-page-background-meta":{"desktop":{"background-color":"var(--ast-global-color-4)","background-image":"","background-repeat":"repeat","background-position":"center center","background-size":"auto","background-attachment":"scroll","background-type":"","background-media":"","overlay-type":"","overlay-color":"","overlay-opacity":"","overlay-gradient":""},"tablet":{"background-color":"","background-image":"","background-repeat":"repeat","background-position":"center center","background-size":"auto","background-attachment":"scroll","background-type":"","background-media":"","overlay-type":"","overlay-color":"","overlay-opacity":"","overlay-gradient":""},"mobile":{"background-color":"","background-image":"","background-repeat":"repeat","background-position":"center center","background-size":"auto","background-attachment":"scroll","background-type":"","background-media":"","overlay-type":"","overlay-color":"","overlay-opacity":"","overlay-gradient":""}},"ast-content-background-meta":{"desktop":{"background-color":"var(--ast-global-color-5)","background-image":"","background-repeat":"repeat","background-position":"center center","background-size":"auto","background-attachment":"scroll","background-type":"","background-media":"","overlay-type":"","overlay-color":"","overlay-opacity":"","overlay-gradient":""},"tablet":{"background-color":"var(--ast-global-color-5)","background-image":"","background-repeat":"repeat","background-position":"center center","background-size":"auto","background-attachment":"scroll","background-type":"","background-media":"","overlay-type":"","overlay-color":"","overlay-opacity":"","overlay-gradient":""},"mobile":{"background-color":"var(--ast-global-color-5)","background-image":"","background-repeat":"repeat","background-position":"center center","background-size":"auto","background-attachment":"scroll","background-type":"","background-media":"","overlay-type":"","overlay-color":"","overlay-opacity":"","overlay-gradient":""}},"footnotes":""},"categories":[64],"tags":[],"class_list":["post-3844","post","type-post","status-publish","format-standard","hentry","category-educacioinfantil"],"post_mailing_queue_ids":[],"_links":{"self":[{"href":"https:\/\/agora.xtec.cat\/escgaspardeportola\/wp-json\/wp\/v2\/posts\/3844","targetHints":{"allow":["GET"]}}],"collection":[{"href":"https:\/\/agora.xtec.cat\/escgaspardeportola\/wp-json\/wp\/v2\/posts"}],"about":[{"href":"https:\/\/agora.xtec.cat\/escgaspardeportola\/wp-json\/wp\/v2\/types\/post"}],"author":[{"embeddable":true,"href":"https:\/\/agora.xtec.cat\/escgaspardeportola\/wp-json\/wp\/v2\/users\/1"}],"replies":[{"embeddable":true,"href":"https:\/\/agora.xtec.cat\/escgaspardeportola\/wp-json\/wp\/v2\/comments?post=3844"}],"version-history":[{"count":2,"href":"https:\/\/agora.xtec.cat\/escgaspardeportola\/wp-json\/wp\/v2\/posts\/3844\/revisions"}],"predecessor-version":[{"id":3846,"href":"https:\/\/agora.xtec.cat\/escgaspardeportola\/wp-json\/wp\/v2\/posts\/3844\/revisions\/3846"}],"wp:attachment":[{"href":"https:\/\/agora.xtec.cat\/escgaspardeportola\/wp-json\/wp\/v2\/media?parent=3844"}],"wp:term":[{"taxonomy":"category","embeddable":true,"href":"https:\/\/agora.xtec.cat\/escgaspardeportola\/wp-json\/wp\/v2\/categories?post=3844"},{"taxonomy":"post_tag","embeddable":true,"href":"https:\/\/agora.xtec.cat\/escgaspardeportola\/wp-json\/wp\/v2\/tags?post=3844"}],"curies":[{"name":"wp","href":"https:\/\/api.w.org\/{rel}","templated":true}]}}