{"id":3841,"date":"2019-04-05T19:18:02","date_gmt":"2019-04-05T17:18:02","guid":{"rendered":"http:\/\/agora.xtec.cat\/escgaspardeportola\/?p=3841"},"modified":"2019-08-26T19:55:55","modified_gmt":"2019-08-26T17:55:55","slug":"the-city-of-fame","status":"publish","type":"post","link":"https:\/\/agora.xtec.cat\/escgaspardeportola\/portada\/the-city-of-fame\/","title":{"rendered":"&#8220;The city of fame&#8221;"},"content":{"rendered":"<p>\u201cThe city of fame\u201d \u00e9s l\u2019espectacle que els nens i nenes de primer i segon de l\u2019escola ens han ofert aquest dijous dins del projecte GaspArtSchool.<\/p>\n<p>Quaranta cinc minuts on el p\u00fablic en va \u00a0gaudir cada segon. L\u2019objectiu no era f\u00e0cil per\u00f2 aquests petits artistes ens van facilitar molt la feina. Perqu\u00e8 des del primer dia la seva il\u00b7lusi\u00f3 va ser m\u00e0xima, fins a l\u2019\u00faltim assaig ho van donar tot.<\/p>\n<p>L\u2019inter\u00e8s de saber per on havien d\u2019entrar i sortir, la complexitat d\u2019entendre la historia, saber quin moment estaven representant, seguir el ritme de diverses coreografies, situaci\u00f3 de l\u2019espai\u2026<\/p>\n<p>Aquests nens i nenes de 6 a 8 anys han demostrat que s\u00f3n molt i molt grans, i tot l\u2019equip docent n\u2019estem molt i molt orgullosos.<\/p>\n<p>Moltes felicitats a tots i a totes.<\/p>\n<p><iframe loading=\"lazy\" src=\"https:\/\/www.youtube.com\/embed\/bbZh-XieG30\" width=\"560\" height=\"315\" frameborder=\"0\" allowfullscreen=\"allowfullscreen\"><\/iframe><\/p>\n<p><a href=\"https:\/\/www.balaguer.tv\/teatre-municipal-acull-lestrena-lespectacle-the-city-of-fame-emmarcada-projecte-gaspar-school\/\">Article de Balaguer televisi\u00f3<\/a><\/p>\n<p><a href=\"https:\/\/nogueratv.cat\/ca\/turisme\/nogueratv\/actualitat\/48185\/lescola-gaspar-de-portola-porta-al-teatre-municipal-lespectacle-the-city-of-fame\/3568.html\">Article de Noguera televisi\u00f3<\/a><\/p>\n","protected":false},"excerpt":{"rendered":"<p>\u201cThe city of fame\u201d \u00e9s l\u2019espectacle que els nens i nenes de primer i segon de l\u2019escola ens han ofert aquest dijous dins del projecte GaspArtSchool. Quaranta cinc minuts on el p\u00fablic en va \u00a0gaudir cada segon. L\u2019objectiu no era f\u00e0cil per\u00f2 aquests petits artistes ens van facilitar molt la feina. Perqu\u00e8 des del primer [&hellip;]<\/p>\n","protected":false},"author":1,"featured_media":0,"comment_status":"closed","ping_status":"closed","sticky":false,"template":"","format":"standard","meta":{"_bbp_topic_count":0,"_bbp_reply_count":0,"_bbp_total_topic_count":0,"_bbp_total_reply_count":0,"_bbp_voice_count":0,"_bbp_anonymous_reply_count":0,"_bbp_topic_count_hidden":0,"_bbp_reply_count_hidden":0,"_bbp_forum_subforum_count":0,"site-sidebar-layout":"default","site-content-layout":"","ast-site-content-layout":"","site-content-style":"default","site-sidebar-style":"default","ast-global-header-display":"","ast-banner-title-visibility":"","ast-main-header-display":"","ast-hfb-above-header-display":"","ast-hfb-below-header-display":"","ast-hfb-mobile-header-display":"","site-post-title":"","ast-breadcrumbs-content":"","ast-featured-img":"","footer-sml-layout":"","theme-transparent-header-meta":"","adv-header-id-meta":"","stick-header-meta":"","header-above-stick-meta":"","header-main-stick-meta":"","header-below-stick-meta":"","astra-migrate-meta-layouts":"default","ast-page-background-enabled":"default","ast-page-background-meta":{"desktop":{"background-color":"var(--ast-global-color-4)","background-image":"","background-repeat":"repeat","background-position":"center center","background-size":"auto","background-attachment":"scroll","background-type":"","background-media":"","overlay-type":"","overlay-color":"","overlay-opacity":"","overlay-gradient":""},"tablet":{"background-color":"","background-image":"","background-repeat":"repeat","background-position":"center center","background-size":"auto","background-attachment":"scroll","background-type":"","background-media":"","overlay-type":"","overlay-color":"","overlay-opacity":"","overlay-gradient":""},"mobile":{"background-color":"","background-image":"","background-repeat":"repeat","background-position":"center center","background-size":"auto","background-attachment":"scroll","background-type":"","background-media":"","overlay-type":"","overlay-color":"","overlay-opacity":"","overlay-gradient":""}},"ast-content-background-meta":{"desktop":{"background-color":"var(--ast-global-color-5)","background-image":"","background-repeat":"repeat","background-position":"center center","background-size":"auto","background-attachment":"scroll","background-type":"","background-media":"","overlay-type":"","overlay-color":"","overlay-opacity":"","overlay-gradient":""},"tablet":{"background-color":"var(--ast-global-color-5)","background-image":"","background-repeat":"repeat","background-position":"center center","background-size":"auto","background-attachment":"scroll","background-type":"","background-media":"","overlay-type":"","overlay-color":"","overlay-opacity":"","overlay-gradient":""},"mobile":{"background-color":"var(--ast-global-color-5)","background-image":"","background-repeat":"repeat","background-position":"center center","background-size":"auto","background-attachment":"scroll","background-type":"","background-media":"","overlay-type":"","overlay-color":"","overlay-opacity":"","overlay-gradient":""}},"footnotes":""},"categories":[63,321,4],"tags":[],"class_list":["post-3841","post","type-post","status-publish","format-standard","hentry","category-cicleinicial","category-gaspartschool","category-portada"],"post_mailing_queue_ids":[],"_links":{"self":[{"href":"https:\/\/agora.xtec.cat\/escgaspardeportola\/wp-json\/wp\/v2\/posts\/3841","targetHints":{"allow":["GET"]}}],"collection":[{"href":"https:\/\/agora.xtec.cat\/escgaspardeportola\/wp-json\/wp\/v2\/posts"}],"about":[{"href":"https:\/\/agora.xtec.cat\/escgaspardeportola\/wp-json\/wp\/v2\/types\/post"}],"author":[{"embeddable":true,"href":"https:\/\/agora.xtec.cat\/escgaspardeportola\/wp-json\/wp\/v2\/users\/1"}],"replies":[{"embeddable":true,"href":"https:\/\/agora.xtec.cat\/escgaspardeportola\/wp-json\/wp\/v2\/comments?post=3841"}],"version-history":[{"count":2,"href":"https:\/\/agora.xtec.cat\/escgaspardeportola\/wp-json\/wp\/v2\/posts\/3841\/revisions"}],"predecessor-version":[{"id":3843,"href":"https:\/\/agora.xtec.cat\/escgaspardeportola\/wp-json\/wp\/v2\/posts\/3841\/revisions\/3843"}],"wp:attachment":[{"href":"https:\/\/agora.xtec.cat\/escgaspardeportola\/wp-json\/wp\/v2\/media?parent=3841"}],"wp:term":[{"taxonomy":"category","embeddable":true,"href":"https:\/\/agora.xtec.cat\/escgaspardeportola\/wp-json\/wp\/v2\/categories?post=3841"},{"taxonomy":"post_tag","embeddable":true,"href":"https:\/\/agora.xtec.cat\/escgaspardeportola\/wp-json\/wp\/v2\/tags?post=3841"}],"curies":[{"name":"wp","href":"https:\/\/api.w.org\/{rel}","templated":true}]}}