{"id":3768,"date":"2019-03-20T21:21:24","date_gmt":"2019-03-20T20:21:24","guid":{"rendered":"http:\/\/agora.xtec.cat\/escgaspardeportola\/?p=3768"},"modified":"2019-03-20T21:21:24","modified_gmt":"2019-03-20T20:21:24","slug":"sortida-al-camp-de-futbol-p4","status":"publish","type":"post","link":"https:\/\/agora.xtec.cat\/escgaspardeportola\/educacioinfantil\/sortida-al-camp-de-futbol-p4\/","title":{"rendered":"Sortida al camp de futbol P4"},"content":{"rendered":"<p style=\"text-align: justify\">Aquest mat\u00ed les nenes i nens de P4 han anat al camp de futbol del Balaguer per aprendre com es fa un <strong>entrenament de futbol<\/strong> amb un jugador professional del club de futbol sala La Sentiu: el David (que tamb\u00e9 va venir durant el mes de febrer a l&#8217;escola per a realitzar les pr\u00e0tiques d&#8217;Educaci\u00f3 Infantil)<\/p>\n<p style=\"text-align: justify\">Primer han realitzat un joc per <span style=\"color: #99cc00\"><strong>escalfa<\/strong><\/span><span style=\"font-family: inherit;font-size: 1em\"><span style=\"color: #99cc00\"><strong>r<\/strong> <\/span>(aranya), despr\u00e9s han fet uns jocs de cooperaci\u00f3 en petits equips per aprendre a conduir la pilota amb els peus i a xutar a porteria, i finalment, han fet el que tant estaven desitjant\u00a0<span style=\"color: #800080\"><strong>un partit de futbol entre les dues classes<\/strong><\/span><span style=\"color: #000000\">.<\/span><\/span><\/p>\n<p>Despr\u00e9s han esmorzat a les grades!<\/p>\n<p style=\"text-align: justify\">*Volem agra\u00efr al David el seu temps i dedicaci\u00f3 per mostrar als nens i nenes de p4 com es fa un entrenament de futbol i les seves regles en els partits. Moltes gr\u00e0cies!!<\/p>\n<p>Recull de fotografies <strong><a href=\"https:\/\/photos.app.goo.gl\/bwcdv9mBVPwvrVrQ6\">AQU\u00cd<\/a><\/strong><\/p>\n","protected":false},"excerpt":{"rendered":"<p>Aquest mat\u00ed les nenes i nens de P4 han anat al camp de futbol del Balaguer per aprendre com es fa un entrenament de futbol amb un jugador professional del club de futbol sala La Sentiu: el David (que tamb\u00e9 va venir durant el mes de febrer a l&#8217;escola per a realitzar les pr\u00e0tiques d&#8217;Educaci\u00f3 [&hellip;]<\/p>\n","protected":false},"author":1,"featured_media":0,"comment_status":"closed","ping_status":"closed","sticky":false,"template":"","format":"standard","meta":{"_bbp_topic_count":0,"_bbp_reply_count":0,"_bbp_total_topic_count":0,"_bbp_total_reply_count":0,"_bbp_voice_count":0,"_bbp_anonymous_reply_count":0,"_bbp_topic_count_hidden":0,"_bbp_reply_count_hidden":0,"_bbp_forum_subforum_count":0,"site-sidebar-layout":"default","site-content-layout":"","ast-site-content-layout":"","site-content-style":"default","site-sidebar-style":"default","ast-global-header-display":"","ast-banner-title-visibility":"","ast-main-header-display":"","ast-hfb-above-header-display":"","ast-hfb-below-header-display":"","ast-hfb-mobile-header-display":"","site-post-title":"","ast-breadcrumbs-content":"","ast-featured-img":"","footer-sml-layout":"","theme-transparent-header-meta":"","adv-header-id-meta":"","stick-header-meta":"","header-above-stick-meta":"","header-main-stick-meta":"","header-below-stick-meta":"","astra-migrate-meta-layouts":"default","ast-page-background-enabled":"default","ast-page-background-meta":{"desktop":{"background-color":"var(--ast-global-color-4)","background-image":"","background-repeat":"repeat","background-position":"center center","background-size":"auto","background-attachment":"scroll","background-type":"","background-media":"","overlay-type":"","overlay-color":"","overlay-opacity":"","overlay-gradient":""},"tablet":{"background-color":"","background-image":"","background-repeat":"repeat","background-position":"center center","background-size":"auto","background-attachment":"scroll","background-type":"","background-media":"","overlay-type":"","overlay-color":"","overlay-opacity":"","overlay-gradient":""},"mobile":{"background-color":"","background-image":"","background-repeat":"repeat","background-position":"center center","background-size":"auto","background-attachment":"scroll","background-type":"","background-media":"","overlay-type":"","overlay-color":"","overlay-opacity":"","overlay-gradient":""}},"ast-content-background-meta":{"desktop":{"background-color":"var(--ast-global-color-5)","background-image":"","background-repeat":"repeat","background-position":"center center","background-size":"auto","background-attachment":"scroll","background-type":"","background-media":"","overlay-type":"","overlay-color":"","overlay-opacity":"","overlay-gradient":""},"tablet":{"background-color":"var(--ast-global-color-5)","background-image":"","background-repeat":"repeat","background-position":"center center","background-size":"auto","background-attachment":"scroll","background-type":"","background-media":"","overlay-type":"","overlay-color":"","overlay-opacity":"","overlay-gradient":""},"mobile":{"background-color":"var(--ast-global-color-5)","background-image":"","background-repeat":"repeat","background-position":"center center","background-size":"auto","background-attachment":"scroll","background-type":"","background-media":"","overlay-type":"","overlay-color":"","overlay-opacity":"","overlay-gradient":""}},"footnotes":""},"categories":[64],"tags":[],"class_list":["post-3768","post","type-post","status-publish","format-standard","hentry","category-educacioinfantil"],"post_mailing_queue_ids":[],"_links":{"self":[{"href":"https:\/\/agora.xtec.cat\/escgaspardeportola\/wp-json\/wp\/v2\/posts\/3768","targetHints":{"allow":["GET"]}}],"collection":[{"href":"https:\/\/agora.xtec.cat\/escgaspardeportola\/wp-json\/wp\/v2\/posts"}],"about":[{"href":"https:\/\/agora.xtec.cat\/escgaspardeportola\/wp-json\/wp\/v2\/types\/post"}],"author":[{"embeddable":true,"href":"https:\/\/agora.xtec.cat\/escgaspardeportola\/wp-json\/wp\/v2\/users\/1"}],"replies":[{"embeddable":true,"href":"https:\/\/agora.xtec.cat\/escgaspardeportola\/wp-json\/wp\/v2\/comments?post=3768"}],"version-history":[{"count":2,"href":"https:\/\/agora.xtec.cat\/escgaspardeportola\/wp-json\/wp\/v2\/posts\/3768\/revisions"}],"predecessor-version":[{"id":3770,"href":"https:\/\/agora.xtec.cat\/escgaspardeportola\/wp-json\/wp\/v2\/posts\/3768\/revisions\/3770"}],"wp:attachment":[{"href":"https:\/\/agora.xtec.cat\/escgaspardeportola\/wp-json\/wp\/v2\/media?parent=3768"}],"wp:term":[{"taxonomy":"category","embeddable":true,"href":"https:\/\/agora.xtec.cat\/escgaspardeportola\/wp-json\/wp\/v2\/categories?post=3768"},{"taxonomy":"post_tag","embeddable":true,"href":"https:\/\/agora.xtec.cat\/escgaspardeportola\/wp-json\/wp\/v2\/tags?post=3768"}],"curies":[{"name":"wp","href":"https:\/\/api.w.org\/{rel}","templated":true}]}}