{"id":3715,"date":"2019-03-10T09:34:08","date_gmt":"2019-03-10T08:34:08","guid":{"rendered":"http:\/\/agora.xtec.cat\/escgaspardeportola\/?p=3715"},"modified":"2019-03-10T09:34:08","modified_gmt":"2019-03-10T08:34:08","slug":"diada-atletica-17-de-marc","status":"publish","type":"post","link":"https:\/\/agora.xtec.cat\/escgaspardeportola\/portada\/diada-atletica-17-de-marc\/","title":{"rendered":"Diada Atl\u00e8tica 17 de mar\u00e7!"},"content":{"rendered":"<p>Ja fa dies que us vam passar informaci\u00f3 sobre la Diada Atl\u00e8tica del diumenge 17 de mar\u00e7 a la Pla\u00e7a Mercadal de Balaguer.<\/p>\n<p><em>&#8220;L\u2019 Ajuntament de Balaguer recupera l\u2019organitzaci\u00f3, amb el Consell Esportiu de la Noguera com a coorganitzador, de la Diada Atl\u00e8tica; amb la voluntat de promocionar l&#8217;atletisme entre els m\u00e9s joves, nois i noies de totes les edats, des dels 3 fins als 16 anys, on podran participar en les diferents proves que els hi correspon per categoria.<\/em><br \/>\n<em>A m\u00e9s, l\u2019activitat assolir\u00e0 la puntuaci\u00f3 adequada per ser inclosa dins el programa d\u2019activitats del Dia Mundial de l\u2019Activitat F\u00edsica (DMAF).&#8221;<\/em><\/p>\n<p>Encara sou a temps per a realitzar la inscripci\u00f3 \u00a0fins dimecres 13 a l&#8217;escola i dijous 14 a la recepci\u00f3 de la piscina municipal de Balaguer.<\/p>\n<p>Per a m\u00e9s informaci\u00f3 i poder fer la inscripci\u00f3 online \u00a0a\u00a0<a href=\"http:\/\/www.balaguer.cat\/portal\/55\/68\/?EC=ReadArticle&amp;ArticleID=988\">http:\/\/www.balaguer.cat\/portal\/55\/68\/?EC=ReadArticle&amp;ArticleID=988<\/a><\/p>\n<p>\u00c0nims!<\/p>\n<p><img loading=\"lazy\" decoding=\"async\" class=\"wp-image-3716 aligncenter\" src=\"https:\/\/agora.xtec.cat\/escgaspardeportola\/wp-content\/uploads\/usu555\/2019\/03\/9dd40b0950a52e26c2bdd470a2a4657ccartell2019800-724x1024.jpg\" alt=\"\" width=\"503\" height=\"711\" srcset=\"https:\/\/agora.xtec.cat\/escgaspardeportola\/wp-content\/uploads\/usu555\/2019\/03\/9dd40b0950a52e26c2bdd470a2a4657ccartell2019800-724x1024.jpg 724w, https:\/\/agora.xtec.cat\/escgaspardeportola\/wp-content\/uploads\/usu555\/2019\/03\/9dd40b0950a52e26c2bdd470a2a4657ccartell2019800-212x300.jpg 212w, https:\/\/agora.xtec.cat\/escgaspardeportola\/wp-content\/uploads\/usu555\/2019\/03\/9dd40b0950a52e26c2bdd470a2a4657ccartell2019800-768x1086.jpg 768w, https:\/\/agora.xtec.cat\/escgaspardeportola\/wp-content\/uploads\/usu555\/2019\/03\/9dd40b0950a52e26c2bdd470a2a4657ccartell2019800.jpg 800w\" sizes=\"auto, (max-width: 503px) 100vw, 503px\" \/><\/p>\n","protected":false},"excerpt":{"rendered":"<p>Ja fa dies que us vam passar informaci\u00f3 sobre la Diada Atl\u00e8tica del diumenge 17 de mar\u00e7 a la Pla\u00e7a Mercadal de Balaguer. &#8220;L\u2019 Ajuntament de Balaguer recupera l\u2019organitzaci\u00f3, amb el Consell Esportiu de la Noguera com a coorganitzador, de la Diada Atl\u00e8tica; amb la voluntat de promocionar l&#8217;atletisme entre els m\u00e9s joves, nois i [&hellip;]<\/p>\n","protected":false},"author":1,"featured_media":0,"comment_status":"closed","ping_status":"closed","sticky":false,"template":"","format":"standard","meta":{"_bbp_topic_count":0,"_bbp_reply_count":0,"_bbp_total_topic_count":0,"_bbp_total_reply_count":0,"_bbp_voice_count":0,"_bbp_anonymous_reply_count":0,"_bbp_topic_count_hidden":0,"_bbp_reply_count_hidden":0,"_bbp_forum_subforum_count":0,"site-sidebar-layout":"default","site-content-layout":"","ast-site-content-layout":"","site-content-style":"default","site-sidebar-style":"default","ast-global-header-display":"","ast-banner-title-visibility":"","ast-main-header-display":"","ast-hfb-above-header-display":"","ast-hfb-below-header-display":"","ast-hfb-mobile-header-display":"","site-post-title":"","ast-breadcrumbs-content":"","ast-featured-img":"","footer-sml-layout":"","theme-transparent-header-meta":"","adv-header-id-meta":"","stick-header-meta":"","header-above-stick-meta":"","header-main-stick-meta":"","header-below-stick-meta":"","astra-migrate-meta-layouts":"default","ast-page-background-enabled":"default","ast-page-background-meta":{"desktop":{"background-color":"var(--ast-global-color-4)","background-image":"","background-repeat":"repeat","background-position":"center center","background-size":"auto","background-attachment":"scroll","background-type":"","background-media":"","overlay-type":"","overlay-color":"","overlay-opacity":"","overlay-gradient":""},"tablet":{"background-color":"","background-image":"","background-repeat":"repeat","background-position":"center center","background-size":"auto","background-attachment":"scroll","background-type":"","background-media":"","overlay-type":"","overlay-color":"","overlay-opacity":"","overlay-gradient":""},"mobile":{"background-color":"","background-image":"","background-repeat":"repeat","background-position":"center center","background-size":"auto","background-attachment":"scroll","background-type":"","background-media":"","overlay-type":"","overlay-color":"","overlay-opacity":"","overlay-gradient":""}},"ast-content-background-meta":{"desktop":{"background-color":"var(--ast-global-color-5)","background-image":"","background-repeat":"repeat","background-position":"center center","background-size":"auto","background-attachment":"scroll","background-type":"","background-media":"","overlay-type":"","overlay-color":"","overlay-opacity":"","overlay-gradient":""},"tablet":{"background-color":"var(--ast-global-color-5)","background-image":"","background-repeat":"repeat","background-position":"center center","background-size":"auto","background-attachment":"scroll","background-type":"","background-media":"","overlay-type":"","overlay-color":"","overlay-opacity":"","overlay-gradient":""},"mobile":{"background-color":"var(--ast-global-color-5)","background-image":"","background-repeat":"repeat","background-position":"center center","background-size":"auto","background-attachment":"scroll","background-type":"","background-media":"","overlay-type":"","overlay-color":"","overlay-opacity":"","overlay-gradient":""}},"footnotes":""},"categories":[4],"tags":[288,306],"class_list":["post-3715","post","type-post","status-publish","format-standard","hentry","category-portada","tag-288","tag-diada-atletica"],"post_mailing_queue_ids":[],"_links":{"self":[{"href":"https:\/\/agora.xtec.cat\/escgaspardeportola\/wp-json\/wp\/v2\/posts\/3715","targetHints":{"allow":["GET"]}}],"collection":[{"href":"https:\/\/agora.xtec.cat\/escgaspardeportola\/wp-json\/wp\/v2\/posts"}],"about":[{"href":"https:\/\/agora.xtec.cat\/escgaspardeportola\/wp-json\/wp\/v2\/types\/post"}],"author":[{"embeddable":true,"href":"https:\/\/agora.xtec.cat\/escgaspardeportola\/wp-json\/wp\/v2\/users\/1"}],"replies":[{"embeddable":true,"href":"https:\/\/agora.xtec.cat\/escgaspardeportola\/wp-json\/wp\/v2\/comments?post=3715"}],"version-history":[{"count":1,"href":"https:\/\/agora.xtec.cat\/escgaspardeportola\/wp-json\/wp\/v2\/posts\/3715\/revisions"}],"predecessor-version":[{"id":3717,"href":"https:\/\/agora.xtec.cat\/escgaspardeportola\/wp-json\/wp\/v2\/posts\/3715\/revisions\/3717"}],"wp:attachment":[{"href":"https:\/\/agora.xtec.cat\/escgaspardeportola\/wp-json\/wp\/v2\/media?parent=3715"}],"wp:term":[{"taxonomy":"category","embeddable":true,"href":"https:\/\/agora.xtec.cat\/escgaspardeportola\/wp-json\/wp\/v2\/categories?post=3715"},{"taxonomy":"post_tag","embeddable":true,"href":"https:\/\/agora.xtec.cat\/escgaspardeportola\/wp-json\/wp\/v2\/tags?post=3715"}],"curies":[{"name":"wp","href":"https:\/\/api.w.org\/{rel}","templated":true}]}}