{"id":3698,"date":"2019-03-03T22:36:53","date_gmt":"2019-03-03T21:36:53","guid":{"rendered":"http:\/\/agora.xtec.cat\/escgaspardeportola\/?p=3698"},"modified":"2019-03-03T22:36:53","modified_gmt":"2019-03-03T21:36:53","slug":"1r-premi-carrossa-lego-gaspar","status":"publish","type":"post","link":"https:\/\/agora.xtec.cat\/escgaspardeportola\/portada\/1r-premi-carrossa-lego-gaspar\/","title":{"rendered":"1r premi Carrossa&#8230; LEGO GASPAR!"},"content":{"rendered":"<p>Contents i emocionats, aix\u00ed \u00e9s com ens hem sentit aquest mat\u00ed despr\u00e9s d\u2019obtenir el primer premi a la millor carrossa del Carnestoltes 2019 a Balaguer.<\/p>\n<p>Les reunions al tard, les trobades a les tardes, el taller per a les fam\u00edlies, l\u2019esprint \u00a0de divendres i la prova final de dissabte per a muntar la carrossa, ha valgut la pena.<\/p>\n<p>Agrair a tots els que heu ficat el vostre gra de sorra, als que heu passat al davant i als que heu seguit recolzant la tasca. A tots els que avui ens heu acompanyat a la rua, estigu\u00e9ssiu o no disfressats de LEGO. Perqu\u00e8 tots junts hem fet que la rua i la carrossa de GASPAR llueixi per totes bandes.<\/p>\n<p>FELICITATS I GR\u00c0CIES!<\/p>\n<p>JUNTA AMPA GASPAR DE PORTOL\u00c0<\/p>\n<p>Feu clic per a veure m\u00e9s fotografies<\/p>\n<p><a href=\"https:\/\/photos.google.com\/u\/3\/share\/AF1QipN8w1ooGZRHLLi5kSGB4pANoThxs01fCF31nVeXpO0FR8qlEyZAlMUHvUmPaJb2GA?key=QmRKZzRmU04tUEM3UTZPMmc2X2UxRUZadmx6a053\"><img loading=\"lazy\" decoding=\"async\" class=\"alignnone size-large\" src=\"https:\/\/lh3.googleusercontent.com\/B6Z2P4LJxj1ZFlmYpyrI6gZdJqjLfJf_iZmXh_PlrZ5CGQdGn8HvRmhgddCL57tHNv7RII9yR-STsuz-jf35jBCSKXMi1NxVpbNuulGfOjys_yqltS5JF0EZhp5wp2kLzoyB-BMICKFvwpbJ0oNOftGs1bULXTPjPrxvQBL4YALatHY-9Z7WNYQVvQx9qxXXuuKeKf8eXVq1NAYjILZFsM4lh9NZNJBDLnppFtNxri8ehugZ09rRJn04a6VaMD0HjtcoMwWxiPnTVfBpwqgj8BgeIqnLmttlX0H9nv81lgn4BLNhag_ziGDdH282YlAUrJuWtns6FGQ6r9ztoYQchJmxEbgn7JLHXwMEKS22zUERgI6J_xuoh4rrW7A3rWSwTg9EhWBRRaDxTx4PiTOcyJUQJECzq_hpDaIMbw4HaA-2z_GwgR54rryEpuKyrtJaeIUaRAaD84X395NxNAU7Lh_D1EW5c9sIJVJlPATC727ee-HM_MHjyxYM8MwAUwpE6tZTzRgFV6jfIf7AhKnK_VYKJxMde7cFbKeZfXEwvXQdZuZysNFU_pYLJJGG-XVS5peVEGphq1Qi2XT_S0Je2qLq8IxcjACS1hZRcZeLVINsfQ66mW2YxjW6HiDZayLDki69dR4gM5gP9rDRnZq32qwPY721jU-9-Zp_dzgDOzJfUc-UeE2P6j3G7LF8zUZvDHEL4ARz5dyAfd-ekBG54AF-=w1116-h837-no\" width=\"1116\" height=\"837\" \/><\/a><\/p>\n<p>&nbsp;<\/p>\n","protected":false},"excerpt":{"rendered":"<p>Contents i emocionats, aix\u00ed \u00e9s com ens hem sentit aquest mat\u00ed despr\u00e9s d\u2019obtenir el primer premi a la millor carrossa del Carnestoltes 2019 a Balaguer. Les reunions al tard, les trobades a les tardes, el taller per a les fam\u00edlies, l\u2019esprint \u00a0de divendres i la prova final de dissabte per a muntar la carrossa, ha [&hellip;]<\/p>\n","protected":false},"author":1,"featured_media":0,"comment_status":"closed","ping_status":"closed","sticky":false,"template":"","format":"standard","meta":{"_bbp_topic_count":0,"_bbp_reply_count":0,"_bbp_total_topic_count":0,"_bbp_total_reply_count":0,"_bbp_voice_count":0,"_bbp_anonymous_reply_count":0,"_bbp_topic_count_hidden":0,"_bbp_reply_count_hidden":0,"_bbp_forum_subforum_count":0,"site-sidebar-layout":"default","site-content-layout":"","ast-site-content-layout":"","site-content-style":"default","site-sidebar-style":"default","ast-global-header-display":"","ast-banner-title-visibility":"","ast-main-header-display":"","ast-hfb-above-header-display":"","ast-hfb-below-header-display":"","ast-hfb-mobile-header-display":"","site-post-title":"","ast-breadcrumbs-content":"","ast-featured-img":"","footer-sml-layout":"","theme-transparent-header-meta":"","adv-header-id-meta":"","stick-header-meta":"","header-above-stick-meta":"","header-main-stick-meta":"","header-below-stick-meta":"","astra-migrate-meta-layouts":"default","ast-page-background-enabled":"default","ast-page-background-meta":{"desktop":{"background-color":"var(--ast-global-color-4)","background-image":"","background-repeat":"repeat","background-position":"center center","background-size":"auto","background-attachment":"scroll","background-type":"","background-media":"","overlay-type":"","overlay-color":"","overlay-opacity":"","overlay-gradient":""},"tablet":{"background-color":"","background-image":"","background-repeat":"repeat","background-position":"center center","background-size":"auto","background-attachment":"scroll","background-type":"","background-media":"","overlay-type":"","overlay-color":"","overlay-opacity":"","overlay-gradient":""},"mobile":{"background-color":"","background-image":"","background-repeat":"repeat","background-position":"center center","background-size":"auto","background-attachment":"scroll","background-type":"","background-media":"","overlay-type":"","overlay-color":"","overlay-opacity":"","overlay-gradient":""}},"ast-content-background-meta":{"desktop":{"background-color":"var(--ast-global-color-5)","background-image":"","background-repeat":"repeat","background-position":"center center","background-size":"auto","background-attachment":"scroll","background-type":"","background-media":"","overlay-type":"","overlay-color":"","overlay-opacity":"","overlay-gradient":""},"tablet":{"background-color":"var(--ast-global-color-5)","background-image":"","background-repeat":"repeat","background-position":"center center","background-size":"auto","background-attachment":"scroll","background-type":"","background-media":"","overlay-type":"","overlay-color":"","overlay-opacity":"","overlay-gradient":""},"mobile":{"background-color":"var(--ast-global-color-5)","background-image":"","background-repeat":"repeat","background-position":"center center","background-size":"auto","background-attachment":"scroll","background-type":"","background-media":"","overlay-type":"","overlay-color":"","overlay-opacity":"","overlay-gradient":""}},"footnotes":""},"categories":[266,4],"tags":[122,203,304],"class_list":["post-3698","post","type-post","status-publish","format-standard","hentry","category-afa","category-portada","tag-ampa","tag-carnestoltes","tag-premi"],"post_mailing_queue_ids":[],"_links":{"self":[{"href":"https:\/\/agora.xtec.cat\/escgaspardeportola\/wp-json\/wp\/v2\/posts\/3698","targetHints":{"allow":["GET"]}}],"collection":[{"href":"https:\/\/agora.xtec.cat\/escgaspardeportola\/wp-json\/wp\/v2\/posts"}],"about":[{"href":"https:\/\/agora.xtec.cat\/escgaspardeportola\/wp-json\/wp\/v2\/types\/post"}],"author":[{"embeddable":true,"href":"https:\/\/agora.xtec.cat\/escgaspardeportola\/wp-json\/wp\/v2\/users\/1"}],"replies":[{"embeddable":true,"href":"https:\/\/agora.xtec.cat\/escgaspardeportola\/wp-json\/wp\/v2\/comments?post=3698"}],"version-history":[{"count":1,"href":"https:\/\/agora.xtec.cat\/escgaspardeportola\/wp-json\/wp\/v2\/posts\/3698\/revisions"}],"predecessor-version":[{"id":3699,"href":"https:\/\/agora.xtec.cat\/escgaspardeportola\/wp-json\/wp\/v2\/posts\/3698\/revisions\/3699"}],"wp:attachment":[{"href":"https:\/\/agora.xtec.cat\/escgaspardeportola\/wp-json\/wp\/v2\/media?parent=3698"}],"wp:term":[{"taxonomy":"category","embeddable":true,"href":"https:\/\/agora.xtec.cat\/escgaspardeportola\/wp-json\/wp\/v2\/categories?post=3698"},{"taxonomy":"post_tag","embeddable":true,"href":"https:\/\/agora.xtec.cat\/escgaspardeportola\/wp-json\/wp\/v2\/tags?post=3698"}],"curies":[{"name":"wp","href":"https:\/\/api.w.org\/{rel}","templated":true}]}}